{"id":99,"date":"2007-05-11T07:52:34","date_gmt":"2007-05-11T05:52:34","guid":{"rendered":"https:\/\/www.edder.org\/?p=99"},"modified":"2018-07-27T16:38:30","modified_gmt":"2018-07-27T14:38:30","slug":"dos-cartas-desde-la-fe","status":"publish","type":"post","link":"https:\/\/www.edder.org\/?p=99","title":{"rendered":"Dos cartas desde la fe"},"content":{"rendered":"<p>Ahora que el autor de las <em>Cartas desde la fe<\/em> vuelve a dar de qu&eacute; hablar, quisiera decir algo sobre Manuel de Irujo. Qu&eacute; duda cabe de que era un hombre de acci&oacute;n. Y de fe. Por si alguien lo duda, transcribo aqu&iacute; dos de sus cartas desde &mdash;precisamente&mdash; la fe. La primera, fechada en Par&iacute;s, el 25 de septiembre de 1946, va dirigida al republicano David Jaime (dig&aacute;moslo as&iacute;, presidente de la Diputaci&oacute;n en el exilio &mdash;excuso decirlo, no hay retrato ni memoria suya en el Palacio de Navarra&mdash;). Irujo dice en ella: <em>Amigo Jaime: Le incluyo a Vd. la relaci&oacute;n nominal de fusilados de Nabarra. <div class=\"fusion-fullwidth fullwidth-box fusion-builder-row-1 hundred-percent-fullwidth non-hundred-percent-height-scrolling\" style=\"--awb-border-radius-top-left:0px;--awb-border-radius-top-right:0px;--awb-border-radius-bottom-right:0px;--awb-border-radius-bottom-left:0px;--awb-overflow:visible;--awb-flex-wrap:wrap;\" ><div class=\"fusion-builder-row fusion-row\"><div class=\"fusion-layout-column fusion_builder_column fusion-builder-column-0 fusion_builder_column_1_1 1_1 fusion-one-full fusion-column-first fusion-column-last fusion-column-no-min-height\" style=\"--awb-bg-size:cover;--awb-margin-bottom:0px;\"><div class=\"fusion-column-wrapper fusion-flex-column-wrapper-legacy\">[&hellip;] Me aseguran que la &uacute;nica persona que cuenta con una lista completa de fusilados es el Obispo. La ha confeccionado con los datos que le dieron los P&aacute;rrocos y la guarda en su caja fuerte. [&hellip;] Se ha asegurado que en Nabarra se mataron 15.000 hombres. La cifra parece exagerada. La estimaci&oacute;n que hoy tengo [&hellip;] permite reducir la cifra a unos 3.000. [&hellip;] celebrar&iacute;a mucho que no fueran 15.000, sino 3.000 los asesinados, y ya son bastantes. Un abrazo, Irujo<\/em>. En la segunda carta, de 4 de octubre del mismo a&ntilde;o, dice al mismo destinatario: <em>Estoy conforme con las apreciaciones de Vd. en relaci&oacute;n con la lista de fusilados; lo que trato de hacer es rectificarla y completarla todo lo posible. Creo haberle dicho que quien tiene la lista es el Sr. Obispo de Pamplona. Trato de sac&aacute;rsela; veremos si logro lo que me propongo<\/em>. Evidentemente, ni Irujo ni nadie, ni entonces ni despu&eacute;s, logr&oacute; sacarle la lista al obispo. Ni a aquel obispo ni a ning&uacute;n otro posterior. Pero, &iquest;queda duda de que Irujo, Jaime y tantos otros que murieron en el exilio, eran de los creen que la fe &mdash;la fe en un ideal justo&mdash; mueve monta&ntilde;as? No est&aacute; de m&aacute;s recordarlo ahora que el autor de las <em>Cartas desde la fe<\/em> ha aludido cordialmente a otro tipo de fe: la fe mesi&aacute;nica de los que, implacable, despiadadamente, hicieron real el horror insondable de aquella lista. Aquella de la que nadie dio cuenta ni raz&oacute;n, y menos alguien que llevase, solemnemente, una mitra.<\/p>\n<div align=\"right\">Publicado en <a href=\"http:\/\/www.noticiasdenavarra.com\/ediciones\/2007\/05\/11\/opinion\/contra.php\" target=\"blank\">Diario de Noticias<\/a><img class=\"lazyload\" decoding=\"async\" align=\"right\" alt=\"dn\" src=\"data:image\/gif;base64,R0lGODlhAQABAAAAACH5BAEKAAEALAAAAAABAAEAAAICTAEAOw==\" data-orig-src=\"https:\/\/www.edder.org\/images\/dn.gif\" title=\"dn\" \/><\/div>\n<div class=\"fusion-clearfix\"><\/div><\/div><\/div><\/div><\/div><\/p>\n","protected":false},"excerpt":{"rendered":"<p>Ahora que el autor de las Cartas desde la fe vuelve a dar de qu&eacute; hablar, quisiera decir algo sobre Manuel de Irujo. Qu&eacute; duda cabe de que era un hombre de acci&oacute;n. Y de fe. Por si alguien lo duda, transcribo aqu&iacute; dos de sus cartas desde &mdash;precisamente&mdash; la fe. La primera, fechada en Par&iacute;s, el 25 de septiembre de 1946, va dirigida al republicano David Jaime (dig&aacute;moslo as&iacute;, presidente de la Diputaci&oacute;n en el exilio &mdash;excuso decirlo, no hay retrato ni memoria suya en el Palacio de Navarra&mdash;). Irujo dice en ella: Amigo Jaime: Le incluyo a Vd. la relaci&oacute;n nominal de fusilados de Nabarra.<\/p>\n","protected":false},"author":82,"featured_media":0,"comment_status":"open","ping_status":"open","sticky":false,"template":"","format":"standard","meta":{"jetpack_post_was_ever_published":false,"_jetpack_newsletter_access":"","_jetpack_dont_email_post_to_subs":false,"_jetpack_newsletter_tier_id":0,"_jetpack_memberships_contains_paywalled_content":false,"_jetpack_memberships_contains_paid_content":false,"footnotes":"","jetpack_publicize_message":"","jetpack_publicize_feature_enabled":true,"jetpack_social_post_already_shared":false,"jetpack_social_options":{"image_generator_settings":{"template":"highway","default_image_id":0,"font":"","enabled":false},"version":2}},"categories":[3],"tags":[],"class_list":["post-99","post","type-post","status-publish","format-standard","hentry","category-na"],"jetpack_publicize_connections":[],"jetpack_featured_media_url":"","jetpack_shortlink":"https:\/\/wp.me\/p6kHv-1B","jetpack_sharing_enabled":true,"jetpack-related-posts":[{"id":1511,"url":"https:\/\/www.edder.org\/?p=1511","url_meta":{"origin":99,"position":0},"title":"Dios por el noroeste (de Francia)","author":"Eder","date":"s\u00e1bado, 26 Feb, 2011","format":false,"excerpt":"\u00a0 Al noroeste de Francia, m\u00e1s all\u00e1 del Pa\u00eds de Maupassant, est\u00e1 la regi\u00f3n del Norte-Paso de Calais. De all\u00ed vienen directores de cine habitualmente tan desesperanzados como Xavier Beauvois \u2013en nuestra cartelera con una pel\u00edcula m\u00e1s esperanzada que de costumbre\u2013 y Bruno Dumont. La \u00faltima pel\u00edcula de Dumont \u2013director\u2026","rel":"","context":"En \u00abCine\u00bb","block_context":{"text":"Cine","link":"https:\/\/www.edder.org\/?cat=79"},"img":{"alt_text":"","src":"https:\/\/i0.wp.com\/www.edder.org\/upload\/2011\/02\/19476857.jpg?resize=350%2C200&ssl=1","width":350,"height":200,"srcset":"https:\/\/i0.wp.com\/www.edder.org\/upload\/2011\/02\/19476857.jpg?resize=350%2C200&ssl=1 1x, https:\/\/i0.wp.com\/www.edder.org\/upload\/2011\/02\/19476857.jpg?resize=525%2C300&ssl=1 1.5x"},"classes":[]},{"id":1082,"url":"https:\/\/www.edder.org\/?p=1082","url_meta":{"origin":99,"position":1},"title":"Estella en la vida de Luis Quintanilla","author":"Eder","date":"viernes, 17 Sep, 2010","format":false,"excerpt":"Woody Allen en la puerta del Bleecker Cinema St. En el 110 de la calle Bleecker de Nueva York est\u00e1 el edificio donde De Niro y De Palma rodaron \u00a1Hola mam\u00e1!, su primera pel\u00edcula juntos. Al pie de ese edificio construido por L.I. Pei en los 60 yace una desmesurada\u2026","rel":"","context":"En \u00abArtes\u00bb","block_context":{"text":"Artes","link":"https:\/\/www.edder.org\/?cat=85"},"img":{"alt_text":"","src":"https:\/\/i0.wp.com\/edder.org\/images\/allen.jpg?resize=350%2C200","width":350,"height":200,"srcset":"https:\/\/i0.wp.com\/edder.org\/images\/allen.jpg?resize=350%2C200 1x, https:\/\/i0.wp.com\/edder.org\/images\/allen.jpg?resize=525%2C300 1.5x"},"classes":[]},{"id":3832,"url":"https:\/\/www.edder.org\/?p=3832","url_meta":{"origin":99,"position":2},"title":"Asaltar los cielos (por M. V\u00e1zquez Montalb\u00e1n)","author":"Eder","date":"domingo, 16 Nov, 2014","format":false,"excerpt":"","rel":"","context":"En \u00abLetras\u00bb","block_context":{"text":"Letras","link":"https:\/\/www.edder.org\/?cat=93"},"img":{"alt_text":"","src":"https:\/\/i0.wp.com\/www.edder.org\/upload\/2014\/11\/montalban.jpg?resize=350%2C200&ssl=1","width":350,"height":200},"classes":[]},{"id":41745,"url":"https:\/\/www.edder.org\/?p=41745","url_meta":{"origin":99,"position":3},"title":"La dinamita, que mueve monta\u00f1as","author":"Eder","date":"mi\u00e9rcoles, 14 Jun, 2023","format":false,"excerpt":"","rel":"","context":"En \u00abCine\u00bb","block_context":{"text":"Cine","link":"https:\/\/www.edder.org\/?cat=79"},"img":{"alt_text":"","src":"https:\/\/i0.wp.com\/www.edder.org\/upload\/2023\/06\/Screenshot-2023-06-14-at-20.43.56.png?resize=350%2C200&ssl=1","width":350,"height":200,"srcset":"https:\/\/i0.wp.com\/www.edder.org\/upload\/2023\/06\/Screenshot-2023-06-14-at-20.43.56.png?resize=350%2C200&ssl=1 1x, https:\/\/i0.wp.com\/www.edder.org\/upload\/2023\/06\/Screenshot-2023-06-14-at-20.43.56.png?resize=525%2C300&ssl=1 1.5x, https:\/\/i0.wp.com\/www.edder.org\/upload\/2023\/06\/Screenshot-2023-06-14-at-20.43.56.png?resize=700%2C400&ssl=1 2x"},"classes":[]},{"id":2165,"url":"https:\/\/www.edder.org\/?p=2165","url_meta":{"origin":99,"position":4},"title":"Camino de Santa Fe","author":"Eder","date":"martes, 25 Oct, 2011","format":false,"excerpt":"","rel":"","context":"En \u00abM\u00fasica\u00bb","block_context":{"text":"M\u00fasica","link":"https:\/\/www.edder.org\/?cat=87"},"img":{"alt_text":"","src":"","width":0,"height":0},"classes":[]},{"id":12980,"url":"https:\/\/www.edder.org\/?p=12980","url_meta":{"origin":99,"position":5},"title":"Renoir, el viento, cartas de Am\u00e9rica","author":"Eder","date":"jueves, 2 Jun, 2016","format":false,"excerpt":"Lleg\u00f3 el nuevo viento y con \u00e9l la primavera. Los alegres ritos de siempre que representan las tentaciones humanas. Los hind\u00faes celebran la llegada de la nueva estaci\u00f3n. \u00a0","rel":"","context":"En \u00abCine\u00bb","block_context":{"text":"Cine","link":"https:\/\/www.edder.org\/?cat=79"},"img":{"alt_text":"","src":"https:\/\/i0.wp.com\/www.edder.org\/upload\/2016\/06\/river.jpg?resize=350%2C200&ssl=1","width":350,"height":200},"classes":[]}],"jetpack_likes_enabled":true,"_links":{"self":[{"href":"https:\/\/www.edder.org\/index.php?rest_route=\/wp\/v2\/posts\/99","targetHints":{"allow":["GET"]}}],"collection":[{"href":"https:\/\/www.edder.org\/index.php?rest_route=\/wp\/v2\/posts"}],"about":[{"href":"https:\/\/www.edder.org\/index.php?rest_route=\/wp\/v2\/types\/post"}],"author":[{"embeddable":true,"href":"https:\/\/www.edder.org\/index.php?rest_route=\/wp\/v2\/users\/82"}],"replies":[{"embeddable":true,"href":"https:\/\/www.edder.org\/index.php?rest_route=%2Fwp%2Fv2%2Fcomments&post=99"}],"version-history":[{"count":0,"href":"https:\/\/www.edder.org\/index.php?rest_route=\/wp\/v2\/posts\/99\/revisions"}],"wp:attachment":[{"href":"https:\/\/www.edder.org\/index.php?rest_route=%2Fwp%2Fv2%2Fmedia&parent=99"}],"wp:term":[{"taxonomy":"category","embeddable":true,"href":"https:\/\/www.edder.org\/index.php?rest_route=%2Fwp%2Fv2%2Fcategories&post=99"},{"taxonomy":"post_tag","embeddable":true,"href":"https:\/\/www.edder.org\/index.php?rest_route=%2Fwp%2Fv2%2Ftags&post=99"}],"curies":[{"name":"wp","href":"https:\/\/api.w.org\/{rel}","templated":true}]}}