{"id":98,"date":"2007-05-04T16:16:48","date_gmt":"2007-05-04T14:16:48","guid":{"rendered":"https:\/\/www.edder.org\/?p=98"},"modified":"2018-07-27T16:38:31","modified_gmt":"2018-07-27T14:38:31","slug":"haciendo-historia-o-no","status":"publish","type":"post","link":"https:\/\/www.edder.org\/?p=98","title":{"rendered":"Haciendo Historia (o no)"},"content":{"rendered":"<p>Pues nada: que si a esta hora hemos hecho Historia, divinamente, en el Olimpo; y si no, otro siglo ser\u00e1 \u2013no preocuparse: la Historia es larga\u2013. Por mi parte, no tendr\u00eda mucho m\u00e1s que declarar. Ya le dije a quien me pidi\u00f3 que escribiera hoy \u2013ayer\u2013 de Osasuna que de filosof\u00eda, ni idea. Y menos de ontolog\u00eda. <em>F\u00farbol ser f\u00farbol<\/em> como <em>Navarra ser Navarra<\/em> y como <em>del Burgo ser del Burgo<\/em>. Todo eso es as\u00ed de tautol\u00f3gico, o de ontol\u00f3gico, que dir\u00eda el comisario Arbeloa, el fil\u00f3sofo del <em>Reich-no<\/em>. Con Sancho el Fuerte hicimos Historia por Andaluc\u00eda \u2013mejor dicho, leyenda\u2013 hace no s\u00e9 cu\u00e1ntos siglos y a lo mejor a esta hora ya nos hemos marcado por all\u00e1 otra gesta hist\u00f3rica. No s\u00f3lo de pan vive el hombre, como bien dijo el fil\u00f3sofo \u2013en este caso, no s\u00e9 cu\u00e1l\u2013; tambi\u00e9n vive de milagros \u2013adem\u00e1s de vivir de milagro\u2013. Milagros, mitos, leyendas\u2026 En una palabra: sue\u00f1os \u2013esperanzas\u2013. \u00bfHubo ayer, jueves, milagro? \u00bfEstamos en el Olimpo? A ver. Yo, el martes, estuve en Vitoria, en el Artium. Recomiendo la visita a todo mortal que quiera desenga\u00f1arse de lo bien que est\u00e1, para una ciudad as\u00ed, un museo de arte contempor\u00e1neo. Estar\u00e1 bien un museo pero no porque s\u00ed ni sin pensarlo antes. En un sala echaban un v\u00eddeo en el que se ve\u00eda todo el rato algo as\u00ed como el grader\u00edo sur. Impresionante, hom\u00e9rico. Ganas daban de bajarse al <em>Reich-no<\/em> de Navarra, aun no sabiendo nada de filosof\u00eda. Lo que pasa es te bajas al <em>Reich-no<\/em> y lo mismo te encuentras con Hegel, que es el que dijo que el ansia de reconocimiento es lo que mueve a todos los hombres, incluidos los que van al f\u00fatbol. A todos los hombres y a mujeres como Barcina o Garc\u00eda Malo, perejil de todas las salsas hasta en el <em>Reich-no de Navarra<\/em>, aunque de filosof\u00eda sabr\u00e1n lo que yo. Si hoy, viernes, estamos en el Olimpo, all\u00e1 estar\u00e1n ellas, saludando a la afici\u00f3n desde el carro de los vencedores. Visto por ese lado, si hoy no hemos hecho Historia, no me importa.<\/p>\n<div align=\"right\">Publicado en <a target=\"blank\" href=\"http:\/\/www.noticiasdenavarra.com\/ediciones\/2007\/05\/04\/opinion\/contra.php\">Diario de Noticias<\/a><img class=\"lazyload\" decoding=\"async\" align=\"right\" title=\"dn\" alt=\"dn\" src=\"data:image\/gif;base64,R0lGODlhAQABAAAAACH5BAEKAAEALAAAAAABAAEAAAICTAEAOw==\" data-orig-src=\"https:\/\/www.edder.org\/images\/dn.gif\" \/><\/div>\n","protected":false},"excerpt":{"rendered":"<p>Pues nada: que si a esta hora hemos hecho Historia, divinamente, en el Olimpo; y si no, otro siglo ser\u00e1 \u2013no preocuparse: la Historia es larga\u2013. Por mi parte, no tendr\u00eda mucho m\u00e1s que declarar. Ya le dije a quien me pidi\u00f3 que escribiera hoy \u2013ayer\u2013 de Osasuna que de filosof\u00eda, ni idea. Y menos de ontolog\u00eda. F\u00farbol ser f\u00farbol como Navarra ser Navarra y como del Burgo ser del Burgo. Todo eso es as\u00ed de tautol\u00f3gico, o de ontol\u00f3gico, que dir\u00eda el comisario Arbeloa, el fil\u00f3sofo del Reich-no. Con Sancho el Fuerte hicimos Historia por Andaluc\u00eda \u2013mejor dicho, leyenda\u2013 hace no s\u00e9 cu\u00e1ntos siglos y a lo mejor a esta hora ya nos hemos marcado por all\u00e1 otra gesta hist\u00f3rica. No s\u00f3lo de pan vive el  [&#8230;]<\/p>\n","protected":false},"author":82,"featured_media":0,"comment_status":"open","ping_status":"open","sticky":false,"template":"","format":"standard","meta":{"jetpack_post_was_ever_published":false,"_jetpack_newsletter_access":"","_jetpack_dont_email_post_to_subs":false,"_jetpack_newsletter_tier_id":0,"_jetpack_memberships_contains_paywalled_content":false,"_jetpack_memberships_contains_paid_content":false,"footnotes":"","jetpack_publicize_message":"","jetpack_publicize_feature_enabled":true,"jetpack_social_post_already_shared":false,"jetpack_social_options":{"image_generator_settings":{"template":"highway","default_image_id":0,"font":"","enabled":false},"version":2}},"categories":[3],"tags":[],"class_list":["post-98","post","type-post","status-publish","format-standard","hentry","category-na"],"jetpack_publicize_connections":[],"jetpack_featured_media_url":"","jetpack_shortlink":"https:\/\/wp.me\/p6kHv-1A","jetpack_sharing_enabled":true,"jetpack-related-posts":[{"id":95,"url":"https:\/\/www.edder.org\/?p=95","url_meta":{"origin":98,"position":0},"title":"Pr\u00f3logo y ep\u00edlogo","author":"Eder","date":"viernes, 13 Abr, 2007","format":false,"excerpt":"Gran ambiente: Mariano Rajoy, el prologuista del pr\u00f3ximo libro de saldo de del Burgo, en Pamplona. Es lo que hay: del Burgo no se rinde en su tenaz y fallido intento de escribir alg\u00fan d\u00eda un best-seller. La realidad, tozuda como ella sola, va enviando las ediciones de sus libros,\u2026","rel":"","context":"En \u00abNA\u00bb","block_context":{"text":"NA","link":"https:\/\/www.edder.org\/?cat=3"},"img":{"alt_text":"","src":"","width":0,"height":0},"classes":[]},{"id":101,"url":"https:\/\/www.edder.org\/?p=101","url_meta":{"origin":98,"position":1},"title":"La foto del mill\u00f3n","author":"Eder","date":"viernes, 25 May, 2007","format":false,"excerpt":"A esta hora \u2013ya tard\u00eda\u2013 en que escribo no veo a Miguel Sanz en el debate de los candidatos a la presidencia del Gobierno que discurre en el televisor. No habr\u00e1 querido rebajarse a contrastar sus ideas con las de cualquiera. A esta hora en que escribo, se masca la\u2026","rel":"","context":"En \u00abNA\u00bb","block_context":{"text":"NA","link":"https:\/\/www.edder.org\/?cat=3"},"img":{"alt_text":"","src":"","width":0,"height":0},"classes":[]},{"id":199,"url":"https:\/\/www.edder.org\/?p=199","url_meta":{"origin":98,"position":2},"title":"Cosas de familia","author":"Eder","date":"viernes, 7 Nov, 2008","format":false,"excerpt":"La disputa en el seno de la derecha navarra\u2026 Pero vayamos por partes. Digo disputa porque cuanto hay de momento es eso: una disputa familiar, todo lo subida de tono que se quiera, pero nada m\u00e1s. Digo en el seno de la derecha navarra y no en el seno de\u2026","rel":"","context":"En \u00abNA\u00bb","block_context":{"text":"NA","link":"https:\/\/www.edder.org\/?cat=3"},"img":{"alt_text":"","src":"","width":0,"height":0},"classes":[]},{"id":485,"url":"https:\/\/www.edder.org\/?p=485","url_meta":{"origin":98,"position":3},"title":"Los Rodezno y su esp\u00edritu","author":"Eder","date":"viernes, 9 Oct, 2009","format":false,"excerpt":"Me hab\u00eda prometido no hablar en este curso m\u00e1s que de condados como el de Faulkner. Tambi\u00e9n pensaba hablar \u2013otro a\u00f1o ser\u00e1\u2013 de aquella pel\u00edcula en la que Burt Lancaster va de piscina en piscina: \u201c\u00a1Hoy es el d\u00eda en que Ned Merril atraviesa a nado el condado!\u201d. Pero pese\u2026","rel":"","context":"En \u00abNA\u00bb","block_context":{"text":"NA","link":"https:\/\/www.edder.org\/?cat=3"},"img":{"alt_text":"","src":"","width":0,"height":0},"classes":[]},{"id":194,"url":"https:\/\/www.edder.org\/?p=194","url_meta":{"origin":98,"position":4},"title":"Tel\u00f3n","author":"Eder","date":"jueves, 23 Oct, 2008","format":false,"excerpt":"Se acab\u00f3 lo que se representaba, fuese sainete, astracanada o esperpento. Cervera, parodiando a aquel personaje tan digno del soneto cervantino, voto en conciencia \u2013tal como estaba escrito en su papel\u2013, mir\u00f3 al soslayo, recibi\u00f3 las parabienes de los diputados del PP y no hubo m\u00e1s. Tel\u00f3n. Flotando en el\u2026","rel":"","context":"En \u00abNA\u00bb","block_context":{"text":"NA","link":"https:\/\/www.edder.org\/?cat=3"},"img":{"alt_text":"","src":"","width":0,"height":0},"classes":[]},{"id":54,"url":"https:\/\/www.edder.org\/?p=54","url_meta":{"origin":98,"position":5},"title":"Erre que erre","author":"Eder","date":"viernes, 28 Abr, 2006","format":false,"excerpt":"","rel":"","context":"En \u00abNA\u00bb","block_context":{"text":"NA","link":"https:\/\/www.edder.org\/?cat=3"},"img":{"alt_text":"","src":"","width":0,"height":0},"classes":[]}],"jetpack_likes_enabled":true,"_links":{"self":[{"href":"https:\/\/www.edder.org\/index.php?rest_route=\/wp\/v2\/posts\/98","targetHints":{"allow":["GET"]}}],"collection":[{"href":"https:\/\/www.edder.org\/index.php?rest_route=\/wp\/v2\/posts"}],"about":[{"href":"https:\/\/www.edder.org\/index.php?rest_route=\/wp\/v2\/types\/post"}],"author":[{"embeddable":true,"href":"https:\/\/www.edder.org\/index.php?rest_route=\/wp\/v2\/users\/82"}],"replies":[{"embeddable":true,"href":"https:\/\/www.edder.org\/index.php?rest_route=%2Fwp%2Fv2%2Fcomments&post=98"}],"version-history":[{"count":0,"href":"https:\/\/www.edder.org\/index.php?rest_route=\/wp\/v2\/posts\/98\/revisions"}],"wp:attachment":[{"href":"https:\/\/www.edder.org\/index.php?rest_route=%2Fwp%2Fv2%2Fmedia&parent=98"}],"wp:term":[{"taxonomy":"category","embeddable":true,"href":"https:\/\/www.edder.org\/index.php?rest_route=%2Fwp%2Fv2%2Fcategories&post=98"},{"taxonomy":"post_tag","embeddable":true,"href":"https:\/\/www.edder.org\/index.php?rest_route=%2Fwp%2Fv2%2Ftags&post=98"}],"curies":[{"name":"wp","href":"https:\/\/api.w.org\/{rel}","templated":true}]}}