{"id":96,"date":"2007-04-20T20:21:07","date_gmt":"2007-04-20T18:21:07","guid":{"rendered":"https:\/\/www.edder.org\/?p=96"},"modified":"2018-07-27T16:38:31","modified_gmt":"2018-07-27T14:38:31","slug":"museo-local-de-los-horrores","status":"publish","type":"post","link":"https:\/\/www.edder.org\/?p=96","title":{"rendered":"Museo local de los horrores"},"content":{"rendered":"<p>Pues si hay que hacer un museo moderno, cosa en la que est\u00e1n de acuerdo casi todos los candidatos a la alcald\u00eda de Pamplona, \u00bfpor qu\u00e9 no hacer en Autobuses un museo de etnograf\u00eda moderna, ya que el Museo Julio Caro Baroja lo empaquet\u00f3 el consejero del ramo para hacerle sitio a un parador? Quiero decir un museo en el que entre la guitarra con la que Alfredo Jaime dio su famosas serenatas y tambi\u00e9n su excavadora. Hablo de un museo en el que est\u00e9 la pistola con la que Amadeo Marco detuvo un d\u00eda a un caco y aquella otra \u2013la de agua\u2013 con la que Rold\u00e1n se exhibi\u00f3 en el burladero de autoridades del coso taurino pamplon\u00e9s. Naturalmente que en un museo de ese cariz tendr\u00eda cabida un adoqu\u00edn de los de Mangado \u2013y una loseta de las de Red\u00f3n\u2013 y por supuesto que todas las maquetas del frustrado museo virtual de los sanfermines: \u00e9se que Barcina fue a vender a Nueva York hace dos giras triunfales por las Am\u00e9ricas. Ya en las Am\u00e9ricas, en el museo no podr\u00eda faltar ni el karaoke argentino con que el Miguel Sanz enalteci\u00f3 a Sabina ni el sombrero de charro mexicano con que el se toc\u00f3 en una visita al Jap\u00f3n, si los viajes no me bailan. Incl\u00fayanse entre los fondos muse\u00edsticos los contratos nanotecnol\u00f3gicos que el presidente firm\u00f3 con el Instituto Tecnol\u00f3gico de Massachusetts y el pedazo de autom\u00f3vil que la se\u00f1ora presidenta del Ayuntamiento de Pamplona dej\u00f3 el otro d\u00eda posado en un paso de cebra. M\u00e9tanse all\u00ed tambi\u00e9n su modesto piscina y los planos de c\u00f3mo se gana espacio para una cosa as\u00ed sin que nadie, y la Hacienda menos que ninguno, se d\u00e9 por notificado. Malo sea que no quede espacio para una gran biblioteca de autores navarros, con todos los best-sellers de del Burgo y las fil\u00edpicas completas del arzobispo Sebasti\u00e1n. Que no falten ni los audiovisuales de la magna exposici\u00f3n propagand\u00edstica del comisario Arbeloa ni sus fabulosas cuentas. Y si posible fuera ver all\u00ed el precio de la no menos magna y no menos gubernamental \u00faltima manifestaci\u00f3n foral, ya ni te cuento.<\/p>\n<div align=\"right\">Publicado en <a target=\"blank\" href=\"http:\/\/www.noticiasdenavarra.com\/ediciones\/2007\/04\/20\/opinion\/contra.php\">Diario de Noticias<\/a><img class=\"lazyload\" decoding=\"async\" align=\"right\" title=\"dn\" alt=\"dn\" src=\"data:image\/gif;base64,R0lGODlhAQABAAAAACH5BAEKAAEALAAAAAABAAEAAAICTAEAOw==\" data-orig-src=\"https:\/\/www.edder.org\/images\/dn.gif\" \/><\/div>\n","protected":false},"excerpt":{"rendered":"<p>Pues si hay que hacer un museo moderno, cosa en la que est\u00e1n de acuerdo casi todos los candidatos a la alcald\u00eda de Pamplona, \u00bfpor qu\u00e9 no hacer en Autobuses un museo de etnograf\u00eda moderna, ya que el Museo Julio Caro Baroja lo empaquet\u00f3 el consejero del ramo para hacerle sitio a un parador? Quiero decir un museo en el que entre la guitarra con la que Alfredo Jaime dio su famosas serenatas y tambi\u00e9n su excavadora. Hablo de un museo en el que est\u00e9 la pistola con la que Amadeo Marco detuvo un d\u00eda a un caco y aquella otra \u2013la de agua\u2013 con la que Rold\u00e1n se exhibi\u00f3 en el burladero de autoridades del coso taurino pamplon\u00e9s. Naturalmente que en un museo de ese cariz  [&#8230;]<\/p>\n","protected":false},"author":82,"featured_media":0,"comment_status":"open","ping_status":"open","sticky":false,"template":"","format":"standard","meta":{"jetpack_post_was_ever_published":false,"_jetpack_newsletter_access":"","_jetpack_dont_email_post_to_subs":false,"_jetpack_newsletter_tier_id":0,"_jetpack_memberships_contains_paywalled_content":false,"_jetpack_memberships_contains_paid_content":false,"footnotes":"","jetpack_publicize_message":"","jetpack_publicize_feature_enabled":true,"jetpack_social_post_already_shared":false,"jetpack_social_options":{"image_generator_settings":{"template":"highway","default_image_id":0,"font":"","enabled":false},"version":2}},"categories":[3],"tags":[],"class_list":["post-96","post","type-post","status-publish","format-standard","hentry","category-na"],"jetpack_publicize_connections":[],"jetpack_featured_media_url":"","jetpack_shortlink":"https:\/\/wp.me\/p6kHv-1y","jetpack_sharing_enabled":true,"jetpack-related-posts":[{"id":342,"url":"https:\/\/www.edder.org\/?p=342","url_meta":{"origin":96,"position":0},"title":"\u201cIlustraci\u00f3n\u201d","author":"Eder","date":"viernes, 17 Abr, 2009","format":false,"excerpt":"De que el museo sanferminero y del encierro se har\u00e1, no cabe la menor duda. No cabe la menor duda de que se har\u00e1 la santa voluntad de la se\u00f1ora que, primero y hace ya muchos a\u00f1os, encarg\u00f3 a Mansilla y Tu\u00f1\u00f3n proyectar ese museo donde, simplemente, no pod\u00eda edificarse;\u2026","rel":"","context":"En \u00abNA\u00bb","block_context":{"text":"NA","link":"https:\/\/www.edder.org\/?cat=3"},"img":{"alt_text":"","src":"","width":0,"height":0},"classes":[]},{"id":592,"url":"https:\/\/www.edder.org\/?p=592","url_meta":{"origin":96,"position":1},"title":"Boinas","author":"Eder","date":"viernes, 12 Mar, 2010","format":false,"excerpt":"","rel":"","context":"En \u00abNA\u00bb","block_context":{"text":"NA","link":"https:\/\/www.edder.org\/?cat=3"},"img":{"alt_text":"","src":"","width":0,"height":0},"classes":[]},{"id":4054,"url":"https:\/\/www.edder.org\/?p=4054","url_meta":{"origin":96,"position":2},"title":"Iron\u00eda (o m\u00e1s bien cinismo) opusde\u00edsta","author":"Eder","date":"jueves, 22 Ene, 2015","format":false,"excerpt":"Dicen en el noticiero de las dos de la tarde que el rector de la universidad del Opus Dei en Navarra \u00abha ironizado\u00bb sobre la no contribuci\u00f3n de las administraciones p\u00fablicas a la financiaci\u00f3n del museo privado de esa universidad, hoy inaurado por el cu\u00f1ado de Urdangarin y su consorte.\u2026","rel":"","context":"En \u00abNA\u00bb","block_context":{"text":"NA","link":"https:\/\/www.edder.org\/?cat=3"},"img":{"alt_text":"","src":"","width":0,"height":0},"classes":[]},{"id":50,"url":"https:\/\/www.edder.org\/?p=50","url_meta":{"origin":96,"position":3},"title":"Del reno al Reyno","author":"Eder","date":"viernes, 31 Mar, 2006","format":false,"excerpt":"","rel":"","context":"En \u00abNA\u00bb","block_context":{"text":"NA","link":"https:\/\/www.edder.org\/?cat=3"},"img":{"alt_text":"","src":"https:\/\/i0.wp.com\/www.edder.org\/upload\/2006\/03\/lascaux.jpg?resize=350%2C200&ssl=1","width":350,"height":200},"classes":[]},{"id":4136,"url":"https:\/\/www.edder.org\/?p=4136","url_meta":{"origin":96,"position":4},"title":"Museo del Opus: que ni Fernando VII","author":"Eder","date":"martes, 27 Ene, 2015","format":false,"excerpt":"En la biblioteca p\u00fablica he encontrado el folleto que pongo a continuaci\u00f3n. \u00a0\u00a0 Es un folleto divulgativo sobre qui\u00e9n puede ser, en Navarra, benficiario del mecenazgo p\u00fablicamente promovido, seg\u00fan la reciente ley sobre ese particular del tenocr\u00e1tico y muy cat\u00f3lico gobierno de Barcina. \u00a0\u00a0 El Opus Dei tiene f\u00e1cil recaudar\u2026","rel":"","context":"En \u00abNA\u00bb","block_context":{"text":"NA","link":"https:\/\/www.edder.org\/?cat=3"},"img":{"alt_text":"","src":"https:\/\/i0.wp.com\/www.edder.org\/upload\/2015\/01\/Screen-Shot-2015-08-03-at-17.28.37.png?resize=350%2C200&ssl=1","width":350,"height":200},"classes":[]},{"id":631,"url":"https:\/\/www.edder.org\/?p=631","url_meta":{"origin":96,"position":5},"title":"Treinta y tres","author":"Eder","date":"viernes, 2 Abr, 2010","format":false,"excerpt":"Treinta y tres: la edad Cristo y la de Godard a la altura de aquella pel\u00edcula en la que los protagonistas bat\u00edan el r\u00e9cord de Jim Johnson, el americano que \u201chizo\u201d \u2013ya que ver no pudo\u2013 el Louvre en nueve minutos y cuarenta y cinco segundos. Casi cincuenta a\u00f1os despu\u00e9s\u2026","rel":"","context":"En \u00abCine\u00bb","block_context":{"text":"Cine","link":"https:\/\/www.edder.org\/?cat=79"},"img":{"alt_text":"","src":"","width":0,"height":0},"classes":[]}],"jetpack_likes_enabled":true,"_links":{"self":[{"href":"https:\/\/www.edder.org\/index.php?rest_route=\/wp\/v2\/posts\/96","targetHints":{"allow":["GET"]}}],"collection":[{"href":"https:\/\/www.edder.org\/index.php?rest_route=\/wp\/v2\/posts"}],"about":[{"href":"https:\/\/www.edder.org\/index.php?rest_route=\/wp\/v2\/types\/post"}],"author":[{"embeddable":true,"href":"https:\/\/www.edder.org\/index.php?rest_route=\/wp\/v2\/users\/82"}],"replies":[{"embeddable":true,"href":"https:\/\/www.edder.org\/index.php?rest_route=%2Fwp%2Fv2%2Fcomments&post=96"}],"version-history":[{"count":0,"href":"https:\/\/www.edder.org\/index.php?rest_route=\/wp\/v2\/posts\/96\/revisions"}],"wp:attachment":[{"href":"https:\/\/www.edder.org\/index.php?rest_route=%2Fwp%2Fv2%2Fmedia&parent=96"}],"wp:term":[{"taxonomy":"category","embeddable":true,"href":"https:\/\/www.edder.org\/index.php?rest_route=%2Fwp%2Fv2%2Fcategories&post=96"},{"taxonomy":"post_tag","embeddable":true,"href":"https:\/\/www.edder.org\/index.php?rest_route=%2Fwp%2Fv2%2Ftags&post=96"}],"curies":[{"name":"wp","href":"https:\/\/api.w.org\/{rel}","templated":true}]}}