{"id":95,"date":"2007-04-13T07:58:35","date_gmt":"2007-04-13T05:58:35","guid":{"rendered":"https:\/\/www.edder.org\/?p=95"},"modified":"2018-07-27T16:38:31","modified_gmt":"2018-07-27T14:38:31","slug":"prologo-y-epilogo","status":"publish","type":"post","link":"https:\/\/www.edder.org\/?p=95","title":{"rendered":"Pr\u00f3logo y ep\u00edlogo"},"content":{"rendered":"<p>Gran ambiente: Mariano Rajoy, el prologuista del pr\u00f3ximo libro de saldo de del Burgo, en Pamplona. Es lo que hay: del Burgo no se rinde en su tenaz y fallido intento de escribir alg\u00fan d\u00eda un <em>best-seller<\/em>. La realidad, tozuda como ella sola, va enviando las ediciones de sus libros, una detr\u00e1s de otra, a las ferias de saldo y ocasi\u00f3n. La de libros, prologados o no, que le ha saldado la realidad a del Burgo. Pero del Burgo siempre ataca de nuevo y ahora lo hace con <em>Navarra, el precio de la traici\u00f3n<\/em>. El t\u00edtulo, quitando el <em>Navarra<\/em> que va por delante, no est\u00e1 mal para un <em>best-seller<\/em>: est\u00e1 entre Harold Pinter \u2013<em>El riesgo de la traici\u00f3n<\/em>\u2013 y Brian de Palma \u2013<em>El precio del poder<\/em>\u2013. Lo malo es que con el <em>Navarra<\/em> por delante ya se sabe que del Burgo no va a tirar ni por donde Painter ni por donde de Palma, sino por donde tir\u00f3 en la comisi\u00f3n del 11-M, de la que sali\u00f3 con rumbo a su ep\u00edlogo pol\u00edtico. Y Rajoy, qu\u00e9 audacia, le prologa. El ambiente estaba garantizado en una presentaci\u00f3n donde el Rajoy que en m\u00e1s de una ocasi\u00f3n parlamentaria se despachara contra los privilegios fiscales navarros, defendi\u00f3 con ardor la foralidad y no perdi\u00f3 ocasi\u00f3n para instar una vez m\u00e1s al presidente del Gobierno a que diga la verdad sobre la venta de Navarra que el t\u00edtulo de del Burgo da por hecha. No es s\u00f3lo que Rajoy escoja mal los libros que prologa; es que autor y prologuista eligieron francamente mal la fecha de presentaci\u00f3n del <em>best-seller<\/em>. Autor y prologuista fueron a elegir como fecha de presentaci\u00f3n del libro el d\u00eda en que el juicio del 11-M revelaba la evidencia de que la mano derecha de Rajoy minti\u00f3 a sabiendas sobre la autor\u00eda del atentado. Y Rajoy en Pamplona clamando por la verdad. Autor y prologuista promocionaron la venta del libro en unas fechas en las que nadie sensato da ya un c\u00e9ntimo por la teor\u00eda conspirativa sustentada tan tenazmente por del Burgo, justo antes de precipitarse hacia su mutis pol\u00edtico. Dios te guarde, lector, de pr\u00f3logos largos y ep\u00edlogos desdichados.<\/p>\n<div align=\"right\">Publicado en <a target=\"blank\" href=\"http:\/\/www.noticiasdenavarra.com\/ediciones\/2007\/04\/13\/opinion\/contra.php\">Diario de Noticias<\/a><img class=\"lazyload\" decoding=\"async\" align=\"right\" title=\"dn\" alt=\"dn\" src=\"data:image\/gif;base64,R0lGODlhAQABAAAAACH5BAEKAAEALAAAAAABAAEAAAICTAEAOw==\" data-orig-src=\"https:\/\/www.edder.org\/images\/dn.gif\" \/><\/div>\n","protected":false},"excerpt":{"rendered":"<p>Gran ambiente: Mariano Rajoy, el prologuista del pr\u00f3ximo libro de saldo de del Burgo, en Pamplona. Es lo que hay: del Burgo no se rinde en su tenaz y fallido intento de escribir alg\u00fan d\u00eda un best-seller. La realidad, tozuda como ella sola, va enviando las ediciones de sus libros, una detr\u00e1s de otra, a las ferias de saldo y ocasi\u00f3n. La de libros, prologados o no, que le ha saldado la realidad a del Burgo. Pero del Burgo siempre ataca de nuevo y ahora lo hace con Navarra, el precio de la traici\u00f3n. El t\u00edtulo, quitando el Navarra que va por delante, no est\u00e1 mal para un best-seller: est\u00e1 entre Harold Pinter \u2013El riesgo de la traici\u00f3n\u2013 y Brian de Palma \u2013El precio del poder\u2013. Lo  [&#8230;]<\/p>\n","protected":false},"author":82,"featured_media":0,"comment_status":"open","ping_status":"open","sticky":false,"template":"","format":"standard","meta":{"jetpack_post_was_ever_published":false,"_jetpack_newsletter_access":"","_jetpack_dont_email_post_to_subs":false,"_jetpack_newsletter_tier_id":0,"_jetpack_memberships_contains_paywalled_content":false,"_jetpack_memberships_contains_paid_content":false,"footnotes":"","jetpack_publicize_message":"","jetpack_publicize_feature_enabled":true,"jetpack_social_post_already_shared":false,"jetpack_social_options":{"image_generator_settings":{"template":"highway","default_image_id":0,"font":"","enabled":false},"version":2}},"categories":[3],"tags":[],"class_list":["post-95","post","type-post","status-publish","format-standard","hentry","category-na"],"jetpack_publicize_connections":[],"jetpack_featured_media_url":"","jetpack_shortlink":"https:\/\/wp.me\/p6kHv-1x","jetpack_sharing_enabled":true,"jetpack-related-posts":[{"id":116,"url":"https:\/\/www.edder.org\/?p=116","url_meta":{"origin":95,"position":0},"title":"El chotis y el parn\u00e9","author":"Eder","date":"viernes, 2 Nov, 2007","format":false,"excerpt":"Por en\u00e9sima vez: \u00bfcu\u00e1nto cost\u00f3 al Erario navarro la magna manifestaci\u00f3n oficial de aquel s\u00e1bado de marzo que se bas\u00f3 en supuestos tan desmentidos por los hechos como los sostenidos por del Burgo en Navarra, el precio de la traici\u00f3n, el \u00faltimo de sus best seller llevado por el viento?\u2026","rel":"","context":"En \u00abNA\u00bb","block_context":{"text":"NA","link":"https:\/\/www.edder.org\/?cat=3"},"img":{"alt_text":"","src":"","width":0,"height":0},"classes":[]},{"id":199,"url":"https:\/\/www.edder.org\/?p=199","url_meta":{"origin":95,"position":1},"title":"Cosas de familia","author":"Eder","date":"viernes, 7 Nov, 2008","format":false,"excerpt":"La disputa en el seno de la derecha navarra\u2026 Pero vayamos por partes. Digo disputa porque cuanto hay de momento es eso: una disputa familiar, todo lo subida de tono que se quiera, pero nada m\u00e1s. Digo en el seno de la derecha navarra y no en el seno de\u2026","rel":"","context":"En \u00abNA\u00bb","block_context":{"text":"NA","link":"https:\/\/www.edder.org\/?cat=3"},"img":{"alt_text":"","src":"","width":0,"height":0},"classes":[]},{"id":485,"url":"https:\/\/www.edder.org\/?p=485","url_meta":{"origin":95,"position":2},"title":"Los Rodezno y su esp\u00edritu","author":"Eder","date":"viernes, 9 Oct, 2009","format":false,"excerpt":"Me hab\u00eda prometido no hablar en este curso m\u00e1s que de condados como el de Faulkner. Tambi\u00e9n pensaba hablar \u2013otro a\u00f1o ser\u00e1\u2013 de aquella pel\u00edcula en la que Burt Lancaster va de piscina en piscina: \u201c\u00a1Hoy es el d\u00eda en que Ned Merril atraviesa a nado el condado!\u201d. Pero pese\u2026","rel":"","context":"En \u00abNA\u00bb","block_context":{"text":"NA","link":"https:\/\/www.edder.org\/?cat=3"},"img":{"alt_text":"","src":"","width":0,"height":0},"classes":[]},{"id":98,"url":"https:\/\/www.edder.org\/?p=98","url_meta":{"origin":95,"position":3},"title":"Haciendo Historia (o no)","author":"Eder","date":"viernes, 4 May, 2007","format":false,"excerpt":"Pues nada: que si a esta hora hemos hecho Historia, divinamente, en el Olimpo; y si no, otro siglo ser\u00e1 \u2013no preocuparse: la Historia es larga\u2013. Por mi parte, no tendr\u00eda mucho m\u00e1s que declarar. Ya le dije a quien me pidi\u00f3 que escribiera hoy \u2013ayer\u2013 de Osasuna que de\u2026","rel":"","context":"En \u00abNA\u00bb","block_context":{"text":"NA","link":"https:\/\/www.edder.org\/?cat=3"},"img":{"alt_text":"","src":"","width":0,"height":0},"classes":[]},{"id":194,"url":"https:\/\/www.edder.org\/?p=194","url_meta":{"origin":95,"position":4},"title":"Tel\u00f3n","author":"Eder","date":"jueves, 23 Oct, 2008","format":false,"excerpt":"Se acab\u00f3 lo que se representaba, fuese sainete, astracanada o esperpento. Cervera, parodiando a aquel personaje tan digno del soneto cervantino, voto en conciencia \u2013tal como estaba escrito en su papel\u2013, mir\u00f3 al soslayo, recibi\u00f3 las parabienes de los diputados del PP y no hubo m\u00e1s. Tel\u00f3n. Flotando en el\u2026","rel":"","context":"En \u00abNA\u00bb","block_context":{"text":"NA","link":"https:\/\/www.edder.org\/?cat=3"},"img":{"alt_text":"","src":"","width":0,"height":0},"classes":[]},{"id":48,"url":"https:\/\/www.edder.org\/?p=48","url_meta":{"origin":95,"position":5},"title":"Los \u00abmoritos\u00bb de del Burgo","author":"Eder","date":"viernes, 17 Mar, 2006","format":false,"excerpt":"Que dice del Burgo que dijo Berlusconi que tras los atentados del 11M por fuerza ten\u00eda que haber una mente espa\u00f1ola. Mente y espa\u00f1ola, en ese contexto, se entiende como algo redundante, pleon\u00e1stico. Por lo que del Burgo dice que dijo Berlusconi, se desprende que il Cavaliere no tiene mucha\u2026","rel":"","context":"En \u00abNA\u00bb","block_context":{"text":"NA","link":"https:\/\/www.edder.org\/?cat=3"},"img":{"alt_text":"","src":"","width":0,"height":0},"classes":[]}],"jetpack_likes_enabled":true,"_links":{"self":[{"href":"https:\/\/www.edder.org\/index.php?rest_route=\/wp\/v2\/posts\/95","targetHints":{"allow":["GET"]}}],"collection":[{"href":"https:\/\/www.edder.org\/index.php?rest_route=\/wp\/v2\/posts"}],"about":[{"href":"https:\/\/www.edder.org\/index.php?rest_route=\/wp\/v2\/types\/post"}],"author":[{"embeddable":true,"href":"https:\/\/www.edder.org\/index.php?rest_route=\/wp\/v2\/users\/82"}],"replies":[{"embeddable":true,"href":"https:\/\/www.edder.org\/index.php?rest_route=%2Fwp%2Fv2%2Fcomments&post=95"}],"version-history":[{"count":0,"href":"https:\/\/www.edder.org\/index.php?rest_route=\/wp\/v2\/posts\/95\/revisions"}],"wp:attachment":[{"href":"https:\/\/www.edder.org\/index.php?rest_route=%2Fwp%2Fv2%2Fmedia&parent=95"}],"wp:term":[{"taxonomy":"category","embeddable":true,"href":"https:\/\/www.edder.org\/index.php?rest_route=%2Fwp%2Fv2%2Fcategories&post=95"},{"taxonomy":"post_tag","embeddable":true,"href":"https:\/\/www.edder.org\/index.php?rest_route=%2Fwp%2Fv2%2Ftags&post=95"}],"curies":[{"name":"wp","href":"https:\/\/api.w.org\/{rel}","templated":true}]}}