{"id":94,"date":"2007-04-06T20:37:51","date_gmt":"2007-04-06T18:37:51","guid":{"rendered":"https:\/\/www.edder.org\/?p=94"},"modified":"2018-07-27T16:38:31","modified_gmt":"2018-07-27T14:38:31","slug":"apasionados-por-ti-y-por-ty","status":"publish","type":"post","link":"https:\/\/www.edder.org\/?p=94","title":{"rendered":"Apasionados por t\u00ed y por ty"},"content":{"rendered":"<p><img class=\"lazyload\" decoding=\"async\" align=\"right\" src=\"data:image\/gif;base64,R0lGODlhAQABAAAAACH5BAEKAAEALAAAAAABAAEAAAICTAEAOw==\" data-orig-src=\"http:\/\/edder.org\/images\/upnpasion.jpg\" alt=\"upnpasion\" \/><br \/>\nS\u00ed, lo s\u00e9: por mucho que ???s\u00ed??? o ???m\u00ed??? deban llevar tilde a menudo, no hay ninguna raz\u00f3n gramatical para ponerla sobre la i de ti ???y menos para escribir <em>ty<\/em>???. Pero el coraz\u00f3n conoce razones que la ortograf\u00eda no entiende y hay tis tan apasionados que c\u00f3mo no remarcarlos con una tilde. La pasi\u00f3n por Navarra ???por el Viejo <em>Reyno<\/em> (con <em>y<\/em>)??? es tan acentuada entre los navarristas de UPN que en la propaganda que echan ahora por los buzones se expresa en forma de loco coraz\u00f3n. UPN + coraz\u00f3n + Navarra = UPN ama apasionadamente Navarra, y a ti por lo que de navarro, o en su caso burgal\u00e9s que ama a Navarra te toca. Naturalmente, en la cabecera de la web de UPN (www.upn.org) ese ti viene con tilde, como debe ser cuando se escribe con pasi\u00f3n desbordada. ???Apasionados por t\u00ed??? (sic por la tilde sobre la i), dice el eslogan del sitio web de los navarristas; y por si hubiera dudas de a qui\u00e9n va destinada tan enf\u00e1tica pasi\u00f3n, la tilde sobre la i ha adoptado la forma reconocible del mapa de Navarra. Lo mismo el eslogan pod\u00eda haber dicho: ???Apasionados por ty??? (sic por lo de la y), y estar\u00eda igual de pasionalmente bien escrito, por lo del loco amor al <em>Reyno<\/em>. Hablando del <em>Reyno<\/em>: a prop\u00f3sito de la adjudicaci\u00f3n de un hostal ???en el que el Gobierno de los navarristas ha invertido unos cien millones de pesetas??? a cierta se\u00f1ora de Burgos entre cuyos m\u00e9ritos figura el amor arrebatado que siente por Navarra ???y a la que s\u00f3lo se cobrar\u00e1 un mill\u00f3n anual de pesetas por la concesi\u00f3n???, la vicepresidenta segunda del Parlamento expresaba el mi\u00e9rcoles en estas p\u00e1ginas su temor de que, visto c\u00f3mo el navarrismo corresponde a los amores puros por Navarra, se disparen los flechazos por el Viejo <em>Reyno<\/em> entre las burgalesas. Tal temor no puede ser m\u00e1s fundado, habida cuenta de que la pasi\u00f3n y el coraz\u00f3n, m\u00e1s que la raz\u00f3n, imperan en la pol\u00edtica y hasta en la ortograf\u00eda regional. Tiempos de riada y de pasi\u00f3n desbordada: apasionados por <em>t\u00ed<\/em> y por <em>ty<\/em> (con tilde sobre la i y con la <em>y<\/em> ancestral de los amores eternos).<\/p>\n<div align=\"right\">Publicado en <a target=\"blank\" href=\"http:\/\/www.noticiasdenavarra.com\/ediciones\/2007\/04\/06\/opinion\/contra.php\">Diario de Noticias<\/a><img class=\"lazyload\" decoding=\"async\" align=\"right\" title=\"dn\" alt=\"dn\" src=\"data:image\/gif;base64,R0lGODlhAQABAAAAACH5BAEKAAEALAAAAAABAAEAAAICTAEAOw==\" data-orig-src=\"https:\/\/www.edder.org\/images\/dn.gif\" \/><\/div>\n","protected":false},"excerpt":{"rendered":"<p>S\u00ed, lo s\u00e9: por mucho que ???s\u00ed??? o ???m\u00ed??? deban llevar tilde a menudo, no hay ninguna raz\u00f3n gramatical para ponerla sobre la i de ti ???y menos para escribir ty???. Pero el coraz\u00f3n conoce razones que la ortograf\u00eda no entiende y hay tis tan apasionados que c\u00f3mo no remarcarlos con una tilde. La pasi\u00f3n por Navarra ???por el Viejo Reyno (con y)??? es tan acentuada entre los navarristas de UPN que en la propaganda que echan ahora por los buzones se expresa en forma de loco coraz\u00f3n. UPN + coraz\u00f3n + Navarra = UPN ama apasionadamente Navarra, y a ti por lo que de navarro, o en su caso burgal\u00e9s que ama a Navarra te toca. Naturalmente, en la cabecera de la web de UPN (www.upn.org)  [&#8230;]<\/p>\n","protected":false},"author":82,"featured_media":0,"comment_status":"open","ping_status":"open","sticky":false,"template":"","format":"standard","meta":{"jetpack_post_was_ever_published":false,"_jetpack_newsletter_access":"","_jetpack_dont_email_post_to_subs":false,"_jetpack_newsletter_tier_id":0,"_jetpack_memberships_contains_paywalled_content":false,"_jetpack_memberships_contains_paid_content":false,"footnotes":"","jetpack_publicize_message":"","jetpack_publicize_feature_enabled":true,"jetpack_social_post_already_shared":false,"jetpack_social_options":{"image_generator_settings":{"template":"highway","default_image_id":0,"font":"","enabled":false},"version":2}},"categories":[3],"tags":[],"class_list":["post-94","post","type-post","status-publish","format-standard","hentry","category-na"],"jetpack_publicize_connections":[],"jetpack_featured_media_url":"","jetpack_shortlink":"https:\/\/wp.me\/p6kHv-1w","jetpack_sharing_enabled":true,"jetpack-related-posts":[{"id":11618,"url":"https:\/\/www.edder.org\/?p=11618","url_meta":{"origin":94,"position":0},"title":"Primera paletada triunfal","author":"Eder","date":"domingo, 26 Abr, 2015","format":false,"excerpt":"Primera paleta triunfal del ininaugurable y nunca inaugurado Reyno de Navarra Arena. Ambiente navarr\u00edsimo. A la derecha, a la pala, de gris marengo, Miguel Sanz Sesma (\u00ab400 euros no dan ni para una cena\u00bb), ahora presidente de Autopistas de Navarra por designaci\u00f3n de UPN y miembro de media docena de\u2026","rel":"","context":"En \u00abNA\u00bb","block_context":{"text":"NA","link":"https:\/\/www.edder.org\/?cat=3"},"img":{"alt_text":"","src":"https:\/\/i0.wp.com\/www.edder.org\/upload\/2015\/04\/paletadas2.jpg?resize=350%2C200&ssl=1","width":350,"height":200},"classes":[]},{"id":123,"url":"https:\/\/www.edder.org\/?p=123","url_meta":{"origin":94,"position":1},"title":"As\u00ed es la vida","author":"Eder","date":"viernes, 21 Dic, 2007","format":false,"excerpt":"La vida es as\u00ed, o lo que es mismo, as\u00ed es la vida. Tan f\u00fanebre frase, adecuada para cuando ya no hay vida, la pronunci\u00f3 en el Congreso el presidente Zapatero: los socialistas sostienen en Navarra el gobierno de UPN \u2013que acaba de renovar su pacto con el PP, por\u2026","rel":"","context":"En \u00abNA\u00bb","block_context":{"text":"NA","link":"https:\/\/www.edder.org\/?cat=3"},"img":{"alt_text":"","src":"","width":0,"height":0},"classes":[]},{"id":335,"url":"https:\/\/www.edder.org\/?p=335","url_meta":{"origin":94,"position":2},"title":"Astracanada","author":"Eder","date":"viernes, 10 Abr, 2009","format":false,"excerpt":"La comparecencia parlamentaria por el uso del helic\u00f3ptero que lleva estampado el n\u00famero de emergencias pas\u00f3 de lo esperp\u00e9ntico a la astracanada cuando el consejero Corpas se qued\u00f3 tan fresco despu\u00e9s de decir que, de haberse producido una emergencia mientras \u00e9l y su sufrido equipo volaban hacia la inexpugnable cumbre\u2026","rel":"","context":"En \u00abNA\u00bb","block_context":{"text":"NA","link":"https:\/\/www.edder.org\/?cat=3"},"img":{"alt_text":"","src":"","width":0,"height":0},"classes":[]},{"id":4509,"url":"https:\/\/www.edder.org\/?p=4509","url_meta":{"origin":94,"position":3},"title":"Navarr\u00edsimo: Reyno de Navarra Arena","author":"Eder","date":"mi\u00e9rcoles, 22 Abr, 2015","format":false,"excerpt":"\u00a0 Lo que UPN se atrevi\u00f3 a construir, pero no a inaugurar:","rel":"","context":"En \u00abNA\u00bb","block_context":{"text":"NA","link":"https:\/\/www.edder.org\/?cat=3"},"img":{"alt_text":"","src":"https:\/\/i0.wp.com\/www.edder.org\/upload\/2015\/04\/navarrisimo-1.jpg?resize=350%2C200&ssl=1","width":350,"height":200},"classes":[]},{"id":11674,"url":"https:\/\/www.edder.org\/?p=11674","url_meta":{"origin":94,"position":4},"title":"Ideas navarr\u00edsimas: tortilla verdosa","author":"Eder","date":"domingo, 17 May, 2015","format":false,"excerpt":"Ideas navarr\u00edsimas: como la tortilla verdosa que se sirvi\u00f3 en los hospitales de Navarra tras la privatizaci\u00f3n de las cocinas de los mismos por parte de UPN.","rel":"","context":"En \u00abNA\u00bb","block_context":{"text":"NA","link":"https:\/\/www.edder.org\/?cat=3"},"img":{"alt_text":"","src":"https:\/\/i0.wp.com\/www.edder.org\/upload\/2015\/05\/mini2.jpg?resize=350%2C200&ssl=1","width":350,"height":200},"classes":[]},{"id":11671,"url":"https:\/\/www.edder.org\/?p=11671","url_meta":{"origin":94,"position":5},"title":"Dietista incombustible encomia la honestidad ajena","author":"Eder","date":"viernes, 15 May, 2015","format":false,"excerpt":"S\u00e1nchez de Muni\u00e1in, portavoz del Gobierno de Navarra y candidato de Uni\u00f3n del Pueblo Navarro (UPN) hace el encomio de la \u00e9tica y la honestidad:","rel":"","context":"En \u00abSin categorizar\u00bb","block_context":{"text":"Sin categorizar","link":"https:\/\/www.edder.org\/?cat=1"},"img":{"alt_text":"","src":"https:\/\/i0.wp.com\/www.edder.org\/upload\/2015\/05\/Screen-Shot-2015-05-15-at-16.51.49.png?resize=350%2C200&ssl=1","width":350,"height":200,"srcset":"https:\/\/i0.wp.com\/www.edder.org\/upload\/2015\/05\/Screen-Shot-2015-05-15-at-16.51.49.png?resize=350%2C200&ssl=1 1x, https:\/\/i0.wp.com\/www.edder.org\/upload\/2015\/05\/Screen-Shot-2015-05-15-at-16.51.49.png?resize=525%2C300&ssl=1 1.5x"},"classes":[]}],"jetpack_likes_enabled":true,"_links":{"self":[{"href":"https:\/\/www.edder.org\/index.php?rest_route=\/wp\/v2\/posts\/94","targetHints":{"allow":["GET"]}}],"collection":[{"href":"https:\/\/www.edder.org\/index.php?rest_route=\/wp\/v2\/posts"}],"about":[{"href":"https:\/\/www.edder.org\/index.php?rest_route=\/wp\/v2\/types\/post"}],"author":[{"embeddable":true,"href":"https:\/\/www.edder.org\/index.php?rest_route=\/wp\/v2\/users\/82"}],"replies":[{"embeddable":true,"href":"https:\/\/www.edder.org\/index.php?rest_route=%2Fwp%2Fv2%2Fcomments&post=94"}],"version-history":[{"count":0,"href":"https:\/\/www.edder.org\/index.php?rest_route=\/wp\/v2\/posts\/94\/revisions"}],"wp:attachment":[{"href":"https:\/\/www.edder.org\/index.php?rest_route=%2Fwp%2Fv2%2Fmedia&parent=94"}],"wp:term":[{"taxonomy":"category","embeddable":true,"href":"https:\/\/www.edder.org\/index.php?rest_route=%2Fwp%2Fv2%2Fcategories&post=94"},{"taxonomy":"post_tag","embeddable":true,"href":"https:\/\/www.edder.org\/index.php?rest_route=%2Fwp%2Fv2%2Ftags&post=94"}],"curies":[{"name":"wp","href":"https:\/\/api.w.org\/{rel}","templated":true}]}}