{"id":93,"date":"2007-03-30T08:20:32","date_gmt":"2007-03-30T06:20:32","guid":{"rendered":"https:\/\/www.edder.org\/?p=93"},"modified":"2018-07-27T16:38:31","modified_gmt":"2018-07-27T14:38:31","slug":"la-pertinaz-sequia","status":"publish","type":"post","link":"https:\/\/www.edder.org\/?p=93","title":{"rendered":"La pertinaz sequ\u00eda"},"content":{"rendered":"<p>Ha habido en el \u00faltimo minuto una aut\u00e9ntica riada informativa sobre lo que cuesta un caf\u00e9. Por contra, cabe suponer que para compensar la riada, en esta tierra de secano seguimos con la pertinaz sequ\u00eda de noticias oficiales sobre el precio de la demostraci\u00f3n p\u00fablica de navarr\u00edsimo navarrismo organizada hace un rato largo por el gobierno Sanz y su adl\u00e1tere. S\u00ed, hablo de la manifestaci\u00f3n costeada a nuestras expensas ???no a las de los partidos de Sanz y compa\u00f1\u00eda??? hace ya m\u00e1s de un cuarto hora. Hablo de ella sin temor a pasar por reaccionario. La \u00faltima noticia m\u00e1s o menos oficial de dicha manifestaci\u00f3n ???aquella a la que vino o se trajo a tanta gente del partido af\u00edn al de Sanz, con avi\u00f3n incluido para sus l\u00edderes??? la dio el propio presidente del Gobierno y del partido gobernante el pasado domingo en el incomparable marco de un circo bardenero, el de Senda Viva. Metido en el circo, luego de tirarse por la monta\u00f1a rusa y tras llamar a hacer descarrilar al tren de Zapatero, Sanz tild\u00f3 de reaccionarias cuantas cr\u00edticas se han vertido contra aquella manifestaci\u00f3n. Obviamente, este se\u00f1or que tan tenazmente mantiene el dique seco informativo sobre los caudales p\u00fablicos gastados en esa manifestaci\u00f3n donde nadie, y menos que nadie el mismo Sanz, se priv\u00f3 de embestir contra el tren de Zapatero, se hab\u00eda definido previamente, en ese mismo circo, como progresista. Si no es el mundo al rev\u00e9s, es el mundo del circo, donde pedir trasparencia informativa a los gobiernos y exigir control del gasto de caudales p\u00fablicos, por seguir con lo dicho en la carpa circense por nuestro maestro de ceremonias, es adoptar posiciones reaccionarias de confrontaci\u00f3n, insulto y manipulaci\u00f3n. Pues bien; si la Navarra representada por Sanz en ese circo bardenero no es la de la senda de los elefantes sino la del tren del progreso, a no ser que su tren sea el tren chuch\u00fa, \u00bfhasta cu\u00e1ndo durar\u00e1 la sequ\u00eda informativa sobre los caudales p\u00fablicos gastados en la navarrista y navarr\u00edsima riada?<\/p>\n<div align=\"right\">Publicado en <a target=\"blank\" href=\"http:\/\/www.noticiasdenavarra.com\/ediciones\/2007\/03\/30\/opinion\/contra.php\">Diario de Noticias<\/a><img class=\"lazyload\" decoding=\"async\" align=\"right\" title=\"dn\" alt=\"dn\" src=\"data:image\/gif;base64,R0lGODlhAQABAAAAACH5BAEKAAEALAAAAAABAAEAAAICTAEAOw==\" data-orig-src=\"https:\/\/www.edder.org\/images\/dn.gif\" \/><\/div>\n","protected":false},"excerpt":{"rendered":"<p>Ha habido en el \u00faltimo minuto una aut\u00e9ntica riada informativa sobre lo que cuesta un caf\u00e9. Por contra, cabe suponer que para compensar la riada, en esta tierra de secano seguimos con la pertinaz sequ\u00eda de noticias oficiales sobre el precio de la demostraci\u00f3n p\u00fablica de navarr\u00edsimo navarrismo organizada hace un rato largo por el gobierno Sanz y su adl\u00e1tere. S\u00ed, hablo de la manifestaci\u00f3n costeada a nuestras expensas ???no a las de los partidos de Sanz y compa\u00f1\u00eda??? hace ya m\u00e1s de un cuarto hora. Hablo de ella sin temor a pasar por reaccionario. La \u00faltima noticia m\u00e1s o menos oficial de dicha manifestaci\u00f3n ???aquella a la que vino o se trajo a tanta gente del partido af\u00edn al de Sanz, con avi\u00f3n incluido para sus  [&#8230;]<\/p>\n","protected":false},"author":82,"featured_media":0,"comment_status":"open","ping_status":"open","sticky":false,"template":"","format":"standard","meta":{"jetpack_post_was_ever_published":false,"_jetpack_newsletter_access":"","_jetpack_dont_email_post_to_subs":false,"_jetpack_newsletter_tier_id":0,"_jetpack_memberships_contains_paywalled_content":false,"_jetpack_memberships_contains_paid_content":false,"footnotes":"","jetpack_publicize_message":"","jetpack_publicize_feature_enabled":true,"jetpack_social_post_already_shared":false,"jetpack_social_options":{"image_generator_settings":{"template":"highway","default_image_id":0,"font":"","enabled":false},"version":2}},"categories":[3],"tags":[],"class_list":["post-93","post","type-post","status-publish","format-standard","hentry","category-na"],"jetpack_publicize_connections":[],"jetpack_featured_media_url":"","jetpack_shortlink":"https:\/\/wp.me\/p6kHv-1v","jetpack_sharing_enabled":true,"jetpack-related-posts":[{"id":35,"url":"https:\/\/www.edder.org\/?p=35","url_meta":{"origin":93,"position":0},"title":"El h\u00e1bito regener\u00f3 al monde","author":"Eder","date":"viernes, 6 Ene, 2006","format":false,"excerpt":"La desfachatez que ha llevado a Sanz \u2013Sanz Sesma\u2013 a interpretar la sentencia judicial por la que se anula la concesi\u00f3n de licencias de radio hecha en su d\u00eda por Sanz \u2013Sanz Barea\u2013 y Palacios como otro \u00e9xito del Gobierno de UPN \u2013otro m\u00e1s de la cascada incesante de \u00e9xitos\u2026","rel":"","context":"En \u00abNA\u00bb","block_context":{"text":"NA","link":"https:\/\/www.edder.org\/?cat=3"},"img":{"alt_text":"","src":"","width":0,"height":0},"classes":[]},{"id":80,"url":"https:\/\/www.edder.org\/?p=80","url_meta":{"origin":93,"position":1},"title":"Las mentiras de los Sanz","author":"Eder","date":"viernes, 19 Ene, 2007","format":false,"excerpt":"Alguno de los Sanz miente. Alguno de los Sanz miente y no es Alejandro. O si Alejandro Sanz miente, all\u00e1 pel\u00edculas: el cantante no preside ning\u00fan gobierno auton\u00f3mico. Por su parte, parece m\u00e1s que comprobado que Miguel Sanz enton\u00f3 el pasado s\u00e1bado sentidas jotas de su repertorio en la localidad\u2026","rel":"","context":"En \u00abNA\u00bb","block_context":{"text":"NA","link":"https:\/\/www.edder.org\/?cat=3"},"img":{"alt_text":"","src":"","width":0,"height":0},"classes":[]},{"id":92,"url":"https:\/\/www.edder.org\/?p=92","url_meta":{"origin":93,"position":2},"title":"Rabiosa electoral","author":"Eder","date":"viernes, 23 Mar, 2007","format":false,"excerpt":"A poco que Sanz siga adelante con la astracanada que viene representando desde hace una semana en los m\u00e1s diversos escenarios ???con un \u00e9xito de cr\u00edtica y p\u00fablico sin precedentes???, va a terminar convenci\u00e9ndonos de que su talento para el g\u00e9nero chusco es una cosa por dem\u00e1s. O nos convence\u2026","rel":"","context":"En \u00abNA\u00bb","block_context":{"text":"NA","link":"https:\/\/www.edder.org\/?cat=3"},"img":{"alt_text":"","src":"","width":0,"height":0},"classes":[]},{"id":255,"url":"https:\/\/www.edder.org\/?p=255","url_meta":{"origin":93,"position":3},"title":"N\u00e9potisme \u00e0 la navarroise","author":"Eder","date":"viernes, 13 Feb, 2009","format":false,"excerpt":"Tan joven \u2013el presidente Sanz, digo\u2013 y ya todo un geront\u00f3crata, como Aizp\u00fan en su ancianidad. No soy el \u00fanico navarro que ha tenido ocasi\u00f3n de avergonzarse en lo que va de semana al menos dos veces de nuestro gerontocr\u00e1tico presidente. La primera ocasi\u00f3n de pasar verg\u00fcenza ajena se nos\u2026","rel":"","context":"En \u00abNA\u00bb","block_context":{"text":"NA","link":"https:\/\/www.edder.org\/?cat=3"},"img":{"alt_text":"","src":"","width":0,"height":0},"classes":[]},{"id":1269,"url":"https:\/\/www.edder.org\/?p=1269","url_meta":{"origin":93,"position":4},"title":"La mala arquitectura","author":"Eder","date":"viernes, 31 Dic, 2010","format":false,"excerpt":"","rel":"","context":"En \u00abArtes\u00bb","block_context":{"text":"Artes","link":"https:\/\/www.edder.org\/?cat=85"},"img":{"alt_text":"","src":"","width":0,"height":0},"classes":[]},{"id":187,"url":"https:\/\/www.edder.org\/?p=187","url_meta":{"origin":93,"position":5},"title":"AC\/DC","author":"Eder","date":"viernes, 10 Oct, 2008","format":false,"excerpt":"Que AC no viene de Antonio Catal\u00e1n \u2013el empresario ribero, amigo de Zapatero y amigu\u00edsimo de Miguel Sanz, o viceversa\u2013 es tan claro como que DC no se deriva de Dem\u00f3stenes corellano, pero interpretaciones m\u00e1s raras se han visto. Cuando AC\/DC sac\u00f3 su disco Autopista al infierno, no falt\u00f3 quien\u2026","rel":"","context":"En \u00abNA\u00bb","block_context":{"text":"NA","link":"https:\/\/www.edder.org\/?cat=3"},"img":{"alt_text":"","src":"","width":0,"height":0},"classes":[]}],"jetpack_likes_enabled":true,"_links":{"self":[{"href":"https:\/\/www.edder.org\/index.php?rest_route=\/wp\/v2\/posts\/93","targetHints":{"allow":["GET"]}}],"collection":[{"href":"https:\/\/www.edder.org\/index.php?rest_route=\/wp\/v2\/posts"}],"about":[{"href":"https:\/\/www.edder.org\/index.php?rest_route=\/wp\/v2\/types\/post"}],"author":[{"embeddable":true,"href":"https:\/\/www.edder.org\/index.php?rest_route=\/wp\/v2\/users\/82"}],"replies":[{"embeddable":true,"href":"https:\/\/www.edder.org\/index.php?rest_route=%2Fwp%2Fv2%2Fcomments&post=93"}],"version-history":[{"count":0,"href":"https:\/\/www.edder.org\/index.php?rest_route=\/wp\/v2\/posts\/93\/revisions"}],"wp:attachment":[{"href":"https:\/\/www.edder.org\/index.php?rest_route=%2Fwp%2Fv2%2Fmedia&parent=93"}],"wp:term":[{"taxonomy":"category","embeddable":true,"href":"https:\/\/www.edder.org\/index.php?rest_route=%2Fwp%2Fv2%2Fcategories&post=93"},{"taxonomy":"post_tag","embeddable":true,"href":"https:\/\/www.edder.org\/index.php?rest_route=%2Fwp%2Fv2%2Ftags&post=93"}],"curies":[{"name":"wp","href":"https:\/\/api.w.org\/{rel}","templated":true}]}}