{"id":926,"date":"2010-08-17T23:40:15","date_gmt":"2010-08-17T22:40:15","guid":{"rendered":"https:\/\/www.edder.org\/?p=926"},"modified":"2010-09-04T10:19:41","modified_gmt":"2010-09-04T09:19:41","slug":"extraordinario-aeiou-por-huillet-straub","status":"publish","type":"post","link":"https:\/\/www.edder.org\/?p=926","title":{"rendered":"A, e, i, o, u, por Huillet &#038; Straub"},"content":{"rendered":"<p>Extraordinario: a, e, i, o, u.<br \/>\n<a target=\"blank\" href=\"http:\/\/es.wikipedia.org\/wiki\/Dani%C3%A8le_Huillet\">Dani\u00e8le Huillet<\/a> y Jean-Marie Straub a partir de un texto de Elio Vittorini:<\/p>\n<div class=\"video-shortcode\"><iframe title=\"Aeiou (Huillet &amp; Straub)\" width=\"1200\" height=\"900\" src=\"https:\/\/www.youtube.com\/embed\/240gyVQklRo?feature=oembed\" frameborder=\"0\" allow=\"accelerometer; autoplay; clipboard-write; encrypted-media; gyroscope; picture-in-picture; web-share\" allowfullscreen><\/iframe><\/div>\n","protected":false},"excerpt":{"rendered":"<p>Extraordinario: a, e, i, o, u. Dani\u00e8le Huillet y Jean-Marie Straub a partir de un texto de Elio Vittorini:<\/p>\n","protected":false},"author":82,"featured_media":0,"comment_status":"open","ping_status":"open","sticky":false,"template":"","format":"standard","meta":{"jetpack_post_was_ever_published":false,"_jetpack_newsletter_access":"","_jetpack_dont_email_post_to_subs":false,"_jetpack_newsletter_tier_id":0,"_jetpack_memberships_contains_paywalled_content":false,"_jetpack_memberships_contains_paid_content":false,"footnotes":"","jetpack_publicize_message":"","jetpack_publicize_feature_enabled":true,"jetpack_social_post_already_shared":false,"jetpack_social_options":{"image_generator_settings":{"template":"highway","default_image_id":0,"font":"","enabled":false},"version":2}},"categories":[85,7],"tags":[100],"class_list":["post-926","post","type-post","status-publish","format-standard","hentry","category-artes","category-video","tag-huillet-straub"],"jetpack_publicize_connections":[],"jetpack_featured_media_url":"","jetpack_shortlink":"https:\/\/wp.me\/p6kHv-eW","jetpack_sharing_enabled":true,"jetpack-related-posts":[{"id":12920,"url":"https:\/\/www.edder.org\/?p=12920","url_meta":{"origin":926,"position":0},"title":"Straub: \u00abEl inconsolable\u00bb","author":"Eder","date":"lunes, 16 May, 2016","format":false,"excerpt":"Pavese seg\u00fan Straub, o Straub seg\u00fan Straub, o el viento en los helechos.","rel":"","context":"En \u00abCine\u00bb","block_context":{"text":"Cine","link":"https:\/\/www.edder.org\/?cat=79"},"img":{"alt_text":"","src":"https:\/\/i0.wp.com\/www.edder.org\/upload\/2016\/05\/inconsolable.jpg?resize=350%2C200&ssl=1","width":350,"height":200},"classes":[]},{"id":41262,"url":"https:\/\/www.edder.org\/?p=41262","url_meta":{"origin":926,"position":1},"title":"Jean-Marie Straub (1933-2022)","author":"Eder","date":"domingo, 20 Nov, 2022","format":false,"excerpt":"","rel":"","context":"En \u00abCine\u00bb","block_context":{"text":"Cine","link":"https:\/\/www.edder.org\/?cat=79"},"img":{"alt_text":"","src":"https:\/\/i0.wp.com\/www.edder.org\/upload\/2022\/11\/straub.jpg?resize=350%2C200&ssl=1","width":350,"height":200},"classes":[]},{"id":38663,"url":"https:\/\/www.edder.org\/?p=38663","url_meta":{"origin":926,"position":2},"title":"Straub &#8211; Bernanos: La France contre les Robots (1945)","author":"Eder","date":"domingo, 5 Abr, 2020","format":false,"excerpt":"","rel":"","context":"En \u00abCine\u00bb","block_context":{"text":"Cine","link":"https:\/\/www.edder.org\/?cat=79"},"img":{"alt_text":"","src":"https:\/\/i0.wp.com\/www.edder.org\/upload\/2020\/04\/straub2.jpg?resize=350%2C200&ssl=1","width":350,"height":200},"classes":[]},{"id":38697,"url":"https:\/\/www.edder.org\/?p=38697","url_meta":{"origin":926,"position":3},"title":"Los d\u00edas bald\u00edos","author":"Eder","date":"martes, 21 Abr, 2020","format":false,"excerpt":"Brisa Huiillet & Straub, viento h\u00f6lderliniano: los d\u00edas vac\u00edos, los d\u00edas bald\u00edos (peque\u00f1os dolores mortales).","rel":"","context":"En \u00abArtes\u00bb","block_context":{"text":"Artes","link":"https:\/\/www.edder.org\/?cat=85"},"img":{"alt_text":"","src":"https:\/\/i0.wp.com\/www.edder.org\/upload\/2020\/04\/vlcsnap-2020-04-21-16h45m21s720.png?resize=350%2C200&ssl=1","width":350,"height":200,"srcset":"https:\/\/i0.wp.com\/www.edder.org\/upload\/2020\/04\/vlcsnap-2020-04-21-16h45m21s720.png?resize=350%2C200&ssl=1 1x, https:\/\/i0.wp.com\/www.edder.org\/upload\/2020\/04\/vlcsnap-2020-04-21-16h45m21s720.png?resize=525%2C300&ssl=1 1.5x, https:\/\/i0.wp.com\/www.edder.org\/upload\/2020\/04\/vlcsnap-2020-04-21-16h45m21s720.png?resize=700%2C400&ssl=1 2x"},"classes":[]},{"id":2032,"url":"https:\/\/www.edder.org\/?p=2032","url_meta":{"origin":926,"position":4},"title":"Ella, \u00e9l, la pantalla","author":"Eder","date":"martes, 9 Ago, 2011","format":false,"excerpt":"\u00a0","rel":"","context":"En \u00abArtes\u00bb","block_context":{"text":"Artes","link":"https:\/\/www.edder.org\/?cat=85"},"img":{"alt_text":"","src":"","width":0,"height":0},"classes":[]},{"id":12958,"url":"https:\/\/www.edder.org\/?p=12958","url_meta":{"origin":926,"position":5},"title":"La doctrina del Sainte-Victoire","author":"Eder","date":"s\u00e1bado, 28 May, 2016","format":false,"excerpt":"C\u00e9zanne y la muerte de las im\u00e1genes.","rel":"","context":"En \u00abArtes\u00bb","block_context":{"text":"Artes","link":"https:\/\/www.edder.org\/?cat=85"},"img":{"alt_text":"","src":"https:\/\/i0.wp.com\/www.edder.org\/upload\/2016\/05\/scan-1.jpeg?resize=350%2C200&ssl=1","width":350,"height":200},"classes":[]}],"jetpack_likes_enabled":true,"_links":{"self":[{"href":"https:\/\/www.edder.org\/index.php?rest_route=\/wp\/v2\/posts\/926","targetHints":{"allow":["GET"]}}],"collection":[{"href":"https:\/\/www.edder.org\/index.php?rest_route=\/wp\/v2\/posts"}],"about":[{"href":"https:\/\/www.edder.org\/index.php?rest_route=\/wp\/v2\/types\/post"}],"author":[{"embeddable":true,"href":"https:\/\/www.edder.org\/index.php?rest_route=\/wp\/v2\/users\/82"}],"replies":[{"embeddable":true,"href":"https:\/\/www.edder.org\/index.php?rest_route=%2Fwp%2Fv2%2Fcomments&post=926"}],"version-history":[{"count":0,"href":"https:\/\/www.edder.org\/index.php?rest_route=\/wp\/v2\/posts\/926\/revisions"}],"wp:attachment":[{"href":"https:\/\/www.edder.org\/index.php?rest_route=%2Fwp%2Fv2%2Fmedia&parent=926"}],"wp:term":[{"taxonomy":"category","embeddable":true,"href":"https:\/\/www.edder.org\/index.php?rest_route=%2Fwp%2Fv2%2Fcategories&post=926"},{"taxonomy":"post_tag","embeddable":true,"href":"https:\/\/www.edder.org\/index.php?rest_route=%2Fwp%2Fv2%2Ftags&post=926"}],"curies":[{"name":"wp","href":"https:\/\/api.w.org\/{rel}","templated":true}]}}