{"id":922,"date":"2010-08-17T07:35:57","date_gmt":"2010-08-17T06:35:57","guid":{"rendered":"https:\/\/www.edder.org\/?p=922"},"modified":"2026-03-22T20:55:31","modified_gmt":"2026-03-22T19:55:31","slug":"el-dia-renace-por-v-jankelevitch","status":"publish","type":"post","link":"https:\/\/www.edder.org\/?p=922","title":{"rendered":"El d\u00eda renace, por V. Jank\u00e9l\u00e9vitch"},"content":{"rendered":"<div class=\"fusion-fullwidth fullwidth-box fusion-builder-row-1 fusion-flex-container nonhundred-percent-fullwidth non-hundred-percent-height-scrolling\" style=\"--awb-border-radius-top-left:0px;--awb-border-radius-top-right:0px;--awb-border-radius-bottom-right:0px;--awb-border-radius-bottom-left:0px;--awb-flex-wrap:wrap;\" ><div class=\"fusion-builder-row fusion-row fusion-flex-align-items-flex-start fusion-flex-content-wrap\" style=\"max-width:1248px;margin-left: calc(-4% \/ 2 );margin-right: calc(-4% \/ 2 );\"><div class=\"fusion-layout-column fusion_builder_column fusion-builder-column-0 fusion_builder_column_1_3 1_3 fusion-flex-column\" style=\"--awb-bg-size:cover;--awb-width-large:33.333333333333%;--awb-margin-top-large:0px;--awb-spacing-right-large:3.84%;--awb-margin-bottom-large:0px;--awb-spacing-left-large:5.76%;--awb-width-medium:100%;--awb-spacing-right-medium:1.92%;--awb-spacing-left-medium:1.92%;--awb-width-small:100%;--awb-spacing-right-small:1.92%;--awb-spacing-left-small:1.92%;\"><div class=\"fusion-column-wrapper fusion-flex-justify-content-flex-start fusion-content-layout-column\"><div class=\"fusion-separator fusion-full-width-sep\" style=\"align-self: center;margin-left: auto;margin-right: auto;margin-top:82px;margin-bottom:72px;width:100%;\"><\/div><div class=\"fusion-image-element \" style=\"text-align:center;--awb-caption-title-font-family:var(--h2_typography-font-family);--awb-caption-title-font-weight:var(--h2_typography-font-weight);--awb-caption-title-font-style:var(--h2_typography-font-style);--awb-caption-title-size:var(--h2_typography-font-size);--awb-caption-title-transform:var(--h2_typography-text-transform);--awb-caption-title-line-height:var(--h2_typography-line-height);--awb-caption-title-letter-spacing:var(--h2_typography-letter-spacing);\"><span class=\" fusion-imageframe imageframe-none imageframe-1 hover-type-none\"><img decoding=\"async\" width=\"1159\" height=\"1159\" title=\"jankelevitch1\" src=\"https:\/\/www.edder.org\/upload\/2010\/08\/jankelevitch1.png\" data-orig-src=\"https:\/\/www.edder.org\/upload\/2010\/08\/jankelevitch1.png\" alt class=\"lazyload img-responsive wp-image-48161\" srcset=\"data:image\/svg+xml,%3Csvg%20xmlns%3D%27http%3A%2F%2Fwww.w3.org%2F2000%2Fsvg%27%20width%3D%271159%27%20height%3D%271159%27%20viewBox%3D%270%200%201159%201159%27%3E%3Crect%20width%3D%271159%27%20height%3D%271159%27%20fill-opacity%3D%220%22%2F%3E%3C%2Fsvg%3E\" data-srcset=\"https:\/\/www.edder.org\/upload\/2010\/08\/jankelevitch1-200x200.png 200w, https:\/\/www.edder.org\/upload\/2010\/08\/jankelevitch1-400x400.png 400w, https:\/\/www.edder.org\/upload\/2010\/08\/jankelevitch1-600x600.png 600w, https:\/\/www.edder.org\/upload\/2010\/08\/jankelevitch1-800x800.png 800w, https:\/\/www.edder.org\/upload\/2010\/08\/jankelevitch1.png 1159w\" data-sizes=\"auto\" data-orig-sizes=\"(max-width: 1024px) 100vw, (max-width: 640px) 100vw, 400px\" \/><\/span><\/div><div class=\"fusion-separator fusion-full-width-sep\" style=\"align-self: center;margin-left: auto;margin-right: auto;margin-top:16px;width:100%;\"><\/div><div class=\"fusion-text fusion-text-1\" style=\"--awb-font-size:18px;\"><p style=\"text-align: center;\">Vlad\u00edmir JANK\u00c9L\u00c9VITCH<\/p>\n<\/div><\/div><\/div><div class=\"fusion-layout-column fusion_builder_column fusion-builder-column-1 fusion_builder_column_2_3 2_3 fusion-flex-column\" style=\"--awb-bg-size:cover;--awb-width-large:66.666666666667%;--awb-margin-top-large:0px;--awb-spacing-right-large:2.88%;--awb-margin-bottom-large:0px;--awb-spacing-left-large:3.84%;--awb-width-medium:100%;--awb-spacing-right-medium:1.92%;--awb-spacing-left-medium:1.92%;--awb-width-small:100%;--awb-spacing-right-small:1.92%;--awb-spacing-left-small:1.92%;\"><div class=\"fusion-column-wrapper fusion-flex-justify-content-flex-start fusion-content-layout-column\"><div class=\"fusion-text fusion-text-2\" style=\"--awb-font-size:14px;\"><p style=\"text-align: right;\">\u00abVamos, mortales, despertaos: el d\u00eda renace; la verdad regresa<br \/>\na la tierra y las vanas im\u00e1genes se desvanecen.\u00bb<\/p>\n<\/div><div class=\"fusion-text fusion-text-3\" style=\"--awb-font-size:14px;\"><p style=\"text-align: right;\">G. Leopardi<\/p>\n<\/div><div class=\"fusion-separator fusion-full-width-sep\" style=\"align-self: center;margin-left: auto;margin-right: auto;margin-top:18px;margin-bottom:48px;width:100%;\"><\/div><div class=\"fusion-text fusion-text-4\" style=\"--awb-font-size:23px;\"><table style=\"width: 1117px; height: 469px;\" border=\"0\" cellspacing=\"1\" cellpadding=\"1\">\n<tbody>\n<tr>\n<td style=\"width: 33px;\"><\/td>\n<td style=\"width: 708px; text-align: right;\"><\/td>\n<td style=\"width: 41px;\"><\/td>\n<\/tr>\n<tr>\n<td style=\"width: 33px;\"><\/td>\n<td style=\"width: 708px; text-align: right;\"><\/td>\n<td style=\"width: 41px;\"><\/td>\n<\/tr>\n<tr>\n<td style=\"width: 33px;\"><\/td>\n<td style=\"width: 708px;\"><span class=\"fusion-dropcap dropcap\" style=\"--awb-color:dark red;\">Q<\/span>u\u00e9 amarga es la verdad de la ma\u00f1ana. Qu\u00e9 decepcionante el despertar. Bien es verdad que al llegar la claridad del d\u00eda se esfuman miedos rid\u00edculos y hechizos nocturnos; Estrella, Chiarina y Florest\u00e1n desaparecen al sonar las seis en los campanarios de la ciudad; pero Chernogob, Kachtchei y los esp\u00edritus de las tinieblas del <em>Monte Pelado<\/em> desaparecen con ellos. Porque la fe declina al alba (Dostoievski, <em>Demonios<\/em>, II, 7, 1)\u2026 El pa\u00eds de las maravillas y los prodigios se extingue. Los encantamientos del jard\u00edn de Armide y la Noche de Mayo o la Noche de Navidad se disipan con el sol matinal junto a las brujas de Mlada. Las ocho, es hora de ponerse serio. El hombre reci\u00e9n levantado, sereno y l\u00facido, el hombre en ayunas, decepcionado pero tranquilo, abandona sus fantas\u00edas y sus pesadillas. Es la hora en que el pianista hace sus escalas. Al principio de sus <em>Sports et divertissements<\/em> Satie escribe: \u00abPor la ma\u00f1ana, en ayunas\u00bb\u2026 La seriedad se traduce en una sonrisa desenga\u00f1ada, en una sonrisa que excluye tanto las locas ilusiones como la desesperaci\u00f3n. Retomando las palabras de un escritor contempor\u00e1neo (Jean Cassou) hay un humor infinitamente disponible que consiste en \u00abno tomarse las cosas en serio\u00bb, algo muy distinto a \u00abno tomar nada en serio\u00bb. En conclusi\u00f3n, lo \u00fanico serio en este mundo es el humor.<\/td>\n<td style=\"width: 41px;\"><\/td>\n<\/tr>\n<tr>\n<td style=\"width: 33px;\"><\/td>\n<td style=\"width: 708px; text-align: right;\"><\/td>\n<td style=\"width: 41px;\"><\/td>\n<\/tr>\n<\/tbody>\n<\/table>\n<\/div><div class=\"fusion-text fusion-text-5\" style=\"--awb-font-size:14px;\"><p style=\"text-align: right;\">Vladimir Jank\u00e9l\u00e9vitch (1963)<\/p>\n<\/div><\/div><\/div><\/div><\/div>\n","protected":false},"excerpt":{"rendered":"","protected":false},"author":82,"featured_media":0,"comment_status":"open","ping_status":"open","sticky":false,"template":"","format":"standard","meta":{"jetpack_post_was_ever_published":false,"_jetpack_newsletter_access":"","_jetpack_dont_email_post_to_subs":false,"_jetpack_newsletter_tier_id":0,"_jetpack_memberships_contains_paywalled_content":false,"_jetpack_memberships_contains_paid_content":false,"footnotes":"","jetpack_publicize_message":"","jetpack_publicize_feature_enabled":true,"jetpack_social_post_already_shared":false,"jetpack_social_options":{"image_generator_settings":{"template":"highway","default_image_id":0,"font":"","enabled":false},"version":2}},"categories":[93],"tags":[82],"class_list":["post-922","post","type-post","status-publish","format-standard","hentry","category-letras","tag-jankelevitch"],"jetpack_publicize_connections":[],"jetpack_featured_media_url":"","jetpack_shortlink":"https:\/\/wp.me\/p6kHv-eS","jetpack_sharing_enabled":true,"jetpack-related-posts":[{"id":42997,"url":"https:\/\/www.edder.org\/?p=42997","url_meta":{"origin":922,"position":0},"title":"Futbolmarianismo y regionalcatolicismo de los siglos XX y XXI","author":"Eder","date":"mi\u00e9rcoles, 21 Ago, 2024","format":false,"excerpt":"","rel":"","context":"En \u00abPrehistoria contempor\u00e1nea\u00bb","block_context":{"text":"Prehistoria contempor\u00e1nea","link":"https:\/\/www.edder.org\/?cat=90"},"img":{"alt_text":"","src":"https:\/\/i0.wp.com\/www.edder.org\/upload\/2024\/08\/athletic_begogna.png?resize=350%2C200&ssl=1","width":350,"height":200,"srcset":"https:\/\/i0.wp.com\/www.edder.org\/upload\/2024\/08\/athletic_begogna.png?resize=350%2C200&ssl=1 1x, https:\/\/i0.wp.com\/www.edder.org\/upload\/2024\/08\/athletic_begogna.png?resize=525%2C300&ssl=1 1.5x, https:\/\/i0.wp.com\/www.edder.org\/upload\/2024\/08\/athletic_begogna.png?resize=700%2C400&ssl=1 2x, https:\/\/i0.wp.com\/www.edder.org\/upload\/2024\/08\/athletic_begogna.png?resize=1050%2C600&ssl=1 3x"},"classes":[]},{"id":43123,"url":"https:\/\/www.edder.org\/?p=43123","url_meta":{"origin":922,"position":1},"title":"El amor (fou) en tiempos neum\u00e1ticos","author":"Eder","date":"lunes, 21 Oct, 2024","format":false,"excerpt":"","rel":"","context":"En \u00abCine\u00bb","block_context":{"text":"Cine","link":"https:\/\/www.edder.org\/?cat=79"},"img":{"alt_text":"","src":"https:\/\/i0.wp.com\/www.edder.org\/upload\/2024\/10\/pneu.png?resize=350%2C200&ssl=1","width":350,"height":200,"srcset":"https:\/\/i0.wp.com\/www.edder.org\/upload\/2024\/10\/pneu.png?resize=350%2C200&ssl=1 1x, https:\/\/i0.wp.com\/www.edder.org\/upload\/2024\/10\/pneu.png?resize=525%2C300&ssl=1 1.5x, https:\/\/i0.wp.com\/www.edder.org\/upload\/2024\/10\/pneu.png?resize=700%2C400&ssl=1 2x"},"classes":[]},{"id":2956,"url":"https:\/\/www.edder.org\/?p=2956","url_meta":{"origin":922,"position":2},"title":"Aurelio Arteta, \u00abTr\u00edptico de la Guerra\u00bb (1937-1938)","author":"Eder","date":"domingo, 3 Mar, 2013","format":false,"excerpt":"","rel":"","context":"En \u00abArtes\u00bb","block_context":{"text":"Artes","link":"https:\/\/www.edder.org\/?cat=85"},"img":{"alt_text":"","src":"https:\/\/i0.wp.com\/www.edder.org\/upload\/2013\/03\/04_arteta_triptico.jpg?resize=350%2C200&ssl=1","width":350,"height":200,"srcset":"https:\/\/i0.wp.com\/www.edder.org\/upload\/2013\/03\/04_arteta_triptico.jpg?resize=350%2C200&ssl=1 1x, https:\/\/i0.wp.com\/www.edder.org\/upload\/2013\/03\/04_arteta_triptico.jpg?resize=525%2C300&ssl=1 1.5x"},"classes":[]},{"id":41764,"url":"https:\/\/www.edder.org\/?p=41764","url_meta":{"origin":922,"position":3},"title":"Dylan-Baez. Carretera perdida, camino de perdici\u00f3n","author":"Eder","date":"domingo, 2 Jul, 2023","format":false,"excerpt":"","rel":"","context":"En \u00abM\u00fasica\u00bb","block_context":{"text":"M\u00fasica","link":"https:\/\/www.edder.org\/?cat=87"},"img":{"alt_text":"","src":"https:\/\/i0.wp.com\/www.edder.org\/upload\/2023\/07\/hankwilliams_lost.jpg?resize=350%2C200&ssl=1","width":350,"height":200,"srcset":"https:\/\/i0.wp.com\/www.edder.org\/upload\/2023\/07\/hankwilliams_lost.jpg?resize=350%2C200&ssl=1 1x, https:\/\/i0.wp.com\/www.edder.org\/upload\/2023\/07\/hankwilliams_lost.jpg?resize=525%2C300&ssl=1 1.5x, https:\/\/i0.wp.com\/www.edder.org\/upload\/2023\/07\/hankwilliams_lost.jpg?resize=700%2C400&ssl=1 2x, https:\/\/i0.wp.com\/www.edder.org\/upload\/2023\/07\/hankwilliams_lost.jpg?resize=1050%2C600&ssl=1 3x"},"classes":[]},{"id":40495,"url":"https:\/\/www.edder.org\/?p=40495","url_meta":{"origin":922,"position":4},"title":"Stile vecchio (come la casa di Tiziano a Pieve di Cadore)","author":"Eder","date":"mi\u00e9rcoles, 19 May, 2021","format":false,"excerpt":"","rel":"","context":"En \u00abCine\u00bb","block_context":{"text":"Cine","link":"https:\/\/www.edder.org\/?cat=79"},"img":{"alt_text":"","src":"https:\/\/i0.wp.com\/www.edder.org\/upload\/2013\/04\/vlcsnap-2020-12-10-17h28m37s280-1.png?resize=350%2C200&ssl=1","width":350,"height":200,"srcset":"https:\/\/i0.wp.com\/www.edder.org\/upload\/2013\/04\/vlcsnap-2020-12-10-17h28m37s280-1.png?resize=350%2C200&ssl=1 1x, https:\/\/i0.wp.com\/www.edder.org\/upload\/2013\/04\/vlcsnap-2020-12-10-17h28m37s280-1.png?resize=525%2C300&ssl=1 1.5x, https:\/\/i0.wp.com\/www.edder.org\/upload\/2013\/04\/vlcsnap-2020-12-10-17h28m37s280-1.png?resize=700%2C400&ssl=1 2x"},"classes":[]},{"id":43163,"url":"https:\/\/www.edder.org\/?p=43163","url_meta":{"origin":922,"position":5},"title":"\u00abDespertad, mortales\u00bb, por Vladimir Jank\u00e9l\u00e9vitch","author":"Eder","date":"martes, 10 Dic, 2024","format":false,"excerpt":"","rel":"","context":"En \u00abArtes\u00bb","block_context":{"text":"Artes","link":"https:\/\/www.edder.org\/?cat=85"},"img":{"alt_text":"","src":"https:\/\/i0.wp.com\/www.edder.org\/upload\/2024\/12\/armida1.png?resize=350%2C200&ssl=1","width":350,"height":200,"srcset":"https:\/\/i0.wp.com\/www.edder.org\/upload\/2024\/12\/armida1.png?resize=350%2C200&ssl=1 1x, https:\/\/i0.wp.com\/www.edder.org\/upload\/2024\/12\/armida1.png?resize=525%2C300&ssl=1 1.5x, https:\/\/i0.wp.com\/www.edder.org\/upload\/2024\/12\/armida1.png?resize=700%2C400&ssl=1 2x"},"classes":[]}],"jetpack_likes_enabled":true,"_links":{"self":[{"href":"https:\/\/www.edder.org\/index.php?rest_route=\/wp\/v2\/posts\/922","targetHints":{"allow":["GET"]}}],"collection":[{"href":"https:\/\/www.edder.org\/index.php?rest_route=\/wp\/v2\/posts"}],"about":[{"href":"https:\/\/www.edder.org\/index.php?rest_route=\/wp\/v2\/types\/post"}],"author":[{"embeddable":true,"href":"https:\/\/www.edder.org\/index.php?rest_route=\/wp\/v2\/users\/82"}],"replies":[{"embeddable":true,"href":"https:\/\/www.edder.org\/index.php?rest_route=%2Fwp%2Fv2%2Fcomments&post=922"}],"version-history":[{"count":7,"href":"https:\/\/www.edder.org\/index.php?rest_route=\/wp\/v2\/posts\/922\/revisions"}],"predecessor-version":[{"id":48169,"href":"https:\/\/www.edder.org\/index.php?rest_route=\/wp\/v2\/posts\/922\/revisions\/48169"}],"wp:attachment":[{"href":"https:\/\/www.edder.org\/index.php?rest_route=%2Fwp%2Fv2%2Fmedia&parent=922"}],"wp:term":[{"taxonomy":"category","embeddable":true,"href":"https:\/\/www.edder.org\/index.php?rest_route=%2Fwp%2Fv2%2Fcategories&post=922"},{"taxonomy":"post_tag","embeddable":true,"href":"https:\/\/www.edder.org\/index.php?rest_route=%2Fwp%2Fv2%2Ftags&post=922"}],"curies":[{"name":"wp","href":"https:\/\/api.w.org\/{rel}","templated":true}]}}