{"id":92,"date":"2007-03-23T10:20:52","date_gmt":"2007-03-23T08:20:52","guid":{"rendered":"https:\/\/www.edder.org\/?p=92"},"modified":"2018-07-27T16:38:31","modified_gmt":"2018-07-27T14:38:31","slug":"rabiosa-electoral","status":"publish","type":"post","link":"https:\/\/www.edder.org\/?p=92","title":{"rendered":"Rabiosa electoral"},"content":{"rendered":"<p>A poco que Sanz siga adelante con la astracanada que viene representando desde hace una semana en los m\u00e1s diversos escenarios ???con un \u00e9xito de cr\u00edtica y p\u00fablico sin precedentes???, va a terminar convenci\u00e9ndonos de que su talento para el g\u00e9nero chusco es una cosa por dem\u00e1s. O nos convence de eso, o terminaremos por pensar que est\u00e1 fren\u00e9tico, si no rabioso. Fue precisamente Sanz quien saco la rabia a pasear cuando, en los preparativos de la que se supon\u00eda suprema demostraci\u00f3n de navarrismo ???demostraci\u00f3n sobre cuyo coste econ\u00f3mico s\u00f3lo hemos tenido noci\u00f3n aproximada, no noticias oficiales???, declar\u00f3 a la prensa que quer\u00eda una manifestaci\u00f3n ???rabiosamente democr\u00e1tica???. Lo de ???rabiosamente??? no lo o\u00edamos desde que los ca\u00f1\u00eds, all\u00e1 por los a\u00f1os del astrac\u00e1n, se declaraban ???rabiosamente espa\u00f1oles???. A lo peor, Sanz tuvo un primer golpe de rabia no contenida al comprobar que, por una falta de previsi\u00f3n en el tama\u00f1o de las banderas ???cosa que pudo haberse subsanado con unos pocos millones m\u00e1s a cuenta del contribuyente???, los colores ca\u00f1\u00eds se ense\u00f1orearon de la manifestaci\u00f3n y la cosa deriv\u00f3, como era previsible, por donde discurren regularmente las romer\u00edas de la no resignada oposici\u00f3n patria. Un golpe de rabia explicar\u00eda la pata de banco ???rabiosamente antidemocr\u00e1tica??? con que el alterado presidente de los navarros nos sali\u00f3 al d\u00eda siguiente: la propuesta de repartir ya mismo los cargos que se juegan en las elecciones, sin esperar a que resuelva ese prescindible tr\u00e1mite. Tama\u00f1o disparate fue ampliamente celebrado, pero iba a quedarse en un simple aperitivo de sus confidencias sobre la posibilidad de una intervenci\u00f3n providencial de la Corona ???no se sabe vali\u00e9ndose de qu\u00e9 brazo del Estado???, en caso de fuerza mayor. La celebraci\u00f3n de tan inauditas confidencias todav\u00eda no ha parado y el talento de Sanz para la astracanada anda de nuevo en lenguas. O en verdad tiene ese talento o est\u00e1 algo fren\u00e9tico ante el ineludible tr\u00e1mite que se avecina: el lanzamiento de rabiosa electoral.<\/p>\n<div align=\"right\">Publicado en <a target=\"blank\" href=\"http:\/\/www.noticiasdenavarra.com\/ediciones\/2007\/03\/23\/opinion\/contra.php\">Diario de Noticias<\/a><img class=\"lazyload\" decoding=\"async\" align=\"right\" title=\"dn\" alt=\"dn\" src=\"data:image\/gif;base64,R0lGODlhAQABAAAAACH5BAEKAAEALAAAAAABAAEAAAICTAEAOw==\" data-orig-src=\"https:\/\/www.edder.org\/images\/dn.gif\" \/><\/div>\n","protected":false},"excerpt":{"rendered":"<p>A poco que Sanz siga adelante con la astracanada que viene representando desde hace una semana en los m\u00e1s diversos escenarios ???con un \u00e9xito de cr\u00edtica y p\u00fablico sin precedentes???, va a terminar convenci\u00e9ndonos de que su talento para el g\u00e9nero chusco es una cosa por dem\u00e1s. O nos convence de eso, o terminaremos por pensar que est\u00e1 fren\u00e9tico, si no rabioso. Fue precisamente Sanz quien saco la rabia a pasear cuando, en los preparativos de la que se supon\u00eda suprema demostraci\u00f3n de navarrismo ???demostraci\u00f3n sobre cuyo coste econ\u00f3mico s\u00f3lo hemos tenido noci\u00f3n aproximada, no noticias oficiales???, declar\u00f3 a la prensa que quer\u00eda una manifestaci\u00f3n ???rabiosamente democr\u00e1tica???. Lo de ???rabiosamente??? no lo o\u00edamos desde que los ca\u00f1\u00eds, all\u00e1 por los a\u00f1os del astrac\u00e1n, se declaraban ???rabiosamente espa\u00f1oles???.  [&#8230;]<\/p>\n","protected":false},"author":82,"featured_media":0,"comment_status":"open","ping_status":"open","sticky":false,"template":"","format":"standard","meta":{"jetpack_post_was_ever_published":false,"_jetpack_newsletter_access":"","_jetpack_dont_email_post_to_subs":false,"_jetpack_newsletter_tier_id":0,"_jetpack_memberships_contains_paywalled_content":false,"_jetpack_memberships_contains_paid_content":false,"footnotes":"","jetpack_publicize_message":"","jetpack_publicize_feature_enabled":true,"jetpack_social_post_already_shared":false,"jetpack_social_options":{"image_generator_settings":{"template":"highway","default_image_id":0,"font":"","enabled":false},"version":2}},"categories":[3],"tags":[],"class_list":["post-92","post","type-post","status-publish","format-standard","hentry","category-na"],"jetpack_publicize_connections":[],"jetpack_featured_media_url":"","jetpack_shortlink":"https:\/\/wp.me\/p6kHv-1u","jetpack_sharing_enabled":true,"jetpack-related-posts":[{"id":93,"url":"https:\/\/www.edder.org\/?p=93","url_meta":{"origin":92,"position":0},"title":"La pertinaz sequ\u00eda","author":"Eder","date":"viernes, 30 Mar, 2007","format":false,"excerpt":"Ha habido en el \u00faltimo minuto una aut\u00e9ntica riada informativa sobre lo que cuesta un caf\u00e9. Por contra, cabe suponer que para compensar la riada, en esta tierra de secano seguimos con la pertinaz sequ\u00eda de noticias oficiales sobre el precio de la demostraci\u00f3n p\u00fablica de navarr\u00edsimo navarrismo organizada hace\u2026","rel":"","context":"En \u00abNA\u00bb","block_context":{"text":"NA","link":"https:\/\/www.edder.org\/?cat=3"},"img":{"alt_text":"","src":"","width":0,"height":0},"classes":[]},{"id":80,"url":"https:\/\/www.edder.org\/?p=80","url_meta":{"origin":92,"position":1},"title":"Las mentiras de los Sanz","author":"Eder","date":"viernes, 19 Ene, 2007","format":false,"excerpt":"Alguno de los Sanz miente. Alguno de los Sanz miente y no es Alejandro. O si Alejandro Sanz miente, all\u00e1 pel\u00edculas: el cantante no preside ning\u00fan gobierno auton\u00f3mico. Por su parte, parece m\u00e1s que comprobado que Miguel Sanz enton\u00f3 el pasado s\u00e1bado sentidas jotas de su repertorio en la localidad\u2026","rel":"","context":"En \u00abNA\u00bb","block_context":{"text":"NA","link":"https:\/\/www.edder.org\/?cat=3"},"img":{"alt_text":"","src":"","width":0,"height":0},"classes":[]},{"id":433,"url":"https:\/\/www.edder.org\/?p=433","url_meta":{"origin":92,"position":2},"title":"Yes, they Can","author":"Eder","date":"viernes, 26 Jun, 2009","format":false,"excerpt":"Yes, they Can, o lo que es mismo: Sanz y Barcina seguir\u00e1n estando en la Can cuando el \u00faltimo pol\u00edtico que se vaya de Caja Navarra cierre la puerta. Es m\u00e1s: Sanz estar\u00eda en las altas esferas de Caja Navarra incluso en el poco veros\u00edmil supuesto de que hoy mismo\u2026","rel":"","context":"En \u00abNA\u00bb","block_context":{"text":"NA","link":"https:\/\/www.edder.org\/?cat=3"},"img":{"alt_text":"","src":"","width":0,"height":0},"classes":[]},{"id":35,"url":"https:\/\/www.edder.org\/?p=35","url_meta":{"origin":92,"position":3},"title":"El h\u00e1bito regener\u00f3 al monde","author":"Eder","date":"viernes, 6 Ene, 2006","format":false,"excerpt":"La desfachatez que ha llevado a Sanz \u2013Sanz Sesma\u2013 a interpretar la sentencia judicial por la que se anula la concesi\u00f3n de licencias de radio hecha en su d\u00eda por Sanz \u2013Sanz Barea\u2013 y Palacios como otro \u00e9xito del Gobierno de UPN \u2013otro m\u00e1s de la cascada incesante de \u00e9xitos\u2026","rel":"","context":"En \u00abNA\u00bb","block_context":{"text":"NA","link":"https:\/\/www.edder.org\/?cat=3"},"img":{"alt_text":"","src":"","width":0,"height":0},"classes":[]},{"id":174,"url":"https:\/\/www.edder.org\/?p=174","url_meta":{"origin":92,"position":4},"title":"Foralit\u00e9","author":"Eder","date":"viernes, 12 Sep, 2008","format":false,"excerpt":"Aprovechen que se acaban. Que se acaban los vodeviles y sainetes de ese Alfredo Landa hiperforal que es nuestro gran Miguel Sanz. Aunque previsible, la \u00faltima actuaci\u00f3n de nuestro hiperforal histri\u00f3n \u2013Sanz, no Landa, que Landa es hiperforal en el Reyno, superdonostiarra en San Sebasti\u00e1n y el padre fundador de\u2026","rel":"","context":"En \u00abNA\u00bb","block_context":{"text":"NA","link":"https:\/\/www.edder.org\/?cat=3"},"img":{"alt_text":"","src":"","width":0,"height":0},"classes":[]},{"id":199,"url":"https:\/\/www.edder.org\/?p=199","url_meta":{"origin":92,"position":5},"title":"Cosas de familia","author":"Eder","date":"viernes, 7 Nov, 2008","format":false,"excerpt":"La disputa en el seno de la derecha navarra\u2026 Pero vayamos por partes. Digo disputa porque cuanto hay de momento es eso: una disputa familiar, todo lo subida de tono que se quiera, pero nada m\u00e1s. Digo en el seno de la derecha navarra y no en el seno de\u2026","rel":"","context":"En \u00abNA\u00bb","block_context":{"text":"NA","link":"https:\/\/www.edder.org\/?cat=3"},"img":{"alt_text":"","src":"","width":0,"height":0},"classes":[]}],"jetpack_likes_enabled":true,"_links":{"self":[{"href":"https:\/\/www.edder.org\/index.php?rest_route=\/wp\/v2\/posts\/92","targetHints":{"allow":["GET"]}}],"collection":[{"href":"https:\/\/www.edder.org\/index.php?rest_route=\/wp\/v2\/posts"}],"about":[{"href":"https:\/\/www.edder.org\/index.php?rest_route=\/wp\/v2\/types\/post"}],"author":[{"embeddable":true,"href":"https:\/\/www.edder.org\/index.php?rest_route=\/wp\/v2\/users\/82"}],"replies":[{"embeddable":true,"href":"https:\/\/www.edder.org\/index.php?rest_route=%2Fwp%2Fv2%2Fcomments&post=92"}],"version-history":[{"count":0,"href":"https:\/\/www.edder.org\/index.php?rest_route=\/wp\/v2\/posts\/92\/revisions"}],"wp:attachment":[{"href":"https:\/\/www.edder.org\/index.php?rest_route=%2Fwp%2Fv2%2Fmedia&parent=92"}],"wp:term":[{"taxonomy":"category","embeddable":true,"href":"https:\/\/www.edder.org\/index.php?rest_route=%2Fwp%2Fv2%2Fcategories&post=92"},{"taxonomy":"post_tag","embeddable":true,"href":"https:\/\/www.edder.org\/index.php?rest_route=%2Fwp%2Fv2%2Ftags&post=92"}],"curies":[{"name":"wp","href":"https:\/\/api.w.org\/{rel}","templated":true}]}}