{"id":91,"date":"2007-03-16T17:29:58","date_gmt":"2007-03-16T15:29:58","guid":{"rendered":"https:\/\/www.edder.org\/?p=91"},"modified":"2018-07-27T16:38:31","modified_gmt":"2018-07-27T14:38:31","slug":"patria-y-fratria","status":"publish","type":"post","link":"https:\/\/www.edder.org\/?p=91","title":{"rendered":"Patria y fratr\u00eda"},"content":{"rendered":"<p>Pamplona este s&aacute;bado, &iquest;segunda parte de Madrid el s&aacute;bado pasado? Algo de eso habr&aacute;: seguramente, un id&eacute;ntico flamear de banderas al viento, con distintas ense&ntilde;as pero con similar profusi&oacute;n; ciertas caras recurrentes &ndash;ya anunciadas&ndash; en las primeras filas, en diferente posici&oacute;n protocolaria, pero igual adem&aacute;n; a no dudarlo, los mismos esl&oacute;ganes aqu&iacute; que all&aacute;. Pero lo del s&aacute;bado pasado en Madrid fue cosa de salvar la patria y lo de este s&aacute;bado en Pamplona es asunto de perpetuar la fratr&iacute;a. All&iacute; se fue a salvar la patria, cuyos designios dej&oacute; la chusma insensata en manos de un irresponsable al que, por decreto inapelable de los patriotas en marcha, no le resta un &aacute;pice de legitimidad. Aqu&iacute; se tratar&aacute; de salvar los muebles del fraterno magma electoral al que el arzobispo Sebasti&aacute;n ha llamado &laquo;la Navarra de siempre&raquo;, cosa eterna, cuyas m&iacute;sticas esencias encarnan dos hombres y un destino: Sanz y Alli y Alli y Sanz, convocantes de la nueva marcha al toque de a rebato. Como en las viejas tribus, el destino com&uacute;n une a la fratr&iacute;a aun en la diferencia y sobre todo en la hip&oacute;tesis de una adversidad electoral. Qu&eacute; unanimidad expresiva hay hoy en esta dis&iacute;mil pareja formada por un Dem&oacute;stenes y el de la espada de Dem&oacute;stenes, el emperador del pol&iacute;grafo que, no muy seguro de su elocuencia, f&iacute;a la veracidad de lo que dice al dictamen de tan cient&iacute;fico cacharro. Como entre las viejas tribus, la fratr&iacute;a se reserva privilegios, tal que el de disponer de dineros p&uacute;blicos para organizar sus toques de a rebato patri&oacute;ticos &ndash;con el profuso reparto de banderas que eso conlleva&ndash;. Siendo las esencias de la patria las que est&aacute;n en peligro, c&oacute;mo no. Que el ruido y la furia del toque de a rebato calle los ecos crecientes de la crasa inoperancia con que se desmantela la sanidad p&uacute;blica. Callen trompetas y timbales la grasa manera de conducir los asuntos administrativos e h&iacute;nchense los corazones en la hora salir a defender la patria. O por lo menos los muebles electorales de la fratr&iacute;a.<\/p>\n<div align=\"right\">Publicado en <a href=\"http:\/\/www.noticiasdenavarra.com\/ediciones\/2007\/03\/16\/opinion\/contra.php\" target=\"blank\">Diario de Noticias<\/a><img class=\"lazyload\" decoding=\"async\" align=\"right\" alt=\"dn\" src=\"data:image\/gif;base64,R0lGODlhAQABAAAAACH5BAEKAAEALAAAAAABAAEAAAICTAEAOw==\" data-orig-src=\"https:\/\/www.edder.org\/images\/dn.gif\" title=\"dn\" \/><\/div>\n","protected":false},"excerpt":{"rendered":"<p>Pamplona este s&aacute;bado, &iquest;segunda parte de Madrid el s&aacute;bado pasado? Algo de eso habr&aacute;: seguramente, un id&eacute;ntico flamear de banderas al viento, con distintas ense&ntilde;as pero con similar profusi&oacute;n; ciertas caras recurrentes &ndash;ya anunciadas&ndash; en las primeras filas, en diferente posici&oacute;n protocolaria, pero igual adem&aacute;n; a no dudarlo, los mismos esl&oacute;ganes aqu&iacute; que all&aacute;. Pero lo del s&aacute;bado pasado en Madrid fue cosa de salvar la patria y lo de este s&aacute;bado en Pamplona es asunto de perpetuar la fratr&iacute;a. All&iacute; se fue a salvar la patria, cuyos designios dej&oacute; la chusma insensata en manos de un irresponsable al que, por decreto inapelable de los patriotas en marcha, no le resta un &aacute;pice de legitimidad. Aqu&iacute; se tratar&aacute; de salvar los muebles del fraterno magma electoral al  [&#8230;]<\/p>\n","protected":false},"author":82,"featured_media":0,"comment_status":"open","ping_status":"open","sticky":false,"template":"","format":"standard","meta":{"jetpack_post_was_ever_published":false,"_jetpack_newsletter_access":"","_jetpack_dont_email_post_to_subs":false,"_jetpack_newsletter_tier_id":0,"_jetpack_memberships_contains_paywalled_content":false,"_jetpack_memberships_contains_paid_content":false,"footnotes":"","jetpack_publicize_message":"","jetpack_publicize_feature_enabled":true,"jetpack_social_post_already_shared":false,"jetpack_social_options":{"image_generator_settings":{"template":"highway","default_image_id":0,"font":"","enabled":false},"version":2}},"categories":[3],"tags":[],"class_list":["post-91","post","type-post","status-publish","format-standard","hentry","category-na"],"jetpack_publicize_connections":[],"jetpack_featured_media_url":"","jetpack_shortlink":"https:\/\/wp.me\/p6kHv-1t","jetpack_sharing_enabled":true,"jetpack-related-posts":[{"id":1152,"url":"https:\/\/www.edder.org\/?p=1152","url_meta":{"origin":91,"position":0},"title":"Desencuentros del 74","author":"Eder","date":"viernes, 1 Oct, 2010","format":false,"excerpt":"Navarra, las cosas como son, ha escrito p\u00e1ginas de oro en la historia del surrealismo. Con luz propia brillan los momenticos hist\u00f3ricos vividos en marzo de 1974, cuando el pamplon\u00e9s Antonio A\u00f1overos (1909-1987), nuevo Obispo de Bilbao, invoc\u00f3 el canon 2.334 del Concordato y amenaz\u00f3 con excomulgar a Franco, General\u00edsimo\u2026","rel":"","context":"En \u00abNA\u00bb","block_context":{"text":"NA","link":"https:\/\/www.edder.org\/?cat=3"},"img":{"alt_text":"","src":"","width":0,"height":0},"classes":[]},{"id":80,"url":"https:\/\/www.edder.org\/?p=80","url_meta":{"origin":91,"position":1},"title":"Las mentiras de los Sanz","author":"Eder","date":"viernes, 19 Ene, 2007","format":false,"excerpt":"Alguno de los Sanz miente. Alguno de los Sanz miente y no es Alejandro. O si Alejandro Sanz miente, all\u00e1 pel\u00edculas: el cantante no preside ning\u00fan gobierno auton\u00f3mico. Por su parte, parece m\u00e1s que comprobado que Miguel Sanz enton\u00f3 el pasado s\u00e1bado sentidas jotas de su repertorio en la localidad\u2026","rel":"","context":"En \u00abNA\u00bb","block_context":{"text":"NA","link":"https:\/\/www.edder.org\/?cat=3"},"img":{"alt_text":"","src":"","width":0,"height":0},"classes":[]},{"id":316,"url":"https:\/\/www.edder.org\/?p=316","url_meta":{"origin":91,"position":2},"title":"Rodezno","author":"Eder","date":"martes, 8 Feb, 2011","format":false,"excerpt":"","rel":"","context":"En \u00abNA\u00bb","block_context":{"text":"NA","link":"https:\/\/www.edder.org\/?cat=3"},"img":{"alt_text":"","src":"","width":0,"height":0},"classes":[]},{"id":560,"url":"https:\/\/www.edder.org\/?p=560","url_meta":{"origin":91,"position":3},"title":"P&#8217;alante y p&#8217;atr\u00e1s","author":"Eder","date":"viernes, 8 Ene, 2010","format":false,"excerpt":"Seg\u00fan consta en la grabaci\u00f3n que por pura casualidad hice, y que conservo por tener una prueba que me confirme no haberlo so\u00f1ado, el pasado s\u00e1bado, d\u00eda dos de enero del a\u00f1o primero de la segunda d\u00e9cada del siglo XXI, a las veintiuna horas y cuarenta minutos, en una de\u2026","rel":"","context":"En \u00abNA\u00bb","block_context":{"text":"NA","link":"https:\/\/www.edder.org\/?cat=3"},"img":{"alt_text":"","src":"","width":0,"height":0},"classes":[]},{"id":40380,"url":"https:\/\/www.edder.org\/?p=40380","url_meta":{"origin":91,"position":4},"title":"\u00abLuz divina\u00bb, Lorenzo Aguirre, Jueves Santo en Pamplona","author":"Eder","date":"jueves, 1 Abr, 2021","format":false,"excerpt":"","rel":"","context":"En \u00abArtes\u00bb","block_context":{"text":"Artes","link":"https:\/\/www.edder.org\/?cat=85"},"img":{"alt_text":"","src":"https:\/\/i0.wp.com\/www.edder.org\/upload\/2021\/04\/aguirre.jpg?resize=350%2C200&ssl=1","width":350,"height":200},"classes":[]},{"id":12813,"url":"https:\/\/www.edder.org\/?p=12813","url_meta":{"origin":91,"position":5},"title":"Jueves Santo en Pamplona: Luz divina","author":"Eder","date":"jueves, 24 Mar, 2016","format":false,"excerpt":"","rel":"","context":"En \u00abArtes\u00bb","block_context":{"text":"Artes","link":"https:\/\/www.edder.org\/?cat=85"},"img":{"alt_text":"","src":"https:\/\/i0.wp.com\/www.edder.org\/upload\/2016\/03\/1.jpg?resize=350%2C200&ssl=1","width":350,"height":200},"classes":[]}],"jetpack_likes_enabled":true,"_links":{"self":[{"href":"https:\/\/www.edder.org\/index.php?rest_route=\/wp\/v2\/posts\/91","targetHints":{"allow":["GET"]}}],"collection":[{"href":"https:\/\/www.edder.org\/index.php?rest_route=\/wp\/v2\/posts"}],"about":[{"href":"https:\/\/www.edder.org\/index.php?rest_route=\/wp\/v2\/types\/post"}],"author":[{"embeddable":true,"href":"https:\/\/www.edder.org\/index.php?rest_route=\/wp\/v2\/users\/82"}],"replies":[{"embeddable":true,"href":"https:\/\/www.edder.org\/index.php?rest_route=%2Fwp%2Fv2%2Fcomments&post=91"}],"version-history":[{"count":0,"href":"https:\/\/www.edder.org\/index.php?rest_route=\/wp\/v2\/posts\/91\/revisions"}],"wp:attachment":[{"href":"https:\/\/www.edder.org\/index.php?rest_route=%2Fwp%2Fv2%2Fmedia&parent=91"}],"wp:term":[{"taxonomy":"category","embeddable":true,"href":"https:\/\/www.edder.org\/index.php?rest_route=%2Fwp%2Fv2%2Fcategories&post=91"},{"taxonomy":"post_tag","embeddable":true,"href":"https:\/\/www.edder.org\/index.php?rest_route=%2Fwp%2Fv2%2Ftags&post=91"}],"curies":[{"name":"wp","href":"https:\/\/api.w.org\/{rel}","templated":true}]}}