{"id":90,"date":"2007-03-09T09:35:11","date_gmt":"2007-03-09T07:35:11","guid":{"rendered":"https:\/\/www.edder.org\/?p=90"},"modified":"2018-07-27T16:38:32","modified_gmt":"2018-07-27T14:38:32","slug":"neoamadeo","status":"publish","type":"post","link":"https:\/\/www.edder.org\/?p=90","title":{"rendered":"Neoamadeo"},"content":{"rendered":"<p>Los viejos del lugar recordamos con m&aacute;s pena que gloria la legendaria manifestaci&oacute;n que, en defensas de nuestras esencias inalienables, convoc&oacute; un tres de diciembre de 1977 el por entonces presidente del Gobierno navarro Amadeo Marco. Digo con m&aacute;s pena que gloria porque aunque la manifestaci&oacute;n pretend&iacute;a alcanzar proporciones m&iacute;ticas &ndash;y a tal efecto el gobierno amade&iacute;sta no escatim&oacute; bocadillos&ndash;, no pas&oacute; de ser una bronca m&aacute;s de las que ahora te monta Acebes en dos patadas. Como en las broncas callejeras que a un ritmo fren&eacute;tico monta ahora Acebes, los aproximadamente ocho mil concurrentes a la demostraci&oacute;n de navarridad que hab&iacute;a organizado Marco se multiplicaron milagrosamente por cinco en las informaciones de los medios afectos. Digo legendaria manifestaci&oacute;n porque, como cada vez que las esencias inalienables salen a pasear, la historia local fluy&oacute; como un r&iacute;o &eacute;pico que iba de nuestro don Pelayo &ndash;Sancho el Fuerte con la maza&ndash; a las masas populares en marcha contra el drag&oacute;n &ndash;carlistadas, gamazadas, santas cruzadas&ndash; alguna que otra javierada: &laquo;Tierra santa de Navarra, de tradici&oacute;n relicario&raquo;, que dijera el poeta de la &uacute;ltima Cruzada. De tradici&oacute;n relicario todav&iacute;a hoy, no tanto por la vigencia de las javieradas &ndash;evento de ch&aacute;ndal y m&oacute;vil&ndash;, cuanto porque el Gobierno neoamade&iacute;sta no consiente que en tierra santa se cumplan leyes como la que despenaliz&oacute; &ndash;&iquest;hace cu&aacute;ntos lustros?&ndash; ciertos supuestos del aborto. Por si hubiera dudas de nuestro neoamade&iacute;smo, la C&aacute;mara de Cuentas acaba de reconvenir al Gobierno por ciertas pr&aacute;cticas notoriamente habituales en el inextinguible mandato de aquel campechano y espont&aacute;neo paisano. De sobra conocidos son los golpes de campechan&iacute;a y espontaneidad de nuestro actual presidente del Gobierno, que como nuevo Amadeo &ndash;ya dijo Hegel que los grandes hechos y personajes de la historia universal aparecen dos veces&ndash;, reclama a las masas para reverdecer los laureles de la hist&oacute;rica jornada del tres de diciembre de 1977.<\/p>\n<div align=\"right\">Publicado en <a href=\"http:\/\/www.noticiasdenavarra.com\/ediciones\/2007\/03\/09\/opinion\/contra.php\" target=\"blank\">Diario de Noticias<\/a><img class=\"lazyload\" decoding=\"async\" align=\"right\" alt=\"dn\" src=\"data:image\/gif;base64,R0lGODlhAQABAAAAACH5BAEKAAEALAAAAAABAAEAAAICTAEAOw==\" data-orig-src=\"https:\/\/www.edder.org\/images\/dn.gif\" title=\"dn\" \/><\/div>\n","protected":false},"excerpt":{"rendered":"<p>Los viejos del lugar recordamos con m&aacute;s pena que gloria la legendaria manifestaci&oacute;n que, en defensas de nuestras esencias inalienables, convoc&oacute; un tres de diciembre de 1977 el por entonces presidente del Gobierno navarro Amadeo Marco. Digo con m&aacute;s pena que gloria porque aunque la manifestaci&oacute;n pretend&iacute;a alcanzar proporciones m&iacute;ticas &ndash;y a tal efecto el gobierno amade&iacute;sta no escatim&oacute; bocadillos&ndash;, no pas&oacute; de ser una bronca m&aacute;s de las que ahora te monta Acebes en dos patadas. Como en las broncas callejeras que a un ritmo fren&eacute;tico monta ahora Acebes, los aproximadamente ocho mil concurrentes a la demostraci&oacute;n de navarridad que hab&iacute;a organizado Marco se multiplicaron milagrosamente por cinco en las informaciones de los medios afectos. Digo legendaria manifestaci&oacute;n porque, como cada vez que las esencias inalienables  [&#8230;]<\/p>\n","protected":false},"author":82,"featured_media":0,"comment_status":"open","ping_status":"open","sticky":false,"template":"","format":"standard","meta":{"jetpack_post_was_ever_published":false,"_jetpack_newsletter_access":"","_jetpack_dont_email_post_to_subs":false,"_jetpack_newsletter_tier_id":0,"_jetpack_memberships_contains_paywalled_content":false,"_jetpack_memberships_contains_paid_content":false,"footnotes":"","jetpack_publicize_message":"","jetpack_publicize_feature_enabled":true,"jetpack_social_post_already_shared":false,"jetpack_social_options":{"image_generator_settings":{"template":"highway","default_image_id":0,"font":"","enabled":false},"version":2}},"categories":[3],"tags":[],"class_list":["post-90","post","type-post","status-publish","format-standard","hentry","category-na"],"jetpack_publicize_connections":[],"jetpack_featured_media_url":"","jetpack_shortlink":"https:\/\/wp.me\/p6kHv-1s","jetpack_sharing_enabled":true,"jetpack-related-posts":[{"id":54,"url":"https:\/\/www.edder.org\/?p=54","url_meta":{"origin":90,"position":0},"title":"Erre que erre","author":"Eder","date":"viernes, 28 Abr, 2006","format":false,"excerpt":"","rel":"","context":"En \u00abNA\u00bb","block_context":{"text":"NA","link":"https:\/\/www.edder.org\/?cat=3"},"img":{"alt_text":"","src":"","width":0,"height":0},"classes":[]},{"id":93,"url":"https:\/\/www.edder.org\/?p=93","url_meta":{"origin":90,"position":1},"title":"La pertinaz sequ\u00eda","author":"Eder","date":"viernes, 30 Mar, 2007","format":false,"excerpt":"Ha habido en el \u00faltimo minuto una aut\u00e9ntica riada informativa sobre lo que cuesta un caf\u00e9. Por contra, cabe suponer que para compensar la riada, en esta tierra de secano seguimos con la pertinaz sequ\u00eda de noticias oficiales sobre el precio de la demostraci\u00f3n p\u00fablica de navarr\u00edsimo navarrismo organizada hace\u2026","rel":"","context":"En \u00abNA\u00bb","block_context":{"text":"NA","link":"https:\/\/www.edder.org\/?cat=3"},"img":{"alt_text":"","src":"","width":0,"height":0},"classes":[]},{"id":72,"url":"https:\/\/www.edder.org\/?p=72","url_meta":{"origin":90,"position":2},"title":"D\u00edas de vino y rosas","author":"Eder","date":"viernes, 24 Nov, 2006","format":false,"excerpt":"Brindemos, el Reyno goza desde ayer de nuevo Bodeguero Mayor, para regocijo de la ciudadan\u00eda toda. Y ayer fue precisamente cuando Miguel Sanz, ese orador que maneja la sintaxis como una azada de Dem\u00f3stenes, dijo lo de que ???hay que estar en un estado et\u00edlico alto para decir que???, etc.,\u2026","rel":"","context":"En \u00abNA\u00bb","block_context":{"text":"NA","link":"https:\/\/www.edder.org\/?cat=3"},"img":{"alt_text":"","src":"","width":0,"height":0},"classes":[]},{"id":327,"url":"https:\/\/www.edder.org\/?p=327","url_meta":{"origin":90,"position":3},"title":"Alcanfor","author":"Eder","date":"viernes, 20 Mar, 2009","format":false,"excerpt":"Trepidante actividad cultural en la arena \u2013pron\u00fanciese \u2018harina\u2019\u2013 del Reyno. Trepidante actividad cultural ante la inminencia de la Semana Santa y con el 2016 a la vuelta de la esquina. Javieradas aparte, trepidante actividad cultural en el reyno viejo; reino que, como dijera Pem\u00e1n \u2013el poeta del R\u00e9gimen que por\u2026","rel":"","context":"En \u00abNA\u00bb","block_context":{"text":"NA","link":"https:\/\/www.edder.org\/?cat=3"},"img":{"alt_text":"","src":"","width":0,"height":0},"classes":[]},{"id":14021,"url":"https:\/\/www.edder.org\/?p=14021","url_meta":{"origin":90,"position":4},"title":"La otra Javierada","author":"Eder","date":"domingo, 11 Mar, 2018","format":false,"excerpt":"","rel":"","context":"En \u00abArtes\u00bb","block_context":{"text":"Artes","link":"https:\/\/www.edder.org\/?cat=85"},"img":{"alt_text":"","src":"https:\/\/i0.wp.com\/www.edder.org\/upload\/2018\/03\/otras_javieradas2.jpg?resize=350%2C200&ssl=1","width":350,"height":200},"classes":[]},{"id":37,"url":"https:\/\/www.edder.org\/?p=37","url_meta":{"origin":90,"position":5},"title":"De la polis al bar","author":"Eder","date":"viernes, 13 Ene, 2006","format":false,"excerpt":"La colecci\u00f3n de perlas cultivadas que el arquitecto Francisco Mangado dej\u00f3 caer en su d\u00eda sobre esa plaza \u2013la del Baluarte\u2013 que finalmente ser\u00e1 sede privilegiada del primer y m\u00e1s selecto bar-restaurante del Reyno \u2013encargado, c\u00f3mo no, al propio Mangado, cuyo talento en la concepci\u00f3n de espacios para la restauraci\u00f3n\u2026","rel":"","context":"En \u00abNA\u00bb","block_context":{"text":"NA","link":"https:\/\/www.edder.org\/?cat=3"},"img":{"alt_text":"","src":"","width":0,"height":0},"classes":[]}],"jetpack_likes_enabled":true,"_links":{"self":[{"href":"https:\/\/www.edder.org\/index.php?rest_route=\/wp\/v2\/posts\/90","targetHints":{"allow":["GET"]}}],"collection":[{"href":"https:\/\/www.edder.org\/index.php?rest_route=\/wp\/v2\/posts"}],"about":[{"href":"https:\/\/www.edder.org\/index.php?rest_route=\/wp\/v2\/types\/post"}],"author":[{"embeddable":true,"href":"https:\/\/www.edder.org\/index.php?rest_route=\/wp\/v2\/users\/82"}],"replies":[{"embeddable":true,"href":"https:\/\/www.edder.org\/index.php?rest_route=%2Fwp%2Fv2%2Fcomments&post=90"}],"version-history":[{"count":0,"href":"https:\/\/www.edder.org\/index.php?rest_route=\/wp\/v2\/posts\/90\/revisions"}],"wp:attachment":[{"href":"https:\/\/www.edder.org\/index.php?rest_route=%2Fwp%2Fv2%2Fmedia&parent=90"}],"wp:term":[{"taxonomy":"category","embeddable":true,"href":"https:\/\/www.edder.org\/index.php?rest_route=%2Fwp%2Fv2%2Fcategories&post=90"},{"taxonomy":"post_tag","embeddable":true,"href":"https:\/\/www.edder.org\/index.php?rest_route=%2Fwp%2Fv2%2Ftags&post=90"}],"curies":[{"name":"wp","href":"https:\/\/api.w.org\/{rel}","templated":true}]}}