{"id":85,"date":"2007-02-23T22:49:26","date_gmt":"2007-02-23T20:49:26","guid":{"rendered":"https:\/\/www.edder.org\/?p=85"},"modified":"2018-07-27T16:38:32","modified_gmt":"2018-07-27T14:38:32","slug":"cocodrilos-lacoste","status":"publish","type":"post","link":"https:\/\/www.edder.org\/?p=85","title":{"rendered":"Cocodrilos Lacoste"},"content":{"rendered":"<p>Vino Bono. En vaqueros. Lo que no llevaba era un polo Lacoste. Y sin embargo, si hemos de hacer caso a la leyenda ???la de Lacoste???, Bono y otros profesionales de la pol\u00edtica son nuestros viejos cocodrilos. De Ren\u00e9 Lacoste, el tenista, dice la leyenda que se pegaba a la l\u00ednea de fondo de la pista ???con la misma tenacidad que un cocodrilo prende algo con sus mand\u00edbulas??? y de ah\u00ed no lo sacaba nadie hasta rendir al adversario, fuese por extenuaci\u00f3n o por aburrimiento. Bono, Rodr\u00edguez Ibarra y Sanz, aspirante este \u00faltimo a viejo cocodrilo. Con la puntualidad que de ellos se espera, especialmente en fechas en que hay que caldear el ambiente electoral, los viejos cocodrilos salen a la arena, ense\u00f1an los dientes, dan alguna dentellada al aire y ya est\u00e1 organizada la animaci\u00f3n. Miguel Sanz, si su aspiraci\u00f3n es, como parece, la de ejercer de viejo cocodrilo de la pol\u00edtica ???de esos pol\u00edticos sin fecha de caducidad y piel impenetrable, entre los que Fraga sobresale con luz propia, y no s\u00f3lo por su longevidad???, hizo lo que deb\u00eda al lanzarles una faltada en toda regla a los andaluces. Que alg\u00fan otro viejo cocodrilo responder\u00eda con una dentellada a Sanz, entraba dentro de lo previsible. Y eso es lo que hay este viernes 23 de febrero. Algo que, de tan visto y tan sabido, resulta dif\u00edcil de sobrellevar. Por lo dem\u00e1s, este viernes 23 de febrero hay una cena-coloquio con la alcaldesa de Pamplona, Yolanda Barcina, organizada por viejos alumnos del Opus. ???Pamplona, tercer milenio???, es el t\u00edtulo del coloquio. Pero un coloquio as\u00ed, m\u00e1s bien hace pensar en el milenio anterior: concretamente, en la \u00e9poca de mayor esplendor del polo Lacoste. Hace pensar en esa \u00e9poca que vino a coincidir con el ascenso de los tecn\u00f3cratas del Opus dentro del r\u00e9gimen ???el antiguo, el militar, por supuesto, como se dijo el 23F???. La tecnocr\u00e1tica Barcina reverdece hoy los laureles de aquellos ilustres e infatigables predecesores de la Obra que inevitablemente nos remiten al Lacoste y al cocodrilo, esa fiera antediluviana.<\/p>\n<div align=\"right\">Publicado en <a target=\"blank\" href=\"http:\/\/www.noticiasdenavarra.com\/ediciones\/2007\/02\/23\/opinion\/contra.php\">Diario de Noticias<\/a><img class=\"lazyload\" decoding=\"async\" align=\"right\" title=\"dn\" alt=\"dn\" src=\"data:image\/gif;base64,R0lGODlhAQABAAAAACH5BAEKAAEALAAAAAABAAEAAAICTAEAOw==\" data-orig-src=\"https:\/\/www.edder.org\/images\/dn.gif\" \/><\/div>\n","protected":false},"excerpt":{"rendered":"<p>Vino Bono. En vaqueros. Lo que no llevaba era un polo Lacoste. Y sin embargo, si hemos de hacer caso a la leyenda ???la de Lacoste???, Bono y otros profesionales de la pol\u00edtica son nuestros viejos cocodrilos. De Ren\u00e9 Lacoste, el tenista, dice la leyenda que se pegaba a la l\u00ednea de fondo de la pista ???con la misma tenacidad que un cocodrilo prende algo con sus mand\u00edbulas??? y de ah\u00ed no lo sacaba nadie hasta rendir al adversario, fuese por extenuaci\u00f3n o por aburrimiento. Bono, Rodr\u00edguez Ibarra y Sanz, aspirante este \u00faltimo a viejo cocodrilo. Con la puntualidad que de ellos se espera, especialmente en fechas en que hay que caldear el ambiente electoral, los viejos cocodrilos salen a la arena, ense\u00f1an los dientes, dan alguna  [&#8230;]<\/p>\n","protected":false},"author":82,"featured_media":0,"comment_status":"open","ping_status":"open","sticky":false,"template":"","format":"standard","meta":{"jetpack_post_was_ever_published":false,"_jetpack_newsletter_access":"","_jetpack_dont_email_post_to_subs":false,"_jetpack_newsletter_tier_id":0,"_jetpack_memberships_contains_paywalled_content":false,"_jetpack_memberships_contains_paid_content":false,"footnotes":"","jetpack_publicize_message":"","jetpack_publicize_feature_enabled":true,"jetpack_social_post_already_shared":false,"jetpack_social_options":{"image_generator_settings":{"template":"highway","default_image_id":0,"font":"","enabled":false},"version":2}},"categories":[3],"tags":[],"class_list":["post-85","post","type-post","status-publish","format-standard","hentry","category-na"],"jetpack_publicize_connections":[],"jetpack_featured_media_url":"","jetpack_shortlink":"https:\/\/wp.me\/p6kHv-1n","jetpack_sharing_enabled":true,"jetpack-related-posts":[{"id":255,"url":"https:\/\/www.edder.org\/?p=255","url_meta":{"origin":85,"position":0},"title":"N\u00e9potisme \u00e0 la navarroise","author":"Eder","date":"viernes, 13 Feb, 2009","format":false,"excerpt":"Tan joven \u2013el presidente Sanz, digo\u2013 y ya todo un geront\u00f3crata, como Aizp\u00fan en su ancianidad. No soy el \u00fanico navarro que ha tenido ocasi\u00f3n de avergonzarse en lo que va de semana al menos dos veces de nuestro gerontocr\u00e1tico presidente. La primera ocasi\u00f3n de pasar verg\u00fcenza ajena se nos\u2026","rel":"","context":"En \u00abNA\u00bb","block_context":{"text":"NA","link":"https:\/\/www.edder.org\/?cat=3"},"img":{"alt_text":"","src":"","width":0,"height":0},"classes":[]},{"id":80,"url":"https:\/\/www.edder.org\/?p=80","url_meta":{"origin":85,"position":1},"title":"Las mentiras de los Sanz","author":"Eder","date":"viernes, 19 Ene, 2007","format":false,"excerpt":"Alguno de los Sanz miente. Alguno de los Sanz miente y no es Alejandro. O si Alejandro Sanz miente, all\u00e1 pel\u00edculas: el cantante no preside ning\u00fan gobierno auton\u00f3mico. Por su parte, parece m\u00e1s que comprobado que Miguel Sanz enton\u00f3 el pasado s\u00e1bado sentidas jotas de su repertorio en la localidad\u2026","rel":"","context":"En \u00abNA\u00bb","block_context":{"text":"NA","link":"https:\/\/www.edder.org\/?cat=3"},"img":{"alt_text":"","src":"","width":0,"height":0},"classes":[]},{"id":433,"url":"https:\/\/www.edder.org\/?p=433","url_meta":{"origin":85,"position":2},"title":"Yes, they Can","author":"Eder","date":"viernes, 26 Jun, 2009","format":false,"excerpt":"Yes, they Can, o lo que es mismo: Sanz y Barcina seguir\u00e1n estando en la Can cuando el \u00faltimo pol\u00edtico que se vaya de Caja Navarra cierre la puerta. Es m\u00e1s: Sanz estar\u00eda en las altas esferas de Caja Navarra incluso en el poco veros\u00edmil supuesto de que hoy mismo\u2026","rel":"","context":"En \u00abNA\u00bb","block_context":{"text":"NA","link":"https:\/\/www.edder.org\/?cat=3"},"img":{"alt_text":"","src":"","width":0,"height":0},"classes":[]},{"id":35,"url":"https:\/\/www.edder.org\/?p=35","url_meta":{"origin":85,"position":3},"title":"El h\u00e1bito regener\u00f3 al monde","author":"Eder","date":"viernes, 6 Ene, 2006","format":false,"excerpt":"La desfachatez que ha llevado a Sanz \u2013Sanz Sesma\u2013 a interpretar la sentencia judicial por la que se anula la concesi\u00f3n de licencias de radio hecha en su d\u00eda por Sanz \u2013Sanz Barea\u2013 y Palacios como otro \u00e9xito del Gobierno de UPN \u2013otro m\u00e1s de la cascada incesante de \u00e9xitos\u2026","rel":"","context":"En \u00abNA\u00bb","block_context":{"text":"NA","link":"https:\/\/www.edder.org\/?cat=3"},"img":{"alt_text":"","src":"","width":0,"height":0},"classes":[]},{"id":174,"url":"https:\/\/www.edder.org\/?p=174","url_meta":{"origin":85,"position":4},"title":"Foralit\u00e9","author":"Eder","date":"viernes, 12 Sep, 2008","format":false,"excerpt":"Aprovechen que se acaban. Que se acaban los vodeviles y sainetes de ese Alfredo Landa hiperforal que es nuestro gran Miguel Sanz. Aunque previsible, la \u00faltima actuaci\u00f3n de nuestro hiperforal histri\u00f3n \u2013Sanz, no Landa, que Landa es hiperforal en el Reyno, superdonostiarra en San Sebasti\u00e1n y el padre fundador de\u2026","rel":"","context":"En \u00abNA\u00bb","block_context":{"text":"NA","link":"https:\/\/www.edder.org\/?cat=3"},"img":{"alt_text":"","src":"","width":0,"height":0},"classes":[]},{"id":73,"url":"https:\/\/www.edder.org\/?p=73","url_meta":{"origin":85,"position":5},"title":"Hemeroteca","author":"Eder","date":"viernes, 1 Dic, 2006","format":false,"excerpt":"El v\u00eddeo de la semana \u2013\u00e9se en el que, entre otros, ha triunfado Miguel Sanz\u2013, como idea, no es que me parezca mal. Me parece que estar\u00eda mejor ver todas las semanas un v\u00eddeo de la semana. Echo de menos en la prensa la p\u00e1gina del dec\u00edamos ayer. No la\u2026","rel":"","context":"En \u00abNA\u00bb","block_context":{"text":"NA","link":"https:\/\/www.edder.org\/?cat=3"},"img":{"alt_text":"","src":"","width":0,"height":0},"classes":[]}],"jetpack_likes_enabled":true,"_links":{"self":[{"href":"https:\/\/www.edder.org\/index.php?rest_route=\/wp\/v2\/posts\/85","targetHints":{"allow":["GET"]}}],"collection":[{"href":"https:\/\/www.edder.org\/index.php?rest_route=\/wp\/v2\/posts"}],"about":[{"href":"https:\/\/www.edder.org\/index.php?rest_route=\/wp\/v2\/types\/post"}],"author":[{"embeddable":true,"href":"https:\/\/www.edder.org\/index.php?rest_route=\/wp\/v2\/users\/82"}],"replies":[{"embeddable":true,"href":"https:\/\/www.edder.org\/index.php?rest_route=%2Fwp%2Fv2%2Fcomments&post=85"}],"version-history":[{"count":0,"href":"https:\/\/www.edder.org\/index.php?rest_route=\/wp\/v2\/posts\/85\/revisions"}],"wp:attachment":[{"href":"https:\/\/www.edder.org\/index.php?rest_route=%2Fwp%2Fv2%2Fmedia&parent=85"}],"wp:term":[{"taxonomy":"category","embeddable":true,"href":"https:\/\/www.edder.org\/index.php?rest_route=%2Fwp%2Fv2%2Fcategories&post=85"},{"taxonomy":"post_tag","embeddable":true,"href":"https:\/\/www.edder.org\/index.php?rest_route=%2Fwp%2Fv2%2Ftags&post=85"}],"curies":[{"name":"wp","href":"https:\/\/api.w.org\/{rel}","templated":true}]}}