{"id":84,"date":"2007-02-16T22:47:50","date_gmt":"2007-02-16T20:47:50","guid":{"rendered":"https:\/\/www.edder.org\/?p=84"},"modified":"2018-07-27T16:38:32","modified_gmt":"2018-07-27T14:38:32","slug":"devocion-por-baroja","status":"publish","type":"post","link":"https:\/\/www.edder.org\/?p=84","title":{"rendered":"Devoci\u00f3n por Baroja"},"content":{"rendered":"<p>Ven\u00edamos de los fuegos artificiales del sufrido comisario Arbeloa \u2013el de la exposici\u00f3n de los quinientos millones a mayor gloria del navarrismo\u2013 e \u00edbamos hacia otro festival preelectoral del regionalismo castizo: el I Congreso de Estudios Barojianos. Casualidades del directo que en el cat\u00e1logo de la exposici\u00f3n de Arbeloa el arzobispo escribiese sobre las perspectivas de los cat\u00f3licos frente al laicismo que nos acosa y que, en las jornadas dirigidas por Tamames, un te\u00f3logo del Opus Dei vaya a \u00absituar las creencias de Baroja en el contexto de la laicizante sociedad actual\u00bb. Pero dejemos a Cristo y hablemos de Christo, ese artista que empaqueta lo que le echen. Si no se tuerce el programa \u2013como en Extramadura\u2013, el insigne barojiano Miguel Sanz Sesma disertar\u00e1 en la apertura del congreso no s\u00f3lo sobre Baroja, sino sobre los Baroja, incluido Julio Caro como antrop\u00f3logo m\u00e1s destacado de la Espa\u00f1a del siglo XX. Ocurre que el conferenciante es el responsable mayor de que, por el capricho de uno de sus consejeros de hacer un parador en su pueblo, el Museo Etnol\u00f3gico de Navarra Julio Caro Baroja fuese desmantelado, empaquetado y enviado a un hangar. No se le ha ocurrido al improvisado barojiano paliar los gastos de alquiler del hangar \u2013\u00bfun mill\u00f3n al mes?\u2013 exponiendo el oprobio de los bultos all\u00ed guardados. Tampoco se le ha ocurrido en las \u00faltimas legislaturas abrir a los curiosos y estudiosos uno de los museos que m\u00e1s sentido tendr\u00eda y que adem\u00e1s ya existe: el de Itzea. Se le ha ocurrido acordarse de Baroja, a tiro pasado y mira en qu\u00e9 fechas, para organizar otro festival de millones \u2013\u00bfm\u00e1s de veinte en charlas?\u2013 en el que confraternizar con don Mario Vargas Llosa \u2013nombrado Bodeguero Mayor en su anterior y alegre visita al <em>Reyno<\/em>\u2013 y m\u00e1s de tres atorrantes, temo que el te\u00f3logo entre ellos, cuya devoci\u00f3n por Baroja nos pilla de susto. El congreso incluye, c\u00f3mo no, una degustaci\u00f3n de vinos de la misma casta que el galgo regionalista. La casta \u2013ya se sabe\u2013 que Baroja tanto quiso.<\/p>\n<div align=\"right\">Publicado en <a target=\"blank\" href=\"http:\/\/www.noticiasdenavarra.com\/ediciones\/2007\/02\/16\/opinion\/contra.php\">Diario de Noticias<\/a><img class=\"lazyload\" decoding=\"async\" align=\"right\" title=\"dn\" alt=\"dn\" src=\"data:image\/gif;base64,R0lGODlhAQABAAAAACH5BAEKAAEALAAAAAABAAEAAAICTAEAOw==\" data-orig-src=\"https:\/\/www.edder.org\/images\/dn.gif\" \/><\/div>\n","protected":false},"excerpt":{"rendered":"<p>Ven\u00edamos de los fuegos artificiales del sufrido comisario Arbeloa \u2013el de la exposici\u00f3n de los quinientos millones a mayor gloria del navarrismo\u2013 e \u00edbamos hacia otro festival preelectoral del regionalismo castizo: el I Congreso de Estudios Barojianos. Casualidades del directo que en el cat\u00e1logo de la exposici\u00f3n de Arbeloa el arzobispo escribiese sobre las perspectivas de los cat\u00f3licos frente al laicismo que nos acosa y que, en las jornadas dirigidas por Tamames, un te\u00f3logo del Opus Dei vaya a \u00absituar las creencias de Baroja en el contexto de la laicizante sociedad actual\u00bb. Pero dejemos a Cristo y hablemos de Christo, ese artista que empaqueta lo que le echen. Si no se tuerce el programa \u2013como en Extramadura\u2013, el insigne barojiano Miguel Sanz Sesma disertar\u00e1 en la apertura  [&#8230;]<\/p>\n","protected":false},"author":82,"featured_media":0,"comment_status":"open","ping_status":"open","sticky":false,"template":"","format":"standard","meta":{"jetpack_post_was_ever_published":false,"_jetpack_newsletter_access":"","_jetpack_dont_email_post_to_subs":false,"_jetpack_newsletter_tier_id":0,"_jetpack_memberships_contains_paywalled_content":false,"_jetpack_memberships_contains_paid_content":false,"footnotes":"","jetpack_publicize_message":"","jetpack_publicize_feature_enabled":true,"jetpack_social_post_already_shared":false,"jetpack_social_options":{"image_generator_settings":{"template":"highway","default_image_id":0,"font":"","enabled":false},"version":2}},"categories":[3],"tags":[],"class_list":["post-84","post","type-post","status-publish","format-standard","hentry","category-na"],"jetpack_publicize_connections":[],"jetpack_featured_media_url":"","jetpack_shortlink":"https:\/\/wp.me\/p6kHv-1m","jetpack_sharing_enabled":true,"jetpack-related-posts":[{"id":83,"url":"https:\/\/www.edder.org\/?p=83","url_meta":{"origin":84,"position":0},"title":"Lo que pierden los poetas","author":"Eder","date":"viernes, 9 Feb, 2007","format":false,"excerpt":"Se fue la magna exposici\u00f3n del comisario Arbeloa \u2013la de los quinientos millones de pesetas\u2013 y no han llegado las charlas del magno congreso barojiano que dirigir\u00e1 Ram\u00f3n Tamames, otro desertor de la izquierda que hoy da curso a sus furias en los medios de la derecha asilvestrada \u2013la de\u2026","rel":"","context":"En \u00abNA\u00bb","block_context":{"text":"NA","link":"https:\/\/www.edder.org\/?cat=3"},"img":{"alt_text":"","src":"","width":0,"height":0},"classes":[]},{"id":12544,"url":"https:\/\/www.edder.org\/?p=12544","url_meta":{"origin":84,"position":1},"title":"Del Bidasoa a Luisiana","author":"Eder","date":"s\u00e1bado, 24 Oct, 2015","format":false,"excerpt":"Del Bidasoa... \u00a0 ...a los pantanos de Luisiana:","rel":"","context":"En \u00abSin categorizar\u00bb","block_context":{"text":"Sin categorizar","link":"https:\/\/www.edder.org\/?cat=1"},"img":{"alt_text":"","src":"https:\/\/i0.wp.com\/www.edder.org\/upload\/2015\/10\/acordeon.jpg?resize=350%2C200&ssl=1","width":350,"height":200},"classes":[]},{"id":96,"url":"https:\/\/www.edder.org\/?p=96","url_meta":{"origin":84,"position":2},"title":"Museo local de los horrores","author":"Eder","date":"viernes, 20 Abr, 2007","format":false,"excerpt":"Pues si hay que hacer un museo moderno, cosa en la que est\u00e1n de acuerdo casi todos los candidatos a la alcald\u00eda de Pamplona, \u00bfpor qu\u00e9 no hacer en Autobuses un museo de etnograf\u00eda moderna, ya que el Museo Julio Caro Baroja lo empaquet\u00f3 el consejero del ramo para hacerle\u2026","rel":"","context":"En \u00abNA\u00bb","block_context":{"text":"NA","link":"https:\/\/www.edder.org\/?cat=3"},"img":{"alt_text":"","src":"","width":0,"height":0},"classes":[]},{"id":342,"url":"https:\/\/www.edder.org\/?p=342","url_meta":{"origin":84,"position":3},"title":"\u201cIlustraci\u00f3n\u201d","author":"Eder","date":"viernes, 17 Abr, 2009","format":false,"excerpt":"De que el museo sanferminero y del encierro se har\u00e1, no cabe la menor duda. No cabe la menor duda de que se har\u00e1 la santa voluntad de la se\u00f1ora que, primero y hace ya muchos a\u00f1os, encarg\u00f3 a Mansilla y Tu\u00f1\u00f3n proyectar ese museo donde, simplemente, no pod\u00eda edificarse;\u2026","rel":"","context":"En \u00abNA\u00bb","block_context":{"text":"NA","link":"https:\/\/www.edder.org\/?cat=3"},"img":{"alt_text":"","src":"","width":0,"height":0},"classes":[]},{"id":327,"url":"https:\/\/www.edder.org\/?p=327","url_meta":{"origin":84,"position":4},"title":"Alcanfor","author":"Eder","date":"viernes, 20 Mar, 2009","format":false,"excerpt":"Trepidante actividad cultural en la arena \u2013pron\u00fanciese \u2018harina\u2019\u2013 del Reyno. Trepidante actividad cultural ante la inminencia de la Semana Santa y con el 2016 a la vuelta de la esquina. Javieradas aparte, trepidante actividad cultural en el reyno viejo; reino que, como dijera Pem\u00e1n \u2013el poeta del R\u00e9gimen que por\u2026","rel":"","context":"En \u00abNA\u00bb","block_context":{"text":"NA","link":"https:\/\/www.edder.org\/?cat=3"},"img":{"alt_text":"","src":"","width":0,"height":0},"classes":[]},{"id":141,"url":"https:\/\/www.edder.org\/?p=141","url_meta":{"origin":84,"position":5},"title":"Luz y taqu\u00edgrafos","author":"Eder","date":"viernes, 14 Mar, 2008","format":false,"excerpt":"Tras ver la comparecencia del se\u00f1or Arbeloa sobre la exposici\u00f3n itinerante que nunca itiner\u00f3, no se sabe bien para qu\u00e9 quer\u00eda acudir al Parlamento con luz y taqu\u00edgrafos, aparte de para impartir lecciones de \u00e9tica o de gram\u00e1tica, o para mostrar su pena por nosotros. Habl\u00f3 el compareciente de su\u2026","rel":"","context":"En \u00abNA\u00bb","block_context":{"text":"NA","link":"https:\/\/www.edder.org\/?cat=3"},"img":{"alt_text":"","src":"","width":0,"height":0},"classes":[]}],"jetpack_likes_enabled":true,"_links":{"self":[{"href":"https:\/\/www.edder.org\/index.php?rest_route=\/wp\/v2\/posts\/84","targetHints":{"allow":["GET"]}}],"collection":[{"href":"https:\/\/www.edder.org\/index.php?rest_route=\/wp\/v2\/posts"}],"about":[{"href":"https:\/\/www.edder.org\/index.php?rest_route=\/wp\/v2\/types\/post"}],"author":[{"embeddable":true,"href":"https:\/\/www.edder.org\/index.php?rest_route=\/wp\/v2\/users\/82"}],"replies":[{"embeddable":true,"href":"https:\/\/www.edder.org\/index.php?rest_route=%2Fwp%2Fv2%2Fcomments&post=84"}],"version-history":[{"count":0,"href":"https:\/\/www.edder.org\/index.php?rest_route=\/wp\/v2\/posts\/84\/revisions"}],"wp:attachment":[{"href":"https:\/\/www.edder.org\/index.php?rest_route=%2Fwp%2Fv2%2Fmedia&parent=84"}],"wp:term":[{"taxonomy":"category","embeddable":true,"href":"https:\/\/www.edder.org\/index.php?rest_route=%2Fwp%2Fv2%2Fcategories&post=84"},{"taxonomy":"post_tag","embeddable":true,"href":"https:\/\/www.edder.org\/index.php?rest_route=%2Fwp%2Fv2%2Ftags&post=84"}],"curies":[{"name":"wp","href":"https:\/\/api.w.org\/{rel}","templated":true}]}}