{"id":83,"date":"2007-02-09T22:43:24","date_gmt":"2007-02-09T20:43:24","guid":{"rendered":"https:\/\/www.edder.org\/?p=83"},"modified":"2018-07-27T16:38:32","modified_gmt":"2018-07-27T14:38:32","slug":"lo-que-pierden-los-poetas","status":"publish","type":"post","link":"https:\/\/www.edder.org\/?p=83","title":{"rendered":"Lo que pierden los poetas"},"content":{"rendered":"<p>Se fue la magna exposici\u00f3n del comisario Arbeloa \u2013la de los quinientos millones de pesetas\u2013 y no han llegado las charlas del magno congreso barojiano que dirigir\u00e1 Ram\u00f3n Tamames, otro desertor de la izquierda que hoy da curso a sus furias en los medios de la derecha asilvestrada \u2013la de \u00ab\u00a1Zapatero, con tu abuelo al agujero!\u00bb\u2013. Hablamos luego de Baroja. Hubo carta de la oficina del comisario Arbeloa. Aunque sin firma, la carta parece enviada por la se\u00f1ora Latienda, de dicha oficina, o al menos con la carta viene un correo electr\u00f3nico por ella enviado a <em>Diario de Noticias<\/em>. El correo contiene la misiva publicada en este peri\u00f3dico por la que Arbeloa desmiente que vaya a cobrar 60.000 euros por comisariar tan fastuosa exposici\u00f3n y afirma que, tras pagar los dos a\u00f1os de sueldo de la se\u00f1ora Latienda y lo que haya que pagar, \u00e9l cobrar\u00e1 algo, \u00absi algo queda\u00bb. A eso se le llama esp\u00edritu de sacrificio. Pero como la se\u00f1ora Latienda insiste en que las cuentas de la exposici\u00f3n \u2013que ni ella ni Arbeloa dan\u2013 est\u00e1n a disposici\u00f3n de cualquiera, le pregunto: y \u00bfpor qu\u00e9 no las publica? Publique, se\u00f1ora Latienda \u2013\u00bfalgo que ver con la persona del mismo nombre que escrib\u00eda poemas en la revista po\u00e9tica de su sacrificado jefe? \u00bfHan vuelto ustedes a coincidir?\u2013; publique una relaci\u00f3n de todos los conceptos por los que Arbeloa ha perdido dinero. D\u00edganos cu\u00e1nto perdieron \u00e9l y los buenos amigos  que escribieron el cat\u00e1logo por participar en esa publicaci\u00f3n. Es tan dif\u00edcil saber lo que pierden los poetas \u2013ayer del pueblo, hoy de Uni\u00f3n del Pueblo\u2013. Por el Bolet\u00edn Oficial del Parlamento de Navarra de 20 julio de 2006 supimos que el consejero Corpas sufrag\u00f3 con 8.510 euros la edici\u00f3n de un libro de Arbeloa. Es un dato concreto, como los que usted puede publicar. Y el marido de la se\u00f1ora Barcina, \u00bfha cobrado dietas como patrono de la fundaci\u00f3n organizadora de tan magna exposici\u00f3n? Doy por supuesto que no, que ha perdido dinero por esp\u00edritu de sacrificio. Lo de hablar de Baroja ser\u00e1 la semana que viene.<\/p>\n<div align=\"right\">Publicado en <a target=\"blank\" href=\"http:\/\/www.noticiasdenavarra.com\/ediciones\/2007\/02\/09\/opinion\/contra.php\">Diario de Noticias<\/a><img class=\"lazyload\" decoding=\"async\" align=\"right\" title=\"dn\" alt=\"dn\" src=\"data:image\/gif;base64,R0lGODlhAQABAAAAACH5BAEKAAEALAAAAAABAAEAAAICTAEAOw==\" data-orig-src=\"https:\/\/www.edder.org\/images\/dn.gif\" \/><\/div>\n","protected":false},"excerpt":{"rendered":"<p>Se fue la magna exposici\u00f3n del comisario Arbeloa \u2013la de los quinientos millones de pesetas\u2013 y no han llegado las charlas del magno congreso barojiano que dirigir\u00e1 Ram\u00f3n Tamames, otro desertor de la izquierda que hoy da curso a sus furias en los medios de la derecha asilvestrada \u2013la de \u00ab\u00a1Zapatero, con tu abuelo al agujero!\u00bb\u2013. Hablamos luego de Baroja. Hubo carta de la oficina del comisario Arbeloa. Aunque sin firma, la carta parece enviada por la se\u00f1ora Latienda, de dicha oficina, o al menos con la carta viene un correo electr\u00f3nico por ella enviado a Diario de Noticias. El correo contiene la misiva publicada en este peri\u00f3dico por la que Arbeloa desmiente que vaya a cobrar 60.000 euros por comisariar tan fastuosa exposici\u00f3n y afirma que,  [&#8230;]<\/p>\n","protected":false},"author":82,"featured_media":0,"comment_status":"open","ping_status":"open","sticky":false,"template":"","format":"standard","meta":{"jetpack_post_was_ever_published":false,"_jetpack_newsletter_access":"","_jetpack_dont_email_post_to_subs":false,"_jetpack_newsletter_tier_id":0,"_jetpack_memberships_contains_paywalled_content":false,"_jetpack_memberships_contains_paid_content":false,"footnotes":"","jetpack_publicize_message":"","jetpack_publicize_feature_enabled":true,"jetpack_social_post_already_shared":false,"jetpack_social_options":{"image_generator_settings":{"template":"highway","default_image_id":0,"font":"","enabled":false},"version":2}},"categories":[3],"tags":[],"class_list":["post-83","post","type-post","status-publish","format-standard","hentry","category-na"],"jetpack_publicize_connections":[],"jetpack_featured_media_url":"","jetpack_shortlink":"https:\/\/wp.me\/p6kHv-1l","jetpack_sharing_enabled":true,"jetpack-related-posts":[{"id":141,"url":"https:\/\/www.edder.org\/?p=141","url_meta":{"origin":83,"position":0},"title":"Luz y taqu\u00edgrafos","author":"Eder","date":"viernes, 14 Mar, 2008","format":false,"excerpt":"Tras ver la comparecencia del se\u00f1or Arbeloa sobre la exposici\u00f3n itinerante que nunca itiner\u00f3, no se sabe bien para qu\u00e9 quer\u00eda acudir al Parlamento con luz y taqu\u00edgrafos, aparte de para impartir lecciones de \u00e9tica o de gram\u00e1tica, o para mostrar su pena por nosotros. Habl\u00f3 el compareciente de su\u2026","rel":"","context":"En \u00abNA\u00bb","block_context":{"text":"NA","link":"https:\/\/www.edder.org\/?cat=3"},"img":{"alt_text":"","src":"","width":0,"height":0},"classes":[]},{"id":206,"url":"https:\/\/www.edder.org\/?p=206","url_meta":{"origin":83,"position":1},"title":"Arqueolog\u00eda","author":"Eder","date":"viernes, 28 Nov, 2008","format":false,"excerpt":"Cuando quiera es tarde para hacer una magna exposici\u00f3n arqueol\u00f3gica sobre la antiqu\u00edsima se\u00f1ora llamada a conducir los destinos de las derechas navarras, si nadie lo remedia. \u00bfQue qui\u00e9n podr\u00eda remediarlo? Seguramente nadie. Quiz\u00e1 Sanz pueda hacer un intento de poner coto a la desbordada vocaci\u00f3n de esa arqueol\u00f3gica se\u00f1ora\u2026","rel":"","context":"En \u00abNA\u00bb","block_context":{"text":"NA","link":"https:\/\/www.edder.org\/?cat=3"},"img":{"alt_text":"","src":"","width":0,"height":0},"classes":[]},{"id":139,"url":"https:\/\/www.edder.org\/?p=139","url_meta":{"origin":83,"position":2},"title":"Por preguntar","author":"Eder","date":"viernes, 7 Mar, 2008","format":false,"excerpt":"Hubo carta del Gobierno de Navarra. \u201cEl d\u00eda 19 abrimos las puertas del nuevo centro de urgencias Solchaga\u201d. \u00bfNuevo centro de urgencias Solchaga? \u00bfEs el viejo ambulatorio al que en el sitio web del Ayuntamiento de Pamplona se sigue llamando General Solchaga? \u00bfHay nueva denominaci\u00f3n oficial? Si as\u00ed fuera, \u00bfcu\u00e1ndo\u2026","rel":"","context":"En \u00abNA\u00bb","block_context":{"text":"NA","link":"https:\/\/www.edder.org\/?cat=3"},"img":{"alt_text":"","src":"","width":0,"height":0},"classes":[]},{"id":70,"url":"https:\/\/www.edder.org\/?p=70","url_meta":{"origin":83,"position":3},"title":"En \u00c1frica y m\u00e1s all\u00e1","author":"Eder","date":"viernes, 10 Nov, 2006","format":false,"excerpt":"En la Sala de Armas de la Ciudadela, s\u00f3lo hasta el pr\u00f3ximo domingo, puede verse la exposici\u00f3n \u2013fotogr\u00e1fica y videogr\u00e1fica\u2013 de Dorris Haron Kasco (Daloa, Costa de Marfil, 1966) titulada Asfalto. De paso por las inextinguibles obras del Baluarte, presidido por el gran pend\u00f3n de la magna \u00abexposici\u00f3n de los\u2026","rel":"","context":"En \u00abSin categorizar\u00bb","block_context":{"text":"Sin categorizar","link":"https:\/\/www.edder.org\/?cat=1"},"img":{"alt_text":"","src":"","width":0,"height":0},"classes":[]},{"id":136,"url":"https:\/\/www.edder.org\/?p=136","url_meta":{"origin":83,"position":4},"title":"Cosa navarrorum","author":"Eder","date":"viernes, 15 Feb, 2008","format":false,"excerpt":"Habr\u00e1 cosas que la C\u00e1mara de Comptos no nos puede decir. Tampoco el Parlamento. Ejemplo: \u00bfexist\u00eda alguna relaci\u00f3n de parentesco entre el comisario de la exposici\u00f3n Navarra, un futuro entre todos y la que fuera directora de la oficina del comisario? Que existiera o no tal relaci\u00f3n tiene un inter\u00e9s\u2026","rel":"","context":"En \u00abNA\u00bb","block_context":{"text":"NA","link":"https:\/\/www.edder.org\/?cat=3"},"img":{"alt_text":"","src":"","width":0,"height":0},"classes":[]},{"id":65,"url":"https:\/\/www.edder.org\/?p=65","url_meta":{"origin":83,"position":5},"title":"La propaganda del Reich (del Reich-no de Navarra)","author":"Eder","date":"viernes, 6 Oct, 2006","format":false,"excerpt":"","rel":"","context":"En \u00abNA\u00bb","block_context":{"text":"NA","link":"https:\/\/www.edder.org\/?cat=3"},"img":{"alt_text":"","src":"","width":0,"height":0},"classes":[]}],"jetpack_likes_enabled":true,"_links":{"self":[{"href":"https:\/\/www.edder.org\/index.php?rest_route=\/wp\/v2\/posts\/83","targetHints":{"allow":["GET"]}}],"collection":[{"href":"https:\/\/www.edder.org\/index.php?rest_route=\/wp\/v2\/posts"}],"about":[{"href":"https:\/\/www.edder.org\/index.php?rest_route=\/wp\/v2\/types\/post"}],"author":[{"embeddable":true,"href":"https:\/\/www.edder.org\/index.php?rest_route=\/wp\/v2\/users\/82"}],"replies":[{"embeddable":true,"href":"https:\/\/www.edder.org\/index.php?rest_route=%2Fwp%2Fv2%2Fcomments&post=83"}],"version-history":[{"count":0,"href":"https:\/\/www.edder.org\/index.php?rest_route=\/wp\/v2\/posts\/83\/revisions"}],"wp:attachment":[{"href":"https:\/\/www.edder.org\/index.php?rest_route=%2Fwp%2Fv2%2Fmedia&parent=83"}],"wp:term":[{"taxonomy":"category","embeddable":true,"href":"https:\/\/www.edder.org\/index.php?rest_route=%2Fwp%2Fv2%2Fcategories&post=83"},{"taxonomy":"post_tag","embeddable":true,"href":"https:\/\/www.edder.org\/index.php?rest_route=%2Fwp%2Fv2%2Ftags&post=83"}],"curies":[{"name":"wp","href":"https:\/\/api.w.org\/{rel}","templated":true}]}}