{"id":821,"date":"2010-07-05T16:21:00","date_gmt":"2010-07-05T15:21:00","guid":{"rendered":"https:\/\/www.edder.org\/?p=821"},"modified":"2018-07-27T16:37:48","modified_gmt":"2018-07-27T14:37:48","slug":"apuntes-para-una-prehistoria-contemporanea","status":"publish","type":"post","link":"https:\/\/www.edder.org\/?p=821","title":{"rendered":"Apuntes para una prehistoria contempor\u00e1nea"},"content":{"rendered":"<p><img class=\"lazyload\" decoding=\"async\" src=\"data:image\/gif;base64,R0lGODlhAQABAAAAACH5BAEKAAEALAAAAAABAAEAAAICTAEAOw==\" data-orig-src=\"http:\/\/edder.org\/images\/p1.gif\" alt=\"p1\" \/><!--more--><br \/>\n<img class=\"lazyload\" decoding=\"async\" src=\"data:image\/gif;base64,R0lGODlhAQABAAAAACH5BAEKAAEALAAAAAABAAEAAAICTAEAOw==\" data-orig-src=\"http:\/\/edder.org\/images\/p2.gif\" alt=\"p2\" \/><\/p>\n","protected":false},"excerpt":{"rendered":"","protected":false},"author":82,"featured_media":0,"comment_status":"open","ping_status":"open","sticky":false,"template":"","format":"standard","meta":{"jetpack_post_was_ever_published":false,"_jetpack_newsletter_access":"","_jetpack_dont_email_post_to_subs":false,"_jetpack_newsletter_tier_id":0,"_jetpack_memberships_contains_paywalled_content":false,"_jetpack_memberships_contains_paid_content":false,"footnotes":"","jetpack_publicize_message":"","jetpack_publicize_feature_enabled":true,"jetpack_social_post_already_shared":false,"jetpack_social_options":{"image_generator_settings":{"template":"highway","default_image_id":0,"font":"","enabled":false},"version":2}},"categories":[90],"tags":[],"class_list":["post-821","post","type-post","status-publish","format-standard","hentry","category-prehistoria-contemporanea"],"jetpack_publicize_connections":[],"jetpack_featured_media_url":"","jetpack_shortlink":"https:\/\/wp.me\/p6kHv-df","jetpack_sharing_enabled":true,"jetpack-related-posts":[{"id":41699,"url":"https:\/\/www.edder.org\/?p=41699","url_meta":{"origin":821,"position":0},"title":"Esquivar noticias de la coronaci\u00f3n","author":"Eder","date":"s\u00e1bado, 6 May, 2023","format":false,"excerpt":"","rel":"","context":"En \u00abPrehistoria contempor\u00e1nea\u00bb","block_context":{"text":"Prehistoria contempor\u00e1nea","link":"https:\/\/www.edder.org\/?cat=90"},"img":{"alt_text":"","src":"https:\/\/i0.wp.com\/www.edder.org\/upload\/2023\/05\/pikari00.png?resize=350%2C200&ssl=1","width":350,"height":200,"srcset":"https:\/\/i0.wp.com\/www.edder.org\/upload\/2023\/05\/pikari00.png?resize=350%2C200&ssl=1 1x, https:\/\/i0.wp.com\/www.edder.org\/upload\/2023\/05\/pikari00.png?resize=525%2C300&ssl=1 1.5x, https:\/\/i0.wp.com\/www.edder.org\/upload\/2023\/05\/pikari00.png?resize=700%2C400&ssl=1 2x"},"classes":[]},{"id":3164,"url":"https:\/\/www.edder.org\/?p=3164","url_meta":{"origin":821,"position":1},"title":"Popaganda","author":"Eder","date":"mi\u00e9rcoles, 26 Jun, 2013","format":false,"excerpt":"","rel":"","context":"En \u00abCine\u00bb","block_context":{"text":"Cine","link":"https:\/\/www.edder.org\/?cat=79"},"img":{"alt_text":"","src":"https:\/\/i0.wp.com\/www.edder.org\/upload\/2013\/06\/popaganda.jpg?resize=350%2C200&ssl=1","width":350,"height":200,"srcset":"https:\/\/i0.wp.com\/www.edder.org\/upload\/2013\/06\/popaganda.jpg?resize=350%2C200&ssl=1 1x, https:\/\/i0.wp.com\/www.edder.org\/upload\/2013\/06\/popaganda.jpg?resize=525%2C300&ssl=1 1.5x"},"classes":[]},{"id":15100,"url":"https:\/\/www.edder.org\/?p=15100","url_meta":{"origin":821,"position":2},"title":"Las armas, Vox, Zabriskie Point, la ley, la trampa","author":"Eder","date":"viernes, 26 Abr, 2019","format":false,"excerpt":"Fragmento de la pel\u00edcula de Michelangelo Antonioni Zabriskie Point. Fragmento de una intervenci\u00f3n de la voz cantante, o ser\u00e1 mejor decir tonante, de Vox (YouTube). Hecha la ley, hecha la trampa: \u00a0","rel":"","context":"En \u00abCine\u00bb","block_context":{"text":"Cine","link":"https:\/\/www.edder.org\/?cat=79"},"img":{"alt_text":"","src":"https:\/\/i0.wp.com\/www.edder.org\/upload\/2019\/04\/zabriskie1.jpg?resize=350%2C200&ssl=1","width":350,"height":200},"classes":[]},{"id":3535,"url":"https:\/\/www.edder.org\/?p=3535","url_meta":{"origin":821,"position":3},"title":"Il profilo della citt\u00e0","author":"Eder","date":"martes, 28 Ene, 2014","format":false,"excerpt":"La forma della citt\u00e0, secondo P.P. Pasolini.","rel":"","context":"En \u00abArtes\u00bb","block_context":{"text":"Artes","link":"https:\/\/www.edder.org\/?cat=85"},"img":{"alt_text":"","src":"","width":0,"height":0},"classes":[]},{"id":43146,"url":"https:\/\/www.edder.org\/?p=43146","url_meta":{"origin":821,"position":4},"title":"L&#8217;\u00c9tat (des \u00c9tats-Unis d&#8217;Am\u00e9rique) c&#8217;est Moi","author":"Eder","date":"lunes, 30 Dic, 2024","format":false,"excerpt":"","rel":"","context":"En \u00abActualidades\u00bb","block_context":{"text":"Actualidades","link":"https:\/\/www.edder.org\/?cat=802"},"img":{"alt_text":"","src":"https:\/\/i0.wp.com\/www.edder.org\/upload\/2024\/12\/musk2.jpg?resize=350%2C200&ssl=1","width":350,"height":200},"classes":[]},{"id":12662,"url":"https:\/\/www.edder.org\/?p=12662","url_meta":{"origin":821,"position":5},"title":"Tati aujourd&#8217;hui","author":"Eder","date":"jueves, 31 Dic, 2015","format":false,"excerpt":"Tati dans les villes. Les villes de Tati. Tati aujourd'hui. Berlin, d\u00e9cembre 2015. L'ancien a\u00e9roport de Tempelhof ouvert aux migrants. \u00a0","rel":"","context":"En \u00abArtes\u00bb","block_context":{"text":"Artes","link":"https:\/\/www.edder.org\/?cat=85"},"img":{"alt_text":"","src":"https:\/\/i0.wp.com\/www.edder.org\/upload\/2015\/12\/tativille-copia.jpg?resize=350%2C200&ssl=1","width":350,"height":200},"classes":[]}],"jetpack_likes_enabled":true,"_links":{"self":[{"href":"https:\/\/www.edder.org\/index.php?rest_route=\/wp\/v2\/posts\/821","targetHints":{"allow":["GET"]}}],"collection":[{"href":"https:\/\/www.edder.org\/index.php?rest_route=\/wp\/v2\/posts"}],"about":[{"href":"https:\/\/www.edder.org\/index.php?rest_route=\/wp\/v2\/types\/post"}],"author":[{"embeddable":true,"href":"https:\/\/www.edder.org\/index.php?rest_route=\/wp\/v2\/users\/82"}],"replies":[{"embeddable":true,"href":"https:\/\/www.edder.org\/index.php?rest_route=%2Fwp%2Fv2%2Fcomments&post=821"}],"version-history":[{"count":0,"href":"https:\/\/www.edder.org\/index.php?rest_route=\/wp\/v2\/posts\/821\/revisions"}],"wp:attachment":[{"href":"https:\/\/www.edder.org\/index.php?rest_route=%2Fwp%2Fv2%2Fmedia&parent=821"}],"wp:term":[{"taxonomy":"category","embeddable":true,"href":"https:\/\/www.edder.org\/index.php?rest_route=%2Fwp%2Fv2%2Fcategories&post=821"},{"taxonomy":"post_tag","embeddable":true,"href":"https:\/\/www.edder.org\/index.php?rest_route=%2Fwp%2Fv2%2Ftags&post=821"}],"curies":[{"name":"wp","href":"https:\/\/api.w.org\/{rel}","templated":true}]}}