{"id":82,"date":"2007-02-02T07:00:34","date_gmt":"2007-02-02T05:00:34","guid":{"rendered":"https:\/\/www.edder.org\/?p=82"},"modified":"2018-07-27T16:38:33","modified_gmt":"2018-07-27T14:38:33","slug":"burra-grande","status":"publish","type":"post","link":"https:\/\/www.edder.org\/?p=82","title":{"rendered":"Burra grande"},"content":{"rendered":"<p>Para burra grande, la reci\u00e9n anunciada ciudad de Guendul\u00e1in. Ande o no ande, ese fantasmag\u00f3rico proyecto de megaciudad pasar\u00e1 a la leyenda, si no por sus soluciones urban\u00edsticas, s\u00ed por el oportunismo electoralista del anuncio de su creaci\u00f3n. Oportunismo de ida y vuelta que busca crear iguales expectativas en quienes desesperan por hacerse con una vivienda como en quienes tienen por sustancioso negocio edificarlas. Nunca se hab\u00eda visto tama\u00f1o conejo electoral salir de un chistera gubernamental. Por si no fuera suficiente con inventarse para unas elecciones que est\u00e1n a la vuelta de la esquina nada menos que la segunda ciudad del territorio ???\u00bfpoblaci\u00f3n, cincuenta mil almas????, el anuncio de la edificaci\u00f3n de la nueva megaciudad viene acompa\u00f1ado de la ineludible necesidad de emprender m\u00e1s portentosas obras de infraestructura, con nombres a la altura de la megaloman\u00eda del proyecto, como la Ronda Superoeste. Cu\u00e1nta alegr\u00eda y toda junta para el infatigable gremio de la construcci\u00f3n, que con megal\u00f3manos como los que ocupan las administraciones p\u00fablicas no ve la manera de encontrar un poco de reposo. Si dicho gremio no sabe agradecer a nuestro hombre en el Oeste ???concretamente hoy en San Francisco, California??? tan audaz e inesperada iniciativa, no es que no tenga coraz\u00f3n sino que no tiene cabeza. Por su parte, nuestro hombre, en viaje de negocios, placer o aventuras por el Oeste, ya nos explicar\u00e1 a la vuelta si lo que se contemplaba como una reserva de suelo va a convertirse en una reserva o gueto de otro g\u00e9nero. Ya nos dir\u00e1 cu\u00e1l es su idea de la articulaci\u00f3n del territorio, particularmente del urbano, o si eso es terreno que cede por completo a la din\u00e1mica que quiera imponer la voracidad del mercado. Su idea de la pol\u00edtica no necesita ser precisada. Queda puesta en evidencia no ya por sus viajes al Oeste, sino por golpes de teatro tan grandilocuentemente demag\u00f3gicos como el del anuncio de las megaciudades y superinfraestructuras que vienen ???legendarias anden o no anden???.<\/p>\n<div align=\"right\">Publicado en <a target=\"blank\" href=\"http:\/\/www.noticiasdenavarra.com\/ediciones\/2007\/02\/02\/opinion\/contra.php\">Diario de Noticias<\/a><img class=\"lazyload\" decoding=\"async\" align=\"right\" title=\"dn\" alt=\"dn\" src=\"data:image\/gif;base64,R0lGODlhAQABAAAAACH5BAEKAAEALAAAAAABAAEAAAICTAEAOw==\" data-orig-src=\"https:\/\/www.edder.org\/images\/dn.gif\" \/><\/div>\n","protected":false},"excerpt":{"rendered":"<p>Para burra grande, la reci\u00e9n anunciada ciudad de Guendul\u00e1in. Ande o no ande, ese fantasmag\u00f3rico proyecto de megaciudad pasar\u00e1 a la leyenda, si no por sus soluciones urban\u00edsticas, s\u00ed por el oportunismo electoralista del anuncio de su creaci\u00f3n. Oportunismo de ida y vuelta que busca crear iguales expectativas en quienes desesperan por hacerse con una vivienda como en quienes tienen por sustancioso negocio edificarlas. Nunca se hab\u00eda visto tama\u00f1o conejo electoral salir de un chistera gubernamental. Por si no fuera suficiente con inventarse para unas elecciones que est\u00e1n a la vuelta de la esquina nada menos que la segunda ciudad del territorio ???\u00bfpoblaci\u00f3n, cincuenta mil almas????, el anuncio de la edificaci\u00f3n de la nueva megaciudad viene acompa\u00f1ado de la ineludible necesidad de emprender m\u00e1s portentosas obras de  [&#8230;]<\/p>\n","protected":false},"author":82,"featured_media":0,"comment_status":"open","ping_status":"open","sticky":false,"template":"","format":"standard","meta":{"jetpack_post_was_ever_published":false,"_jetpack_newsletter_access":"","_jetpack_dont_email_post_to_subs":false,"_jetpack_newsletter_tier_id":0,"_jetpack_memberships_contains_paywalled_content":false,"_jetpack_memberships_contains_paid_content":false,"footnotes":"","jetpack_publicize_message":"","jetpack_publicize_feature_enabled":true,"jetpack_social_post_already_shared":false,"jetpack_social_options":{"image_generator_settings":{"template":"highway","default_image_id":0,"font":"","enabled":false},"version":2}},"categories":[3],"tags":[],"class_list":["post-82","post","type-post","status-publish","format-standard","hentry","category-na"],"jetpack_publicize_connections":[],"jetpack_featured_media_url":"","jetpack_shortlink":"https:\/\/wp.me\/p6kHv-1k","jetpack_sharing_enabled":true,"jetpack-related-posts":[{"id":562,"url":"https:\/\/www.edder.org\/?p=562","url_meta":{"origin":82,"position":0},"title":"De Landa al infinito","author":"Eder","date":"viernes, 15 Ene, 2010","format":false,"excerpt":"Pues ten\u00eda raz\u00f3n Mangado, don Francisco, vamos, creo yo, y a cada uno su raz\u00f3n. El r\u00f3tulo \u201cPalacio Baluarte Jauregia\u201d, bien, bien, bien, lo que se dice bien, no es que le caiga al edificio, como el arquitecto ya profetizara que iba a ocurrir. Mal, mal, mal, pues tampoco, la\u2026","rel":"","context":"En \u00abNA\u00bb","block_context":{"text":"NA","link":"https:\/\/www.edder.org\/?cat=3"},"img":{"alt_text":"","src":"","width":0,"height":0},"classes":[]},{"id":120,"url":"https:\/\/www.edder.org\/?p=120","url_meta":{"origin":82,"position":1},"title":"Ande o no ande, hojalata grande","author":"Eder","date":"viernes, 30 Nov, 2007","format":false,"excerpt":"","rel":"","context":"En \u00abNA\u00bb","block_context":{"text":"NA","link":"https:\/\/www.edder.org\/?cat=3"},"img":{"alt_text":"","src":"","width":0,"height":0},"classes":[]},{"id":14047,"url":"https:\/\/www.edder.org\/?p=14047","url_meta":{"origin":82,"position":2},"title":"Ventana de oportunidad (Window of opportunity)","author":"Eder","date":"domingo, 1 Abr, 2018","format":false,"excerpt":"Recordando o remedando a Jos\u00e9 Blanco White \u2013el de \u00ab\u00a1Ay de la madre cuyo hijo no escriba en Espa\u00f1a!\u00bb\u2013: \u00a1ay de la madre del intelectual, columnista, periodista o simple oportunista espa\u00f1ol que no sazone su discurso con el t\u00f3pico del momento: \u00abventana de oportunidad\u00bb!, que vendr\u00e1 del ingl\u00e9s, window of\u2026","rel":"","context":"En \u00abCine\u00bb","block_context":{"text":"Cine","link":"https:\/\/www.edder.org\/?cat=79"},"img":{"alt_text":"","src":"https:\/\/i0.wp.com\/www.edder.org\/upload\/2018\/04\/non_ma_fille_tu_n_iras_pas_danser-790048723-large.jpg?resize=350%2C200&ssl=1","width":350,"height":200,"srcset":"https:\/\/i0.wp.com\/www.edder.org\/upload\/2018\/04\/non_ma_fille_tu_n_iras_pas_danser-790048723-large.jpg?resize=350%2C200&ssl=1 1x, https:\/\/i0.wp.com\/www.edder.org\/upload\/2018\/04\/non_ma_fille_tu_n_iras_pas_danser-790048723-large.jpg?resize=525%2C300&ssl=1 1.5x"},"classes":[]},{"id":2837,"url":"https:\/\/www.edder.org\/?p=2837","url_meta":{"origin":82,"position":3},"title":"Patty Shepard (Greenville, 1945 &#8211; Madrid, 2013)","author":"Eder","date":"mi\u00e9rcoles, 9 Ene, 2013","format":false,"excerpt":"","rel":"","context":"En \u00abCine\u00bb","block_context":{"text":"Cine","link":"https:\/\/www.edder.org\/?cat=79"},"img":{"alt_text":"","src":"","width":0,"height":0},"classes":[]},{"id":148,"url":"https:\/\/www.edder.org\/?p=148","url_meta":{"origin":82,"position":4},"title":"68","author":"Eder","date":"viernes, 2 May, 2008","format":false,"excerpt":"William Klein, Grands soirs & petits matins. De vuelta a algunas pel\u00edculas de o sobre el 68. El cine ayuda bastante a entender el 68, que empez\u00f3 en el 67 y del que el Mayo parisino es un episodio m\u00e1s. Son pel\u00edculas que no se ver\u00e1n en las salas del\u2026","rel":"","context":"En \u00abNA\u00bb","block_context":{"text":"NA","link":"https:\/\/www.edder.org\/?cat=3"},"img":{"alt_text":"","src":"","width":0,"height":0},"classes":[]},{"id":12369,"url":"https:\/\/www.edder.org\/?p=12369","url_meta":{"origin":82,"position":5},"title":"Peligro: \u00a1sonrisa!","author":"Eder","date":"viernes, 27 May, 2005","format":false,"excerpt":"Peligro: la sonrisa liofilizada de la alcaldesa de Pamplona en lo alto del Monte San Crist\u00f3bal \u2013foto de prensa del pasado s\u00e1bado\u2013. Liofilizada, s\u00ed; como la Walt Disney, la de san Josemar\u00eda Escriv\u00e1 o la de los anuncios de Colgate Total. Liofilizaci\u00f3n: proceso por el que, tras extraer el agua\u2026","rel":"","context":"En \u00abSin categorizar\u00bb","block_context":{"text":"Sin categorizar","link":"https:\/\/www.edder.org\/?cat=1"},"img":{"alt_text":"","src":"","width":0,"height":0},"classes":[]}],"jetpack_likes_enabled":true,"_links":{"self":[{"href":"https:\/\/www.edder.org\/index.php?rest_route=\/wp\/v2\/posts\/82","targetHints":{"allow":["GET"]}}],"collection":[{"href":"https:\/\/www.edder.org\/index.php?rest_route=\/wp\/v2\/posts"}],"about":[{"href":"https:\/\/www.edder.org\/index.php?rest_route=\/wp\/v2\/types\/post"}],"author":[{"embeddable":true,"href":"https:\/\/www.edder.org\/index.php?rest_route=\/wp\/v2\/users\/82"}],"replies":[{"embeddable":true,"href":"https:\/\/www.edder.org\/index.php?rest_route=%2Fwp%2Fv2%2Fcomments&post=82"}],"version-history":[{"count":0,"href":"https:\/\/www.edder.org\/index.php?rest_route=\/wp\/v2\/posts\/82\/revisions"}],"wp:attachment":[{"href":"https:\/\/www.edder.org\/index.php?rest_route=%2Fwp%2Fv2%2Fmedia&parent=82"}],"wp:term":[{"taxonomy":"category","embeddable":true,"href":"https:\/\/www.edder.org\/index.php?rest_route=%2Fwp%2Fv2%2Fcategories&post=82"},{"taxonomy":"post_tag","embeddable":true,"href":"https:\/\/www.edder.org\/index.php?rest_route=%2Fwp%2Fv2%2Ftags&post=82"}],"curies":[{"name":"wp","href":"https:\/\/api.w.org\/{rel}","templated":true}]}}