{"id":81,"date":"2007-01-26T07:00:53","date_gmt":"2007-01-26T05:00:53","guid":{"rendered":"https:\/\/www.edder.org\/?p=81"},"modified":"2018-07-27T16:38:33","modified_gmt":"2018-07-27T14:38:33","slug":"camino-del-oeste","status":"publish","type":"post","link":"https:\/\/www.edder.org\/?p=81","title":{"rendered":"Camino del Oeste"},"content":{"rendered":"<p>Todo indica que la conferencia sobre energ\u00edas renovables que el presidente Sanz anunci\u00f3 y nunca dio en Villafranca de los Barros (Extremadura, Espa\u00f1a), tendr\u00e1n ocasi\u00f3n de disfrutarla en pr\u00f3ximas fechas  los naturales de la ciudad californiana de San Francisco, que a fin de cuentas es la Badajoz de los Estados Unidos. As\u00ed que los que hablamos de la conferencia extreme\u00f1a que nunca existi\u00f3, debemos rectificar y reconocer que habr\u00e1 conferencia ???poca importa si no la da el propio Sanz??? y que ser\u00e1 en tierra extrema. Hecha la pertinente rectificaci\u00f3n, no nos que m\u00e1s que anunciar que ya est\u00e1n aqu\u00ed las vacas de Macua. Ya est\u00e1 aqu\u00ed, la tercera edici\u00f3n de la tradicional semana de promoci\u00f3n de Navarra en los EE. UU., que viene siendo para Miguel Sanz y su s\u00e9quito lo que para la aristocracia rusa era el invierno en Crimea, Baden-Baden o Florencia: un garbeo cosmopolita a la espera de que remitan las inclemencias del tiempo. Empezamos el primer a\u00f1o en Nueva York ???con una escala en la Santo Domingo de don Ricardo de Le\u00f3n, hoy otra vez de actualidad???, seguimos al siguiente ensanchando el periplo por los alrededores de Boston y Chicago y terminamos este a\u00f1o lanz\u00e1ndonos directamente a la conquista del Oeste. Mejor hubiera sido un viaje intermedio, uno de transici\u00f3n por la legendaria carretera 66 y tira millas hasta Las Vegas, meca del binguero; pero las elecciones se acercan y no hay tiempo para un dispendio de ese calado. Y lo que es peor, lo mismo ???el cielo no lo quiera??? perdemos el Gobierno y no hay m\u00e1s grandes viajes de invierno. Al gran viaje de invierno este a\u00f1o le ha precedido la peque\u00f1a y muy comentada escapada extreme\u00f1a, lo mismo que otros a\u00f1os fueron las no menos comentadas escapadas japonesas, argentinas y romanas, siempre con su punto de jota y de jarana. As\u00ed es la vida del cosmopolita. Si a su regreso el presidente vuelve a llamarnos aldeanos, como hizo el a\u00f1o pasado, qu\u00e9 vamos a hacer sino reconocer lo que somos. Buen viaje, que ustedes se diviertan y nosotros que lo veamos.<\/p>\n<div align=\"right\">Publicado en <a target=\"blank\" href=\"http:\/\/www.noticiasdenavarra.com\/ediciones\/2007\/01\/26\/opinion\/contra.php\">Diario de Noticias<\/a><img class=\"lazyload\" decoding=\"async\" align=\"right\" title=\"dn\" alt=\"dn\" src=\"data:image\/gif;base64,R0lGODlhAQABAAAAACH5BAEKAAEALAAAAAABAAEAAAICTAEAOw==\" data-orig-src=\"https:\/\/www.edder.org\/images\/dn.gif\" \/><\/div>\n","protected":false},"excerpt":{"rendered":"<p>Todo indica que la conferencia sobre energ\u00edas renovables que el presidente Sanz anunci\u00f3 y nunca dio en Villafranca de los Barros (Extremadura, Espa\u00f1a), tendr\u00e1n ocasi\u00f3n de disfrutarla en pr\u00f3ximas fechas los naturales de la ciudad californiana de San Francisco, que a fin de cuentas es la Badajoz de los Estados Unidos. As\u00ed que los que hablamos de la conferencia extreme\u00f1a que nunca existi\u00f3, debemos rectificar y reconocer que habr\u00e1 conferencia ???poca importa si no la da el propio Sanz??? y que ser\u00e1 en tierra extrema. Hecha la pertinente rectificaci\u00f3n, no nos que m\u00e1s que anunciar que ya est\u00e1n aqu\u00ed las vacas de Macua. Ya est\u00e1 aqu\u00ed, la tercera edici\u00f3n de la tradicional semana de promoci\u00f3n de Navarra en los EE. UU., que viene siendo para Miguel Sanz  [&#8230;]<\/p>\n","protected":false},"author":82,"featured_media":0,"comment_status":"open","ping_status":"open","sticky":false,"template":"","format":"standard","meta":{"jetpack_post_was_ever_published":false,"_jetpack_newsletter_access":"","_jetpack_dont_email_post_to_subs":false,"_jetpack_newsletter_tier_id":0,"_jetpack_memberships_contains_paywalled_content":false,"_jetpack_memberships_contains_paid_content":false,"footnotes":"","jetpack_publicize_message":"","jetpack_publicize_feature_enabled":true,"jetpack_social_post_already_shared":false,"jetpack_social_options":{"image_generator_settings":{"template":"highway","default_image_id":0,"font":"","enabled":false},"version":2}},"categories":[3],"tags":[],"class_list":["post-81","post","type-post","status-publish","format-standard","hentry","category-na"],"jetpack_publicize_connections":[],"jetpack_featured_media_url":"","jetpack_shortlink":"https:\/\/wp.me\/p6kHv-1j","jetpack_sharing_enabled":true,"jetpack-related-posts":[{"id":80,"url":"https:\/\/www.edder.org\/?p=80","url_meta":{"origin":81,"position":0},"title":"Las mentiras de los Sanz","author":"Eder","date":"viernes, 19 Ene, 2007","format":false,"excerpt":"Alguno de los Sanz miente. Alguno de los Sanz miente y no es Alejandro. O si Alejandro Sanz miente, all\u00e1 pel\u00edculas: el cantante no preside ning\u00fan gobierno auton\u00f3mico. Por su parte, parece m\u00e1s que comprobado que Miguel Sanz enton\u00f3 el pasado s\u00e1bado sentidas jotas de su repertorio en la localidad\u2026","rel":"","context":"En \u00abNA\u00bb","block_context":{"text":"NA","link":"https:\/\/www.edder.org\/?cat=3"},"img":{"alt_text":"","src":"","width":0,"height":0},"classes":[]},{"id":35,"url":"https:\/\/www.edder.org\/?p=35","url_meta":{"origin":81,"position":1},"title":"El h\u00e1bito regener\u00f3 al monde","author":"Eder","date":"viernes, 6 Ene, 2006","format":false,"excerpt":"La desfachatez que ha llevado a Sanz \u2013Sanz Sesma\u2013 a interpretar la sentencia judicial por la que se anula la concesi\u00f3n de licencias de radio hecha en su d\u00eda por Sanz \u2013Sanz Barea\u2013 y Palacios como otro \u00e9xito del Gobierno de UPN \u2013otro m\u00e1s de la cascada incesante de \u00e9xitos\u2026","rel":"","context":"En \u00abNA\u00bb","block_context":{"text":"NA","link":"https:\/\/www.edder.org\/?cat=3"},"img":{"alt_text":"","src":"","width":0,"height":0},"classes":[]},{"id":433,"url":"https:\/\/www.edder.org\/?p=433","url_meta":{"origin":81,"position":2},"title":"Yes, they Can","author":"Eder","date":"viernes, 26 Jun, 2009","format":false,"excerpt":"Yes, they Can, o lo que es mismo: Sanz y Barcina seguir\u00e1n estando en la Can cuando el \u00faltimo pol\u00edtico que se vaya de Caja Navarra cierre la puerta. Es m\u00e1s: Sanz estar\u00eda en las altas esferas de Caja Navarra incluso en el poco veros\u00edmil supuesto de que hoy mismo\u2026","rel":"","context":"En \u00abNA\u00bb","block_context":{"text":"NA","link":"https:\/\/www.edder.org\/?cat=3"},"img":{"alt_text":"","src":"","width":0,"height":0},"classes":[]},{"id":174,"url":"https:\/\/www.edder.org\/?p=174","url_meta":{"origin":81,"position":3},"title":"Foralit\u00e9","author":"Eder","date":"viernes, 12 Sep, 2008","format":false,"excerpt":"Aprovechen que se acaban. Que se acaban los vodeviles y sainetes de ese Alfredo Landa hiperforal que es nuestro gran Miguel Sanz. Aunque previsible, la \u00faltima actuaci\u00f3n de nuestro hiperforal histri\u00f3n \u2013Sanz, no Landa, que Landa es hiperforal en el Reyno, superdonostiarra en San Sebasti\u00e1n y el padre fundador de\u2026","rel":"","context":"En \u00abNA\u00bb","block_context":{"text":"NA","link":"https:\/\/www.edder.org\/?cat=3"},"img":{"alt_text":"","src":"","width":0,"height":0},"classes":[]},{"id":693,"url":"https:\/\/www.edder.org\/?p=693","url_meta":{"origin":81,"position":4},"title":"\u2018Hiyab\u2019 y \u2018burka\u2019, hoy y aqu\u00ed","author":"Eder","date":"viernes, 23 Abr, 2010","format":false,"excerpt":"Cuando se vaya, echaremos de menos \u2013como ahora echamos de m\u00e1s\u2013 a ese gran estadista que es Miguel Sanz. Si Sanz anda de por medio, enti\u00e9ndase por estadista al incondicional del equipo que sin falta acude al estadio para sufrir lo que le echen y m\u00e1s. Pues en menos de\u2026","rel":"","context":"En \u00abNA\u00bb","block_context":{"text":"NA","link":"https:\/\/www.edder.org\/?cat=3"},"img":{"alt_text":"","src":"","width":0,"height":0},"classes":[]},{"id":224,"url":"https:\/\/www.edder.org\/?p=224","url_meta":{"origin":81,"position":5},"title":"Ni es TAV ni se le espera","author":"Eder","date":"viernes, 23 Ene, 2009","format":false,"excerpt":"Pues eso: que ni es TAV ni se le espera; pero, tranquilos, que la esTAVilidad de Navarra no va a peligrar porque el TAV ni est\u00e9 ni se le espere antes de las calendas griegas. Total, no hay cristal. Total, a conferenciantes como Sanz o su sucesora les pilla la\u2026","rel":"","context":"En \u00abNA\u00bb","block_context":{"text":"NA","link":"https:\/\/www.edder.org\/?cat=3"},"img":{"alt_text":"","src":"","width":0,"height":0},"classes":[]}],"jetpack_likes_enabled":true,"_links":{"self":[{"href":"https:\/\/www.edder.org\/index.php?rest_route=\/wp\/v2\/posts\/81","targetHints":{"allow":["GET"]}}],"collection":[{"href":"https:\/\/www.edder.org\/index.php?rest_route=\/wp\/v2\/posts"}],"about":[{"href":"https:\/\/www.edder.org\/index.php?rest_route=\/wp\/v2\/types\/post"}],"author":[{"embeddable":true,"href":"https:\/\/www.edder.org\/index.php?rest_route=\/wp\/v2\/users\/82"}],"replies":[{"embeddable":true,"href":"https:\/\/www.edder.org\/index.php?rest_route=%2Fwp%2Fv2%2Fcomments&post=81"}],"version-history":[{"count":0,"href":"https:\/\/www.edder.org\/index.php?rest_route=\/wp\/v2\/posts\/81\/revisions"}],"wp:attachment":[{"href":"https:\/\/www.edder.org\/index.php?rest_route=%2Fwp%2Fv2%2Fmedia&parent=81"}],"wp:term":[{"taxonomy":"category","embeddable":true,"href":"https:\/\/www.edder.org\/index.php?rest_route=%2Fwp%2Fv2%2Fcategories&post=81"},{"taxonomy":"post_tag","embeddable":true,"href":"https:\/\/www.edder.org\/index.php?rest_route=%2Fwp%2Fv2%2Ftags&post=81"}],"curies":[{"name":"wp","href":"https:\/\/api.w.org\/{rel}","templated":true}]}}