{"id":80,"date":"2007-01-19T06:00:21","date_gmt":"2007-01-19T04:00:21","guid":{"rendered":"https:\/\/www.edder.org\/?p=80"},"modified":"2018-07-27T16:38:33","modified_gmt":"2018-07-27T14:38:33","slug":"las-mentiras-de-los-sanz","status":"publish","type":"post","link":"https:\/\/www.edder.org\/?p=80","title":{"rendered":"Las mentiras de los Sanz"},"content":{"rendered":"<p>Alguno de los Sanz miente. Alguno de los Sanz miente y no es Alejandro. O si Alejandro Sanz miente, all&aacute; pel&iacute;culas: el cantante no preside ning&uacute;n gobierno auton&oacute;mico. Por su parte, parece m&aacute;s que comprobado que Miguel Sanz enton&oacute; el pasado s&aacute;bado sentidas jotas de su repertorio en la localidad pacense de Villafranca de los Barros, luego de degustar una t&iacute;pica caldereta del lugar. Por lo visto, en el curso de tan agradable velada popular &ndash;vamos, del PP&ndash;, fue elevada formalmente a candidata municipal una buena amiga del presidente navarro. As&iacute; pues, Miguel Sanz minti&oacute;, puesto que hab&iacute;a excusado ese mismo s&aacute;bado su presencia en la concentraci&oacute;n contra ETA celebrada en Pamplona, so pretexto de dar una inaplazable charla sobre energ&iacute;as renovables. Sanz minti&oacute;, a no ser que diera su conferencia de la manera que sol&iacute;a darlas Raimundo Lanas. Sanz minti&oacute;, cosa que en otras latitudes suele costarle el cargo a los pol&iacute;ticos y que aqu&iacute; no ha tenido m&aacute;s consecuencia que la censura verbal de hasta sus socios de Gobierno. Alguno de los Sanz puede estar mintiendo, igualmente, cuando afirma que &eacute;l no fue el que hizo algo tan feo como grabar en su m&oacute;vil la conversaci&oacute;n privada que todos los presidentes auton&oacute;micos tuvieron hace poco con el presidente del Gobierno central. En su descargo, Miguel Sanz acaba de declarar que &eacute;l pr&aacute;cticamente ni sabe usar el m&oacute;vil, y le creemos. Por lo que le toca, el otro Sanz, el presidente riojano, aparte de despacharse sobre el asunto de manera bronca y con expresiones malsonantes, afirma que &laquo;all&iacute; todo el mundo manejaba el m&oacute;vil&raquo;. &iquest;C&oacute;mo que todo el mundo? &iquest;Incluso quien ni siquiera sabe manejarlo? De nuevo alguno de los Sanz miente y Alejandro est&aacute; del todo excluido. Yo excluir&iacute;a tambi&eacute;n a Miguel Sanz, si no fuera porque acaba de mentir en otro asunto y porque un repentino inter&eacute;s por las miniaturas tecnol&oacute;gicas le llev&oacute; hace no tanto a tierras lejanas: las de Massachusetts, donde hay que ver c&oacute;mo se las gastan con los que mienten.<\/p>\n<div align=\"right\">Publicado en <a href=\"http:\/\/www.noticiasdenavarra.com\/ediciones\/2007\/01\/19\/opinion\/contra.php\" target=\"blank\">Diario de Noticias<\/a><img class=\"lazyload\" decoding=\"async\" align=\"right\" alt=\"dn\" src=\"data:image\/gif;base64,R0lGODlhAQABAAAAACH5BAEKAAEALAAAAAABAAEAAAICTAEAOw==\" data-orig-src=\"https:\/\/www.edder.org\/images\/dn.gif\" title=\"dn\" \/><\/div>\n","protected":false},"excerpt":{"rendered":"<p>Alguno de los Sanz miente. Alguno de los Sanz miente y no es Alejandro. O si Alejandro Sanz miente, all&aacute; pel&iacute;culas: el cantante no preside ning&uacute;n gobierno auton&oacute;mico. Por su parte, parece m&aacute;s que comprobado que Miguel Sanz enton&oacute; el pasado s&aacute;bado sentidas jotas de su repertorio en la localidad pacense de Villafranca de los Barros, luego de degustar una t&iacute;pica caldereta del lugar. Por lo visto, en el curso de tan agradable velada popular &ndash;vamos, del PP&ndash;, fue elevada formalmente a candidata municipal una buena amiga del presidente navarro. As&iacute; pues, Miguel Sanz minti&oacute;, puesto que hab&iacute;a excusado ese mismo s&aacute;bado su presencia en la concentraci&oacute;n contra ETA celebrada en Pamplona, so pretexto de dar una inaplazable charla sobre energ&iacute;as renovables. Sanz minti&oacute;, a no ser  [&#8230;]<\/p>\n","protected":false},"author":82,"featured_media":0,"comment_status":"open","ping_status":"open","sticky":false,"template":"","format":"standard","meta":{"jetpack_post_was_ever_published":false,"_jetpack_newsletter_access":"","_jetpack_dont_email_post_to_subs":false,"_jetpack_newsletter_tier_id":0,"_jetpack_memberships_contains_paywalled_content":false,"_jetpack_memberships_contains_paid_content":false,"footnotes":"","jetpack_publicize_message":"","jetpack_publicize_feature_enabled":true,"jetpack_social_post_already_shared":false,"jetpack_social_options":{"image_generator_settings":{"template":"highway","default_image_id":0,"font":"","enabled":false},"version":2}},"categories":[3,1],"tags":[],"class_list":["post-80","post","type-post","status-publish","format-standard","hentry","category-na","category-sin-categorizar"],"jetpack_publicize_connections":[],"jetpack_featured_media_url":"","jetpack_shortlink":"https:\/\/wp.me\/p6kHv-1i","jetpack_sharing_enabled":true,"jetpack-related-posts":[{"id":174,"url":"https:\/\/www.edder.org\/?p=174","url_meta":{"origin":80,"position":0},"title":"Foralit\u00e9","author":"Eder","date":"viernes, 12 Sep, 2008","format":false,"excerpt":"Aprovechen que se acaban. Que se acaban los vodeviles y sainetes de ese Alfredo Landa hiperforal que es nuestro gran Miguel Sanz. Aunque previsible, la \u00faltima actuaci\u00f3n de nuestro hiperforal histri\u00f3n \u2013Sanz, no Landa, que Landa es hiperforal en el Reyno, superdonostiarra en San Sebasti\u00e1n y el padre fundador de\u2026","rel":"","context":"En \u00abNA\u00bb","block_context":{"text":"NA","link":"https:\/\/www.edder.org\/?cat=3"},"img":{"alt_text":"","src":"","width":0,"height":0},"classes":[]},{"id":12475,"url":"https:\/\/www.edder.org\/?p=12475","url_meta":{"origin":80,"position":1},"title":"Barcina y ol\u00e9 (el Yoli Style)","author":"Eder","date":"mi\u00e9rcoles, 14 Oct, 2015","format":false,"excerpt":"Probablemente, la persona con menos verg\u00fcenza de la historia navarra del siglo XXI y parte del XX (desde que se apropi\u00f3 de los desvanes de su edificio para hacer un \u00e1tico de lujo al desembarco en Moviestar +, pasando por las dietas de la CAN luego trasmutadas en complemento gubernamental).\u2026","rel":"","context":"En \u00abSin categorizar\u00bb","block_context":{"text":"Sin categorizar","link":"https:\/\/www.edder.org\/?cat=1"},"img":{"alt_text":"","src":"https:\/\/i0.wp.com\/edder.org\/images\/Barcina\/barcina_shameless2.jpg?resize=350%2C200","width":350,"height":200,"srcset":"https:\/\/i0.wp.com\/edder.org\/images\/Barcina\/barcina_shameless2.jpg?resize=350%2C200 1x, https:\/\/i0.wp.com\/edder.org\/images\/Barcina\/barcina_shameless2.jpg?resize=525%2C300 1.5x, https:\/\/i0.wp.com\/edder.org\/images\/Barcina\/barcina_shameless2.jpg?resize=700%2C400 2x"},"classes":[]},{"id":433,"url":"https:\/\/www.edder.org\/?p=433","url_meta":{"origin":80,"position":2},"title":"Yes, they Can","author":"Eder","date":"viernes, 26 Jun, 2009","format":false,"excerpt":"Yes, they Can, o lo que es mismo: Sanz y Barcina seguir\u00e1n estando en la Can cuando el \u00faltimo pol\u00edtico que se vaya de Caja Navarra cierre la puerta. Es m\u00e1s: Sanz estar\u00eda en las altas esferas de Caja Navarra incluso en el poco veros\u00edmil supuesto de que hoy mismo\u2026","rel":"","context":"En \u00abNA\u00bb","block_context":{"text":"NA","link":"https:\/\/www.edder.org\/?cat=3"},"img":{"alt_text":"","src":"","width":0,"height":0},"classes":[]},{"id":35,"url":"https:\/\/www.edder.org\/?p=35","url_meta":{"origin":80,"position":3},"title":"El h\u00e1bito regener\u00f3 al monde","author":"Eder","date":"viernes, 6 Ene, 2006","format":false,"excerpt":"La desfachatez que ha llevado a Sanz \u2013Sanz Sesma\u2013 a interpretar la sentencia judicial por la que se anula la concesi\u00f3n de licencias de radio hecha en su d\u00eda por Sanz \u2013Sanz Barea\u2013 y Palacios como otro \u00e9xito del Gobierno de UPN \u2013otro m\u00e1s de la cascada incesante de \u00e9xitos\u2026","rel":"","context":"En \u00abNA\u00bb","block_context":{"text":"NA","link":"https:\/\/www.edder.org\/?cat=3"},"img":{"alt_text":"","src":"","width":0,"height":0},"classes":[]},{"id":693,"url":"https:\/\/www.edder.org\/?p=693","url_meta":{"origin":80,"position":4},"title":"\u2018Hiyab\u2019 y \u2018burka\u2019, hoy y aqu\u00ed","author":"Eder","date":"viernes, 23 Abr, 2010","format":false,"excerpt":"Cuando se vaya, echaremos de menos \u2013como ahora echamos de m\u00e1s\u2013 a ese gran estadista que es Miguel Sanz. Si Sanz anda de por medio, enti\u00e9ndase por estadista al incondicional del equipo que sin falta acude al estadio para sufrir lo que le echen y m\u00e1s. Pues en menos de\u2026","rel":"","context":"En \u00abNA\u00bb","block_context":{"text":"NA","link":"https:\/\/www.edder.org\/?cat=3"},"img":{"alt_text":"","src":"","width":0,"height":0},"classes":[]},{"id":103,"url":"https:\/\/www.edder.org\/?p=103","url_meta":{"origin":80,"position":5},"title":"Cambiazo","author":"Eder","date":"viernes, 8 Jun, 2007","format":false,"excerpt":"Si descartamos que el repentino ataque de sensatez sufrido en horas recientes por Miguel Sanz se deba a alg\u00fan accidente neurol\u00f3gico, no nos queda m\u00e1s que aceptar que la sensatez, de la que ahora parece dispuesto a dar muestras a manos llenas, es una de las virtudes constitutivas de su\u2026","rel":"","context":"En \u00abNA\u00bb","block_context":{"text":"NA","link":"https:\/\/www.edder.org\/?cat=3"},"img":{"alt_text":"","src":"","width":0,"height":0},"classes":[]}],"jetpack_likes_enabled":true,"_links":{"self":[{"href":"https:\/\/www.edder.org\/index.php?rest_route=\/wp\/v2\/posts\/80","targetHints":{"allow":["GET"]}}],"collection":[{"href":"https:\/\/www.edder.org\/index.php?rest_route=\/wp\/v2\/posts"}],"about":[{"href":"https:\/\/www.edder.org\/index.php?rest_route=\/wp\/v2\/types\/post"}],"author":[{"embeddable":true,"href":"https:\/\/www.edder.org\/index.php?rest_route=\/wp\/v2\/users\/82"}],"replies":[{"embeddable":true,"href":"https:\/\/www.edder.org\/index.php?rest_route=%2Fwp%2Fv2%2Fcomments&post=80"}],"version-history":[{"count":0,"href":"https:\/\/www.edder.org\/index.php?rest_route=\/wp\/v2\/posts\/80\/revisions"}],"wp:attachment":[{"href":"https:\/\/www.edder.org\/index.php?rest_route=%2Fwp%2Fv2%2Fmedia&parent=80"}],"wp:term":[{"taxonomy":"category","embeddable":true,"href":"https:\/\/www.edder.org\/index.php?rest_route=%2Fwp%2Fv2%2Fcategories&post=80"},{"taxonomy":"post_tag","embeddable":true,"href":"https:\/\/www.edder.org\/index.php?rest_route=%2Fwp%2Fv2%2Ftags&post=80"}],"curies":[{"name":"wp","href":"https:\/\/api.w.org\/{rel}","templated":true}]}}