{"id":8,"date":"2005-09-25T23:15:53","date_gmt":"2005-09-25T21:15:53","guid":{"rendered":"https:\/\/www.edder.org\/?p=8"},"modified":"2022-11-19T09:10:00","modified_gmt":"2022-11-19T08:10:00","slug":"locos-romanos","status":"publish","type":"post","link":"https:\/\/www.edder.org\/?p=8","title":{"rendered":"Locos romanos"},"content":{"rendered":"<p><img decoding=\"async\" class=\"lazyload izquierda\" src=\"data:image\/gif;base64,R0lGODlhAQABAAAAACH5BAEKAAEALAAAAAABAAEAAAICTAEAOw==\" data-orig-src=\"https:\/\/www.edder.org\/images\/pais.gif\" alt=\"pa\u00eds\" \/><br \/>\nEl <em>A San Ferm\u00edn pedimos<\/em> que los corredores del encierro cantan cada ma\u00f1ana ante la efigie del \u00eddolo tiene algo de \u00abAve, C\u00e9sar, los que van a morir te saludan\u00bb. M\u00e1xime cuando la invocaci\u00f3n ritual va acompa\u00f1ada de ese gesto tan romano que consiste en alzar los pu\u00f1os hacia el santo, asiendo un peri\u00f3dico apergaminado. Pero el ritual no viene de los tiempos de Pompeyo, a quien se atribuye la fundaci\u00f3n de Pamplona, sino de la \u00e9poca en que Samuel Bronston, tras hacer buenas migas con el inquilino del Pardo, instal\u00f3 sus reales en Madrid y produjo cumbres del arte como <em>El Cid<\/em> o <em>La ca\u00edda del Imperio Romano<\/em>.<!--more--><br \/>\nEl Cid es hoy uno de los pocos toreros ante los que se rinde la afici\u00f3n romana de la plaza de Pamplona y, en cuanto a la ca\u00edda del Imperio, recordemos que la misma comenz\u00f3 a precipitarse con la corrupci\u00f3n de C\u00f3modo. Aburridos de los excesos de C\u00f3modo, los senadores le enviaron a un sicario que, seg\u00fan le clavaba una daga, hab\u00eda de decirle: \u00abEl Senado te manda esto\u00bb. Como vimos en v\u00edsperas sanfermineras, los \u00absenadores\u00bb regionalistas de Uni\u00f3n del Pueblo Navarro, aburridos de los excesos de su socio, el popular Ricardo de Le\u00f3n, Embajador del Reyno, le enviaron una cuchillada pol\u00edtica. Lamentablemente, a esta hora, el por lo general locuaz diputado del Burgo, amigo, correligionario y defensor del infortunado, no ha comparecido por los sanfermines para comentar la senatorial jugada.<br \/>\nEl <em>A San Ferm\u00edn pedimos<\/em> lo compuso el maestro Turrillas, autor de pasodobles tan inolvidables como <em>Pamplona perla del norte<\/em>, all\u00e1 por los tiempos en que Charlton Heston campaba por Castilla. As\u00ed naci\u00f3 una de las tradiciones m\u00e1s romanas de los sanfermines. La invocaci\u00f3n ritual se dirige hacia una hornacina donde se halla una r\u00e9plica del \u00eddolo y, junto a \u00e9l, dispuestos como las \u00e1guilas de las legiones, los \u00abpa\u00f1uelicos\u00bb de las pe\u00f1as. El casco viejo de Pamplona est\u00e1 llen\u00f3 de hornacinas de \u00e9sas, pero como todas son pocas, no hace mucho, el gobierno regional inaugur\u00f3 un t\u00fanel a las afueras con otras dos m\u00e1s: una para alojar a un San Ferm\u00edn y la otra para dar cobijo a un San Crist\u00f3bal -siempre al quite en lo proceloso de las carreteras-.<br \/>\nLa hornacina del San Ferm\u00edn al que se dirige la invocaci\u00f3n ritual de los corredores del encierro est\u00e1 al pie del Museo de Navarra, instituci\u00f3n que debe sus primeros momentos de esplendor a Mar\u00eda \u00c1ngeles Mezqu\u00edriz, especialista en excavaciones romanas, ayer honrada con el premio Gallico de Oro. Entre los muchos aciertos de la se\u00f1ora Mezqu\u00edriz no se cuenta el haber dicho que, a ciencia cierta, el poblamiento romano de Pamplona nunca lleg\u00f3 hasta la plaza del Castillo. Sin encomendarse m\u00e1s que a la ciencia de la se\u00f1ora Mezqu\u00edriz, la alcaldesa de Pamplona empez\u00f3 a cavar y la aparici\u00f3n de unas termas romanas no se hizo esperar. Las termas siguen d\u00e1ndole dolores de cabeza y reveses judiciales.<br \/>\nTermas hay muchas en la Navarra romanizada y muy buenas. Pese a la diaria invocaci\u00f3n al \u00abcapotico\u00bb del santo, el encierro de ayer fue de mucho sobresalto. Aun con su aspecto de <em>gladiator<\/em> romano y toda la ciencia sanferminera que le acompa\u00f1a, el divino m\u00e1s atl\u00e9tico fue de nuevo volteado por las fieras de este circo. \u00bfNo ser\u00e1 hora de pensar en irse a tomar las aguas?<\/p>\n","protected":false},"excerpt":{"rendered":"<p>El A San Ferm\u00edn pedimos que los corredores del encierro cantan cada ma\u00f1ana ante la efigie del \u00eddolo tiene algo de \u00abAve, C\u00e9sar, los que van a morir te saludan\u00bb. M\u00e1xime cuando la invocaci\u00f3n ritual va acompa\u00f1ada de ese gesto tan romano que consiste en alzar los pu\u00f1os hacia el santo, asiendo un peri\u00f3dico apergaminado. Pero el ritual no viene de los tiempos de Pompeyo, a quien se atribuye la fundaci\u00f3n de Pamplona, sino de la \u00e9poca en que Samuel Bronston, tras hacer buenas migas con el inquilino del Pardo, instal\u00f3 sus reales en Madrid y produjo cumbres del arte como El Cid o La ca\u00edda del Imperio Romano.<\/p>\n","protected":false},"author":82,"featured_media":0,"comment_status":"open","ping_status":"open","sticky":false,"template":"","format":"standard","meta":{"jetpack_post_was_ever_published":false,"_jetpack_newsletter_access":"","_jetpack_dont_email_post_to_subs":false,"_jetpack_newsletter_tier_id":0,"_jetpack_memberships_contains_paywalled_content":false,"_jetpack_memberships_contains_paid_content":false,"footnotes":"","jetpack_publicize_message":"","jetpack_publicize_feature_enabled":true,"jetpack_social_post_already_shared":false,"jetpack_social_options":{"image_generator_settings":{"template":"highway","default_image_id":0,"font":"","enabled":false},"version":2}},"categories":[3],"tags":[],"class_list":["post-8","post","type-post","status-publish","format-standard","hentry","category-na"],"jetpack_publicize_connections":[],"jetpack_featured_media_url":"","jetpack_shortlink":"https:\/\/wp.me\/p6kHv-8","jetpack_sharing_enabled":true,"jetpack-related-posts":[{"id":4490,"url":"https:\/\/www.edder.org\/?p=4490","url_meta":{"origin":8,"position":0},"title":"Cara y cruz de Natalia Ginzburg","author":"Eder","date":"lunes, 20 Abr, 2015","format":false,"excerpt":"","rel":"","context":"En \u00abCine\u00bb","block_context":{"text":"Cine","link":"https:\/\/www.edder.org\/?cat=79"},"img":{"alt_text":"","src":"https:\/\/i0.wp.com\/www.edder.org\/upload\/2015\/04\/natalia.gif?resize=350%2C200&ssl=1","width":350,"height":200},"classes":[]},{"id":76,"url":"https:\/\/www.edder.org\/?p=76","url_meta":{"origin":8,"position":1},"title":"Dos cruces","author":"Eder","date":"jueves, 21 Dic, 2006","format":false,"excerpt":"En las \u00abCartas al Director\u00bb del pasado lunes, la se\u00f1ora Nuria S\u00e1nchez D\u00edaz de Isla firma una misiva titulada \u00bbLaicismo, laicidad y cat\u00f3licos en la vida p\u00fablica\u00bb. En ella, ante lo que juzga como renovados y sa\u00f1udos embates del PSOE \u2013e incluso de UPN\u2013 contra la Iglesia cat\u00f3lica, cita un\u2026","rel":"","context":"En \u00abNA\u00bb","block_context":{"text":"NA","link":"https:\/\/www.edder.org\/?cat=3"},"img":{"alt_text":"","src":"","width":0,"height":0},"classes":[]},{"id":4219,"url":"https:\/\/www.edder.org\/?p=4219","url_meta":{"origin":8,"position":2},"title":"Vidas ejemplares: Escriv\u00e1 y Arrese, o de la  sinceridad y la humildad reunidas","author":"Eder","date":"lunes, 23 Feb, 2015","format":false,"excerpt":"","rel":"","context":"En \u00abNA\u00bb","block_context":{"text":"NA","link":"https:\/\/www.edder.org\/?cat=3"},"img":{"alt_text":"","src":"https:\/\/i0.wp.com\/www.edder.org\/upload\/2015\/02\/arrese.gif?resize=350%2C200&ssl=1","width":350,"height":200},"classes":[]},{"id":12752,"url":"https:\/\/www.edder.org\/?p=12752","url_meta":{"origin":8,"position":3},"title":"Dirigido por Oteiza: el d\u00eda que Odiseo lleg\u00f3 a Pamplona","author":"Eder","date":"martes, 16 Feb, 2016","format":false,"excerpt":"","rel":"","context":"En \u00abArtes\u00bb","block_context":{"text":"Artes","link":"https:\/\/www.edder.org\/?cat=85"},"img":{"alt_text":"","src":"https:\/\/i0.wp.com\/www.edder.org\/upload\/2016\/02\/vlcsnap-2016-02-16-20h30m30s4.png?resize=350%2C200&ssl=1","width":350,"height":200},"classes":[]},{"id":327,"url":"https:\/\/www.edder.org\/?p=327","url_meta":{"origin":8,"position":4},"title":"Alcanfor","author":"Eder","date":"viernes, 20 Mar, 2009","format":false,"excerpt":"Trepidante actividad cultural en la arena \u2013pron\u00fanciese \u2018harina\u2019\u2013 del Reyno. Trepidante actividad cultural ante la inminencia de la Semana Santa y con el 2016 a la vuelta de la esquina. Javieradas aparte, trepidante actividad cultural en el reyno viejo; reino que, como dijera Pem\u00e1n \u2013el poeta del R\u00e9gimen que por\u2026","rel":"","context":"En \u00abNA\u00bb","block_context":{"text":"NA","link":"https:\/\/www.edder.org\/?cat=3"},"img":{"alt_text":"","src":"","width":0,"height":0},"classes":[]},{"id":395,"url":"https:\/\/www.edder.org\/?p=395","url_meta":{"origin":8,"position":5},"title":"Pastel de lengua de alondra","author":"Eder","date":"viernes, 22 May, 2009","format":false,"excerpt":"","rel":"","context":"En \u00abNA\u00bb","block_context":{"text":"NA","link":"https:\/\/www.edder.org\/?cat=3"},"img":{"alt_text":"jamon","src":"https:\/\/i0.wp.com\/www.edder.org\/images\/jamon.gif?resize=350%2C200","width":350,"height":200},"classes":[]}],"jetpack_likes_enabled":true,"_links":{"self":[{"href":"https:\/\/www.edder.org\/index.php?rest_route=\/wp\/v2\/posts\/8","targetHints":{"allow":["GET"]}}],"collection":[{"href":"https:\/\/www.edder.org\/index.php?rest_route=\/wp\/v2\/posts"}],"about":[{"href":"https:\/\/www.edder.org\/index.php?rest_route=\/wp\/v2\/types\/post"}],"author":[{"embeddable":true,"href":"https:\/\/www.edder.org\/index.php?rest_route=\/wp\/v2\/users\/82"}],"replies":[{"embeddable":true,"href":"https:\/\/www.edder.org\/index.php?rest_route=%2Fwp%2Fv2%2Fcomments&post=8"}],"version-history":[{"count":0,"href":"https:\/\/www.edder.org\/index.php?rest_route=\/wp\/v2\/posts\/8\/revisions"}],"wp:attachment":[{"href":"https:\/\/www.edder.org\/index.php?rest_route=%2Fwp%2Fv2%2Fmedia&parent=8"}],"wp:term":[{"taxonomy":"category","embeddable":true,"href":"https:\/\/www.edder.org\/index.php?rest_route=%2Fwp%2Fv2%2Fcategories&post=8"},{"taxonomy":"post_tag","embeddable":true,"href":"https:\/\/www.edder.org\/index.php?rest_route=%2Fwp%2Fv2%2Ftags&post=8"}],"curies":[{"name":"wp","href":"https:\/\/api.w.org\/{rel}","templated":true}]}}