{"id":79,"date":"2007-01-12T18:25:03","date_gmt":"2007-01-12T16:25:03","guid":{"rendered":"https:\/\/www.edder.org\/?p=79"},"modified":"2016-10-26T16:00:49","modified_gmt":"2016-10-26T14:00:49","slug":"el-tiempo-de-los-asesinos","status":"publish","type":"post","link":"https:\/\/www.edder.org\/?p=79","title":{"rendered":"El tiempo de los asesinos"},"content":{"rendered":"<p>Brillante idea la de culminar el V Centenario de Javier con otro V Centenario, el de C&eacute;sar Borgia. Pero, s&iacute;; bien mirado, C&eacute;sar Borgia, el brillant&iacute;simo asesino, aparte de ser hijo de su padre y de su &eacute;poca, fue un adelantado &ndash;o una consecuencia antes de tiempo&ndash; de la m&aacute;xima jesu&iacute;tica que dice: el fin justifica los medios. Hay una sola raz&oacute;n por la que se supone que Maquiavelo admir&oacute; a C&eacute;sar Borgia: pens&oacute; que ejercer&iacute;a de asesino con m&aacute;s discreci&oacute;n y m&aacute;s cordura que otros. Pens&oacute; que un asesino discreto y eficaz &ndash;uno entregado a la causa o raz&oacute;n de Estado&ndash; era m&aacute;s conveniente que muchos asesinos enzarzados en eternas disputas por m&aacute;s poder. Pens&oacute; que la autoridad ser&iacute;a m&aacute;s llevadera si en vez de caer en las manos de los iluminados que nos enrolan en perpetuas guerras de religi&oacute;n, ca&iacute;a en las de un agn&oacute;stico &ndash;todo lo depravado, ambicioso y asesino que se quiera&ndash; capaz de mantener unas apariencias de orden social, sin levantar a la menor ocasi&oacute;n una bandera mesi&aacute;nica. Entonces escribi&oacute; que el Pr&iacute;ncipe puede matar cuanto crea necesario, pero no debe ser tan necio como para saquear, hostigar y envolver en guerras sin fin a sus s&uacute;bditos. Maquiavelo conoc&iacute;a bien la naturaleza humana. No tan bien como conocemos hoy la naturaleza del crimen pol&iacute;tico. El poder no puede concebirse m&aacute;s que como una ambici&oacute;n irrefrenable de m&aacute;s poder y el crimen pol&iacute;tico, si no nacido, s&iacute; justificado a partir de que Maquiavelo pensara en C&eacute;sar Borgia &ndash;o en Fernando, antes de ser el Cat&oacute;lico&ndash;, no solo se presenta siempre como inocente &ndash;la responsabilidad del crimen no est&aacute; en las propias acciones sino en las omisiones de los otros&ndash;, sino que promete no detenerse hasta lograr un mundo inocente y feliz. V&eacute;ase el &uacute;ltimo comunicado de ETA como ilustraci&oacute;n de la perpetua inocencia que se arroga el criminal pol&iacute;tico. Y v&eacute;ase lo oportuno de festejar el quinto centenario de la muerte de C&eacute;sar Borgia, brillant&iacute;simo antecesor de una inextinguible saga de asesinos cargados de buenas razones para serlo.<\/p>\n<p>Publicado en enero de 2007<\/p>\n","protected":false},"excerpt":{"rendered":"<p>Brillante idea la de culminar el V Centenario de Javier con otro V Centenario, el de C&eacute;sar Borgia. Pero, s&iacute;; bien mirado, C&eacute;sar Borgia, el brillant&iacute;simo asesino, aparte de ser hijo de su padre y de su &eacute;poca, fue un adelantado &ndash;o una consecuencia antes de tiempo&ndash; de la m&aacute;xima jesu&iacute;tica que dice: el fin justifica los medios. Hay una sola raz&oacute;n por la que se supone que Maquiavelo admir&oacute; a C&eacute;sar Borgia: pens&oacute; que ejercer&iacute;a de asesino con m&aacute;s discreci&oacute;n y m&aacute;s cordura que otros. Pens&oacute; que un asesino discreto y eficaz &ndash;uno entregado a la causa o raz&oacute;n de Estado&ndash; era m&aacute;s conveniente que muchos asesinos enzarzados en eternas disputas por m&aacute;s poder. Pens&oacute; que la autoridad ser&iacute;a m&aacute;s llevadera si en vez de caer  [&#8230;]<\/p>\n","protected":false},"author":82,"featured_media":0,"comment_status":"open","ping_status":"open","sticky":false,"template":"","format":"standard","meta":{"jetpack_post_was_ever_published":false,"_jetpack_newsletter_access":"","_jetpack_dont_email_post_to_subs":true,"_jetpack_newsletter_tier_id":0,"_jetpack_memberships_contains_paywalled_content":false,"_jetpack_memberships_contains_paid_content":false,"footnotes":"","jetpack_publicize_message":"","jetpack_publicize_feature_enabled":true,"jetpack_social_post_already_shared":false,"jetpack_social_options":{"image_generator_settings":{"template":"highway","default_image_id":0,"font":"","enabled":false},"version":2}},"categories":[3,1],"tags":[],"class_list":["post-79","post","type-post","status-publish","format-standard","hentry","category-na","category-sin-categorizar"],"jetpack_publicize_connections":[],"jetpack_featured_media_url":"","jetpack_shortlink":"https:\/\/wp.me\/p6kHv-1h","jetpack_sharing_enabled":true,"jetpack-related-posts":[{"id":197,"url":"https:\/\/www.edder.org\/?p=197","url_meta":{"origin":79,"position":0},"title":"Esperpento","author":"Eder","date":"viernes, 31 Oct, 2008","format":false,"excerpt":"Par\u00e9ntesis forzoso en el sainete foral. En la ma\u00f1ana de ayer se abri\u00f3 paso una nueva representaci\u00f3n esperp\u00e9ntica de ETA. Lo grotesco, lo desatinado, lo siniestro, que son los rasgos del esperpento, se puso de manifiesto con la llamada telef\u00f3nica de los criminales \u2013pol\u00edticos, claro que s\u00ed, que suelen ser\u2026","rel":"","context":"En \u00abNA\u00bb","block_context":{"text":"NA","link":"https:\/\/www.edder.org\/?cat=3"},"img":{"alt_text":"","src":"","width":0,"height":0},"classes":[]},{"id":30,"url":"https:\/\/www.edder.org\/?p=30","url_meta":{"origin":79,"position":1},"title":"Centenarios, quinto y primero","author":"Eder","date":"lunes, 12 Dic, 2005","format":false,"excerpt":"Mientras nuestro V Centenario sigue enriqueci\u00e9ndose con un rosario de actos que promete reverdecer las glorias de los grandes congresos nacional-cat\u00f3licos ???aquellos de la Pamplona ???sana??? de hacia 1950???, en Francia, el primer centenario de la ley de 1905 ???la de separaci\u00f3n del Estado y las iglesias??? se ha visto\u2026","rel":"","context":"En \u00abNA\u00bb","block_context":{"text":"NA","link":"https:\/\/www.edder.org\/?cat=3"},"img":{"alt_text":"","src":"","width":0,"height":0},"classes":[]},{"id":28,"url":"https:\/\/www.edder.org\/?p=28","url_meta":{"origin":79,"position":2},"title":"\u00bfCentenario? \u00a1Terry!","author":"Eder","date":"viernes, 25 Nov, 2005","format":false,"excerpt":"Y la directora del Instituto Navarro de la Mujer, \u00bfqu\u00e9 dice de ese anuncio de los tintos del Reyno, en el que de la trasera de un sof\u00e1 emergen las piernas de una mujer desvestida, sobre la que yace un ejecutivo descorbatado? \u00bfNada que declarar? Pues va a ser que\u2026","rel":"","context":"En \u00abNA\u00bb","block_context":{"text":"NA","link":"https:\/\/www.edder.org\/?cat=3"},"img":{"alt_text":"","src":"","width":0,"height":0},"classes":[]},{"id":7,"url":"https:\/\/www.edder.org\/?p=7","url_meta":{"origin":79,"position":3},"title":"Se\u00f1ora ministra:","author":"Eder","date":"domingo, 25 Sep, 2005","format":false,"excerpt":"La ministra de Cultura desembarc\u00f3 durante el tumultuoso fin de semana entre nosotros y qued\u00f3 gratamente sorprendida. No la vi personalmente, pero ya me hubiera gustado. Antes de quedar admirada por el igualitarismo de las fiestas pamplonesas, Carmen Calvo visit\u00f3 protocolariamente el Palacio foral. All\u00ed, junto al tapiz en el\u2026","rel":"","context":"En \u00abNA\u00bb","block_context":{"text":"NA","link":"https:\/\/www.edder.org\/?cat=3"},"img":{"alt_text":"","src":"","width":0,"height":0},"classes":[]},{"id":155,"url":"https:\/\/www.edder.org\/?p=155","url_meta":{"origin":79,"position":4},"title":"Divinos","author":"Eder","date":"viernes, 20 Jun, 2008","format":false,"excerpt":"En 1966, de paso por Londres, el poeta Robert Allen Zimmerman, m\u00e1s conocido como Bob Dylan \u2013comparado por algunos con Picasso y llamado, con raz\u00f3n, Dios\u2013, tuvo una mala idea: ir al encuentro del entonces prosista John Winston Lennon. Zimmerman pens\u00f3 \u2013otra mala idea\u2013 que su encuentro en la cumbre\u2026","rel":"","context":"En \u00abNA\u00bb","block_context":{"text":"NA","link":"https:\/\/www.edder.org\/?cat=3"},"img":{"alt_text":"","src":"","width":0,"height":0},"classes":[]},{"id":1831,"url":"https:\/\/www.edder.org\/?p=1831","url_meta":{"origin":79,"position":5},"title":"Cazacabelleras","author":"Eder","date":"viernes, 6 May, 2011","format":false,"excerpt":"","rel":"","context":"En \u00abSin categorizar\u00bb","block_context":{"text":"Sin categorizar","link":"https:\/\/www.edder.org\/?cat=1"},"img":{"alt_text":"","src":"","width":0,"height":0},"classes":[]}],"jetpack_likes_enabled":true,"_links":{"self":[{"href":"https:\/\/www.edder.org\/index.php?rest_route=\/wp\/v2\/posts\/79","targetHints":{"allow":["GET"]}}],"collection":[{"href":"https:\/\/www.edder.org\/index.php?rest_route=\/wp\/v2\/posts"}],"about":[{"href":"https:\/\/www.edder.org\/index.php?rest_route=\/wp\/v2\/types\/post"}],"author":[{"embeddable":true,"href":"https:\/\/www.edder.org\/index.php?rest_route=\/wp\/v2\/users\/82"}],"replies":[{"embeddable":true,"href":"https:\/\/www.edder.org\/index.php?rest_route=%2Fwp%2Fv2%2Fcomments&post=79"}],"version-history":[{"count":0,"href":"https:\/\/www.edder.org\/index.php?rest_route=\/wp\/v2\/posts\/79\/revisions"}],"wp:attachment":[{"href":"https:\/\/www.edder.org\/index.php?rest_route=%2Fwp%2Fv2%2Fmedia&parent=79"}],"wp:term":[{"taxonomy":"category","embeddable":true,"href":"https:\/\/www.edder.org\/index.php?rest_route=%2Fwp%2Fv2%2Fcategories&post=79"},{"taxonomy":"post_tag","embeddable":true,"href":"https:\/\/www.edder.org\/index.php?rest_route=%2Fwp%2Fv2%2Ftags&post=79"}],"curies":[{"name":"wp","href":"https:\/\/api.w.org\/{rel}","templated":true}]}}