{"id":78,"date":"2007-01-05T18:17:57","date_gmt":"2007-01-05T16:17:57","guid":{"rendered":"https:\/\/www.edder.org\/?p=78"},"modified":"2019-05-06T15:37:42","modified_gmt":"2019-05-06T13:37:42","slug":"navarra-fue-la-primera","status":"publish","type":"post","link":"https:\/\/www.edder.org\/?p=78","title":{"rendered":"Navarra fue la primera"},"content":{"rendered":"<p>Le&iacute; con des&aacute;nimo la nota de prensa por la que El PSN-PSOE rechazaba &laquo;con toda rotundidad la distribuci&oacute;n de un calendario de bolsillo de orientaci&oacute;n claramente fascista&raquo;. En &eacute;l, dec&iacute;a la nota, &laquo;se reproduce un dibujo relativo a los tercios de requet&eacute;s, con la siguiente frase: &laquo;Navarra fue la primera, 1936-1939&hellip;&raquo;. Dada &laquo;la grave afrenta que supone esta iniciativa [&hellip;], exigimos&raquo;, etc., etc. En efecto, en el anverso del calendario hay una foto &ndash;no un dibujo&ndash; que reproduce la composici&oacute;n propagand&iacute;stica de la c&uacute;pula de los Ca&iacute;dos titulada &laquo;La Navarra guerrera&raquo;. En ella, por un pe&ntilde;asco abismal, avanzan no s&oacute;lo los tercios de requet&eacute;s, sino los representantes de todos los navarros que &laquo;han dado su vida por Dios&raquo;. Las figuras se escalonan desde un guerrillero de Espoz y Mina al grupo de vanguardia, formado por un requet&eacute; con la cruz, otro con lo que parece un pistol&oacute;n de una guerra anterior, un falangista y un soldado del General&iacute;simo con la rojigualda. En medio, tres generaciones de carlistas marchan al son del tambor junto a &laquo;la General&iacute;sima&raquo; &ndash;la bandera de la Inmaculada&ndash;. Bajo lo foto se lee, s&iacute;, <em>Navarra fue la primera, 1936-1939<\/em>, que es el t&iacute;tulo de la muy reciente reedici&oacute;n &ndash;en la editorial burladesa Sahats&ndash; de los textos de Lizarza y otros golpistas del 36 que, a la euf&oacute;rica altura del revisionismo hist&oacute;rico de posguerra, no quisieron privarse de airear sus haza&ntilde;as. En el reverso del calendario, junto a un laureado escudo de Navarra, se lee esta proclama: &laquo;Para ser un buen navarro \/ dos cosas son menester: \/ amar a Espa&ntilde;a y sus fueros \/ luego&hellip; lo que hay que tener&raquo;. Des&aacute;nimo, s&iacute;. No por el calendario &ndash;grosero y grotesco&ndash; o por la reedici&oacute;n de esos textos &ndash;que deben estar en las bibliotecas, pues sus autores se retratan tal cual&ndash;, sino por el desconocimiento de unos referentes &ndash;la c&uacute;pula de los Ca&iacute;dos, el amplio y muy orgulloso revisionismo navarro de posguerra, del que nunca reneg&oacute; la derecha&ndash; sobre los que al parecer nada hay que decir o recordar.<\/p>\n<p>Publicado en <a href=\"http:\/\/www.noticiasdenavarra.com\/ediciones\/2007\/01\/05\/opinion\/contra.php\" target=\"blank\" rel=\"noopener noreferrer\">Diario de Noticia<\/a> en enero de 2007<\/p>\n","protected":false},"excerpt":{"rendered":"<p>Le&iacute; con des&aacute;nimo la nota de prensa por la que El PSN-PSOE rechazaba &laquo;con toda rotundidad la distribuci&oacute;n de un calendario de bolsillo de orientaci&oacute;n claramente fascista&raquo;. En &eacute;l, dec&iacute;a la nota, &laquo;se reproduce un dibujo relativo a los tercios de requet&eacute;s, con la siguiente frase: &laquo;Navarra fue la primera, 1936-1939&hellip;&raquo;. Dada &laquo;la grave afrenta que supone esta iniciativa [&hellip;], exigimos&raquo;, etc., etc. En efecto, en el anverso del calendario hay una foto &ndash;no un dibujo&ndash; que reproduce la composici&oacute;n propagand&iacute;stica de la c&uacute;pula de los Ca&iacute;dos titulada &laquo;La Navarra guerrera&raquo;. En ella, por un pe&ntilde;asco abismal, avanzan no s&oacute;lo los tercios de requet&eacute;s, sino los representantes de todos los navarros que &laquo;han dado su vida por Dios&raquo;. Las figuras se escalonan desde un guerrillero de Espoz  [&#8230;]<\/p>\n","protected":false},"author":82,"featured_media":0,"comment_status":"open","ping_status":"open","sticky":false,"template":"","format":"standard","meta":{"jetpack_post_was_ever_published":false,"_jetpack_newsletter_access":"","_jetpack_dont_email_post_to_subs":false,"_jetpack_newsletter_tier_id":0,"_jetpack_memberships_contains_paywalled_content":false,"_jetpack_memberships_contains_paid_content":false,"footnotes":"","jetpack_publicize_message":"","jetpack_publicize_feature_enabled":true,"jetpack_social_post_already_shared":false,"jetpack_social_options":{"image_generator_settings":{"template":"highway","default_image_id":0,"font":"","enabled":false},"version":2}},"categories":[3],"tags":[],"class_list":["post-78","post","type-post","status-publish","format-standard","hentry","category-na"],"jetpack_publicize_connections":[],"jetpack_featured_media_url":"","jetpack_shortlink":"https:\/\/wp.me\/p6kHv-1g","jetpack_sharing_enabled":true,"jetpack-related-posts":[{"id":1152,"url":"https:\/\/www.edder.org\/?p=1152","url_meta":{"origin":78,"position":0},"title":"Desencuentros del 74","author":"Eder","date":"viernes, 1 Oct, 2010","format":false,"excerpt":"Navarra, las cosas como son, ha escrito p\u00e1ginas de oro en la historia del surrealismo. Con luz propia brillan los momenticos hist\u00f3ricos vividos en marzo de 1974, cuando el pamplon\u00e9s Antonio A\u00f1overos (1909-1987), nuevo Obispo de Bilbao, invoc\u00f3 el canon 2.334 del Concordato y amenaz\u00f3 con excomulgar a Franco, General\u00edsimo\u2026","rel":"","context":"En \u00abNA\u00bb","block_context":{"text":"NA","link":"https:\/\/www.edder.org\/?cat=3"},"img":{"alt_text":"","src":"","width":0,"height":0},"classes":[]},{"id":4092,"url":"https:\/\/www.edder.org\/?p=4092","url_meta":{"origin":78,"position":1},"title":"Oteiza en la llamada Universidad de Navarra","author":"Eder","date":"viernes, 23 Ene, 2015","format":false,"excerpt":"\u00a0 Seguro que ironiza \u2013m\u00e1s iron\u00edas con el Opus de por medio\u2013 quien hoy escribe en Diario de Noticias: \u00abSi hubiera vivido doce a\u00f1os m\u00e1s, el gran artista Jorge Oteiza hubiera tenido ayer varias razones para estar contento. La primera, que el reci\u00e9n estrenado Museo de la Universidad de Navarra\u2026","rel":"","context":"En \u00abArtes\u00bb","block_context":{"text":"Artes","link":"https:\/\/www.edder.org\/?cat=85"},"img":{"alt_text":"","src":"","width":0,"height":0},"classes":[]},{"id":64,"url":"https:\/\/www.edder.org\/?p=64","url_meta":{"origin":78,"position":2},"title":"Alcanfor de Espa\u00f1a","author":"Eder","date":"viernes, 29 Sep, 2006","format":false,"excerpt":"Lo dijo Pem\u00e1n. Lo dijo aquel escritor de quinta que seg\u00fan sus propios admiradores bordaba filigranas de primera en la tercera del ABC. Lo dijo aquel profesional del senequismo tabernario por los a\u00f1os triunfales del nacionalcatolicismo, all\u00e1 por la segunda venida del Divino impaciente. Entonces fue cuando Pem\u00e1n dijo lo\u2026","rel":"","context":"En \u00abNA\u00bb","block_context":{"text":"NA","link":"https:\/\/www.edder.org\/?cat=3"},"img":{"alt_text":"","src":"","width":0,"height":0},"classes":[]},{"id":11618,"url":"https:\/\/www.edder.org\/?p=11618","url_meta":{"origin":78,"position":3},"title":"Primera paletada triunfal","author":"Eder","date":"domingo, 26 Abr, 2015","format":false,"excerpt":"Primera paleta triunfal del ininaugurable y nunca inaugurado Reyno de Navarra Arena. Ambiente navarr\u00edsimo. A la derecha, a la pala, de gris marengo, Miguel Sanz Sesma (\u00ab400 euros no dan ni para una cena\u00bb), ahora presidente de Autopistas de Navarra por designaci\u00f3n de UPN y miembro de media docena de\u2026","rel":"","context":"En \u00abNA\u00bb","block_context":{"text":"NA","link":"https:\/\/www.edder.org\/?cat=3"},"img":{"alt_text":"","src":"https:\/\/i0.wp.com\/www.edder.org\/upload\/2015\/04\/paletadas2.jpg?resize=350%2C200&ssl=1","width":350,"height":200},"classes":[]},{"id":5,"url":"https:\/\/www.edder.org\/?p=5","url_meta":{"origin":78,"position":4},"title":"Embajadores del Reyno","author":"Eder","date":"domingo, 25 Sep, 2005","format":false,"excerpt":"En la ma\u00f1ana del pasado martes 5 de julio se verific\u00f3 la primera mala cornada de los corrientes sanfermines. En efecto, esa ma\u00f1ana los peri\u00f3dicos informaban sucinta, escuetamente, de que el delegado del Gobierno de Navarra en Madrid, m\u00e1s popularmente conocido como el Se\u00f1or Embajador Plenipotenciario del Reyno","rel":"","context":"En \u00abNA\u00bb","block_context":{"text":"NA","link":"https:\/\/www.edder.org\/?cat=3"},"img":{"alt_text":"","src":"","width":0,"height":0},"classes":[]},{"id":153,"url":"https:\/\/www.edder.org\/?p=153","url_meta":{"origin":78,"position":5},"title":"Mois\u00e9s","author":"Eder","date":"s\u00e1bado, 7 Jun, 2008","format":false,"excerpt":"Dice, \u00bfsab\u00eda que cualificados miembros de la direcci\u00f3n regionalista comentaban el domingo que \u201cDios tiene que ser de UPN\u201d, pues mientras diluviaba en todas partes, en Senda Viva, ese arca de No\u00e9 con dos animales de cada especie donde se celebraba la fiesta del navarrismo, la lluvia ni se insinu\u00f3?\u2026","rel":"","context":"En \u00abNA\u00bb","block_context":{"text":"NA","link":"https:\/\/www.edder.org\/?cat=3"},"img":{"alt_text":"","src":"","width":0,"height":0},"classes":[]}],"jetpack_likes_enabled":true,"_links":{"self":[{"href":"https:\/\/www.edder.org\/index.php?rest_route=\/wp\/v2\/posts\/78","targetHints":{"allow":["GET"]}}],"collection":[{"href":"https:\/\/www.edder.org\/index.php?rest_route=\/wp\/v2\/posts"}],"about":[{"href":"https:\/\/www.edder.org\/index.php?rest_route=\/wp\/v2\/types\/post"}],"author":[{"embeddable":true,"href":"https:\/\/www.edder.org\/index.php?rest_route=\/wp\/v2\/users\/82"}],"replies":[{"embeddable":true,"href":"https:\/\/www.edder.org\/index.php?rest_route=%2Fwp%2Fv2%2Fcomments&post=78"}],"version-history":[{"count":0,"href":"https:\/\/www.edder.org\/index.php?rest_route=\/wp\/v2\/posts\/78\/revisions"}],"wp:attachment":[{"href":"https:\/\/www.edder.org\/index.php?rest_route=%2Fwp%2Fv2%2Fmedia&parent=78"}],"wp:term":[{"taxonomy":"category","embeddable":true,"href":"https:\/\/www.edder.org\/index.php?rest_route=%2Fwp%2Fv2%2Fcategories&post=78"},{"taxonomy":"post_tag","embeddable":true,"href":"https:\/\/www.edder.org\/index.php?rest_route=%2Fwp%2Fv2%2Ftags&post=78"}],"curies":[{"name":"wp","href":"https:\/\/api.w.org\/{rel}","templated":true}]}}