{"id":746,"date":"2010-06-17T09:07:46","date_gmt":"2010-06-17T08:07:46","guid":{"rendered":"https:\/\/www.edder.org\/?p=746"},"modified":"2018-07-27T16:37:50","modified_gmt":"2018-07-27T14:37:50","slug":"enfermedades-del-automovil","status":"publish","type":"post","link":"https:\/\/www.edder.org\/?p=746","title":{"rendered":"Enfermedades del autom\u00f3vil"},"content":{"rendered":"<p><img class=\"lazyload\" decoding=\"async\" src=\"data:image\/gif;base64,R0lGODlhAQABAAAAACH5BAEKAAEALAAAAAABAAEAAAICTAEAOw==\" data-orig-src=\"https:\/\/www.edder.org\/images\/enfermedadesauto.jpg\" alt=\"auto\" \/><\/p>\n","protected":false},"excerpt":{"rendered":"","protected":false},"author":82,"featured_media":0,"comment_status":"open","ping_status":"open","sticky":false,"template":"","format":"standard","meta":{"jetpack_post_was_ever_published":false,"_jetpack_newsletter_access":"","_jetpack_dont_email_post_to_subs":false,"_jetpack_newsletter_tier_id":0,"_jetpack_memberships_contains_paywalled_content":false,"_jetpack_memberships_contains_paid_content":false,"footnotes":"","jetpack_publicize_message":"","jetpack_publicize_feature_enabled":true,"jetpack_social_post_already_shared":false,"jetpack_social_options":{"image_generator_settings":{"template":"highway","default_image_id":0,"font":"","enabled":false},"version":2}},"categories":[3],"tags":[],"class_list":["post-746","post","type-post","status-publish","format-standard","hentry","category-na"],"jetpack_publicize_connections":[],"jetpack_featured_media_url":"","jetpack_shortlink":"https:\/\/wp.me\/p6kHv-c2","jetpack_sharing_enabled":true,"jetpack-related-posts":[{"id":96,"url":"https:\/\/www.edder.org\/?p=96","url_meta":{"origin":746,"position":0},"title":"Museo local de los horrores","author":"Eder","date":"viernes, 20 Abr, 2007","format":false,"excerpt":"Pues si hay que hacer un museo moderno, cosa en la que est\u00e1n de acuerdo casi todos los candidatos a la alcald\u00eda de Pamplona, \u00bfpor qu\u00e9 no hacer en Autobuses un museo de etnograf\u00eda moderna, ya que el Museo Julio Caro Baroja lo empaquet\u00f3 el consejero del ramo para hacerle\u2026","rel":"","context":"En \u00abNA\u00bb","block_context":{"text":"NA","link":"https:\/\/www.edder.org\/?cat=3"},"img":{"alt_text":"","src":"","width":0,"height":0},"classes":[]},{"id":4112,"url":"https:\/\/www.edder.org\/?p=4112","url_meta":{"origin":746,"position":1},"title":"En la carretera de Sintra, como en un film de Godard","author":"Eder","date":"s\u00e1bado, 24 Ene, 2015","format":false,"excerpt":"","rel":"","context":"En \u00abArtes\u00bb","block_context":{"text":"Artes","link":"https:\/\/www.edder.org\/?cat=85"},"img":{"alt_text":"","src":"","width":0,"height":0},"classes":[]},{"id":47939,"url":"https:\/\/www.edder.org\/?p=47939","url_meta":{"origin":746,"position":2},"title":"Diga \u201cc\u00e1ncer\u201d. No pasa nada \/ Say the word, nothing happens","author":"Eder","date":"lunes, 23 Feb, 2026","format":false,"excerpt":"","rel":"","context":"En \u00abActualidades\u00bb","block_context":{"text":"Actualidades","link":"https:\/\/www.edder.org\/?cat=802"},"img":{"alt_text":"","src":"https:\/\/i0.wp.com\/www.edder.org\/upload\/2026\/02\/Screenshot-2026-02-23-at-19.33.52.png?resize=350%2C200&ssl=1","width":350,"height":200,"srcset":"https:\/\/i0.wp.com\/www.edder.org\/upload\/2026\/02\/Screenshot-2026-02-23-at-19.33.52.png?resize=350%2C200&ssl=1 1x, https:\/\/i0.wp.com\/www.edder.org\/upload\/2026\/02\/Screenshot-2026-02-23-at-19.33.52.png?resize=525%2C300&ssl=1 1.5x, https:\/\/i0.wp.com\/www.edder.org\/upload\/2026\/02\/Screenshot-2026-02-23-at-19.33.52.png?resize=700%2C400&ssl=1 2x, https:\/\/i0.wp.com\/www.edder.org\/upload\/2026\/02\/Screenshot-2026-02-23-at-19.33.52.png?resize=1050%2C600&ssl=1 3x"},"classes":[]},{"id":657,"url":"https:\/\/www.edder.org\/?p=657","url_meta":{"origin":746,"position":3},"title":"14 de abril, D\u00eda de la Rep\u00fablica","author":"Eder","date":"mi\u00e9rcoles, 14 Abr, 2010","format":false,"excerpt":"El Gobierno de Navarra, hoy, 14 de abril de 2010. Procesi\u00f3n y misa en el Palacio de Navarra, sede del Ejecutivo navarro: Noticia e im\u00e1genes de la NA-DA foral. Procesi\u00f3n y misa en el Parlamento de Navarra, sede del Legislativo navarro: Noticia e im\u00e1genes. En este momento no disponemos de\u2026","rel":"","context":"En \u00abNA\u00bb","block_context":{"text":"NA","link":"https:\/\/www.edder.org\/?cat=3"},"img":{"alt_text":"","src":"https:\/\/i0.wp.com\/www.edder.org\/upload\/2010\/04\/gobierno.gif?resize=350%2C200&ssl=1","width":350,"height":200},"classes":[]},{"id":15384,"url":"https:\/\/www.edder.org\/?p=15384","url_meta":{"origin":746,"position":4},"title":"Viento del Roncal hacia 1964","author":"Eder","date":"martes, 8 Oct, 2019","format":false,"excerpt":"Viento del Roncal hacia 1964: \u00a0 Ni el periodismo ni el folclorismo hab\u00edan ca\u00eddo hasta estas cotas:","rel":"","context":"En \u00abCine\u00bb","block_context":{"text":"Cine","link":"https:\/\/www.edder.org\/?cat=79"},"img":{"alt_text":"","src":"https:\/\/i0.wp.com\/www.edder.org\/upload\/2019\/10\/roncaleses.jpg?resize=350%2C200&ssl=1","width":350,"height":200},"classes":[]},{"id":3047,"url":"https:\/\/www.edder.org\/?p=3047","url_meta":{"origin":746,"position":5},"title":"Navarcatolicismo del siglo XXI","author":"Eder","date":"mi\u00e9rcoles, 10 Abr, 2013","format":false,"excerpt":"Bendici\u00f3n del Parlamento de Navarra por el \u00e1ngel de Aralar y adoraci\u00f3n de los parlamentarios. Mi\u00e9rcoles 10 de abril de 2013 (de la Era Cristiana, \u00e7a va de soi): \u00a0 \u00a0 \u00a0 \u00a0 El a\u00f1o pasado por estas fechas: \u00a0 Bendici\u00f3n anual del Parlamento Navarro, 18 de abril de 2012.\u2026","rel":"","context":"En \u00abNA\u00bb","block_context":{"text":"NA","link":"https:\/\/www.edder.org\/?cat=3"},"img":{"alt_text":"","src":"https:\/\/i0.wp.com\/edder.org\/images\/nacional\/nacionalcatolicismo01.jpg?resize=350%2C200","width":350,"height":200,"srcset":"https:\/\/i0.wp.com\/edder.org\/images\/nacional\/nacionalcatolicismo01.jpg?resize=350%2C200 1x, https:\/\/i0.wp.com\/edder.org\/images\/nacional\/nacionalcatolicismo01.jpg?resize=525%2C300 1.5x"},"classes":[]}],"jetpack_likes_enabled":true,"_links":{"self":[{"href":"https:\/\/www.edder.org\/index.php?rest_route=\/wp\/v2\/posts\/746","targetHints":{"allow":["GET"]}}],"collection":[{"href":"https:\/\/www.edder.org\/index.php?rest_route=\/wp\/v2\/posts"}],"about":[{"href":"https:\/\/www.edder.org\/index.php?rest_route=\/wp\/v2\/types\/post"}],"author":[{"embeddable":true,"href":"https:\/\/www.edder.org\/index.php?rest_route=\/wp\/v2\/users\/82"}],"replies":[{"embeddable":true,"href":"https:\/\/www.edder.org\/index.php?rest_route=%2Fwp%2Fv2%2Fcomments&post=746"}],"version-history":[{"count":0,"href":"https:\/\/www.edder.org\/index.php?rest_route=\/wp\/v2\/posts\/746\/revisions"}],"wp:attachment":[{"href":"https:\/\/www.edder.org\/index.php?rest_route=%2Fwp%2Fv2%2Fmedia&parent=746"}],"wp:term":[{"taxonomy":"category","embeddable":true,"href":"https:\/\/www.edder.org\/index.php?rest_route=%2Fwp%2Fv2%2Fcategories&post=746"},{"taxonomy":"post_tag","embeddable":true,"href":"https:\/\/www.edder.org\/index.php?rest_route=%2Fwp%2Fv2%2Ftags&post=746"}],"curies":[{"name":"wp","href":"https:\/\/api.w.org\/{rel}","templated":true}]}}