{"id":74,"date":"2006-12-08T20:24:08","date_gmt":"2006-12-08T18:24:08","guid":{"rendered":"https:\/\/www.edder.org\/?p=74"},"modified":"2021-08-18T16:08:28","modified_gmt":"2021-08-18T14:08:28","slug":"74","status":"publish","type":"post","link":"https:\/\/www.edder.org\/?p=74","title":{"rendered":"Fragante neofraguismo"},"content":{"rendered":"<p>Acabados los fastos y gastos del a\u00f1o javeriano, que han arrojado el previsible saldo de un mill\u00f3n de turistas, am\u00e9n de una apabullante producci\u00f3n editorial que rondar\u00e1 el mill\u00f3n de p\u00e1ginas de literatura hagiogr\u00e1fica sobre la vida y milagros del santo; acabados los fastos y gastos del Quinto Centenario, el santo ya tiene lo suyo y toca dar a Fraga lo que le pertenece. Lo que le pertenece a ese hombre que rigi\u00f3 a su folcl\u00f3rica manera los designios de Galicia \u2013el pa\u00eds del mill\u00f3n de vacas y de las demostraciones de gaiteiros formados de mil en mil\u2013, no es s\u00f3lo la idea redonda del mill\u00f3n de turistas y el turista un mill\u00f3n, sino una invenci\u00f3n de mayor calado, cual es el plan de animar la econom\u00eda con la venta de una irresistible mezcla de tipismo y modernidad. De la parte del tipismo \u2013<em>Spain is different<\/em>\u2013 ca\u00edan con Fraga el botijo y las demostraciones regionales al comp\u00e1s de los gaiteiros o de la botella de An\u00eds del Mono. Del lado de la modernidad estaban \u2013aparte de la especulaci\u00f3n inmobiliaria que fragu\u00f3 o \u00abfrag\u00f3\u00bb emporios del ocio como Benidorm\u2013, los masivos vuelos ch\u00e1rter a cuya llegada las c\u00e1maras del NO-DO sorprend\u00edan al turista un mill\u00f3n, risue\u00f1o sujeto siempre dispuesto a recibir el agasajo de los autoridades fraguistas y a sorprenderse con las delicias del tipismo ib\u00e9rico. En esas o parecidas hemos andado este a\u00f1o por aqu\u00ed: en el objetivo del mill\u00f3n de turistas \u2013objetivo logrado, seg\u00fan inform\u00f3 el NO-DO foral\u2013, atra\u00eddos por una diferencia \u2013\u00abReyno de Navarra, Tierra de Diversidad\u00bb\u2013 sobre la que, a su vez, como en los tiempos de Fraga, se construye el discurso de una identidad hecha a partes iguales de tipismo y modernidad. De lado del tipismo cae la hagiograf\u00eda del santo como portaestandarte de las virtudes regionales. Para festejar nuestra modernidad y elevar nuestro amor propio, hemos contado con la magna exposici\u00f3n del comisario Arbeloa, en la que no se repar\u00f3 en gastos ni escatim\u00f3 cacharrer\u00eda tecnol\u00f3gica. Fragante neofraguismo. Y a Fraga, lo suyo.<\/p>\n<div align=\"right\">Publicado en <a href=\"http:\/\/www.noticiasdenavarra.com\/ediciones\/2006\/12\/08\/opinion\/contra.php\" target=\"blank\" rel=\"noopener\">Diario de Noticias<\/a><img class=\"lazyload\" decoding=\"async\" title=\"dn\" src=\"data:image\/gif;base64,R0lGODlhAQABAAAAACH5BAEKAAEALAAAAAABAAEAAAICTAEAOw==\" data-orig-src=\"https:\/\/www.edder.org\/images\/dn.gif\" alt=\"dn\" align=\"right\" \/><\/div>\n","protected":false},"excerpt":{"rendered":"<p>Acabados los fastos y gastos del a\u00f1o javeriano, que han arrojado el previsible saldo de un mill\u00f3n de turistas, am\u00e9n de una apabullante producci\u00f3n editorial que rondar\u00e1 el mill\u00f3n de p\u00e1ginas de literatura hagiogr\u00e1fica sobre la vida y milagros del santo; acabados los fastos y gastos del Quinto Centenario, el santo ya tiene lo suyo y toca dar a Fraga lo que le pertenece. Lo que le pertenece a ese hombre que rigi\u00f3 a su folcl\u00f3rica manera los designios de Galicia \u2013el pa\u00eds del mill\u00f3n de vacas y de las demostraciones de gaiteiros formados de mil en mil\u2013, no es s\u00f3lo la idea redonda del mill\u00f3n de turistas y el turista un mill\u00f3n, sino una invenci\u00f3n de mayor calado, cual es el plan de animar la econom\u00eda  [&#8230;]<\/p>\n","protected":false},"author":82,"featured_media":0,"comment_status":"open","ping_status":"open","sticky":false,"template":"","format":"standard","meta":{"jetpack_post_was_ever_published":false,"_jetpack_newsletter_access":"","_jetpack_dont_email_post_to_subs":false,"_jetpack_newsletter_tier_id":0,"_jetpack_memberships_contains_paywalled_content":false,"_jetpack_memberships_contains_paid_content":false,"footnotes":"","jetpack_publicize_message":"","jetpack_publicize_feature_enabled":true,"jetpack_social_post_already_shared":false,"jetpack_social_options":{"image_generator_settings":{"template":"highway","default_image_id":0,"font":"","enabled":false},"version":2}},"categories":[3],"tags":[],"class_list":["post-74","post","type-post","status-publish","format-standard","hentry","category-na"],"jetpack_publicize_connections":[],"jetpack_featured_media_url":"","jetpack_shortlink":"https:\/\/wp.me\/s6kHv-74","jetpack_sharing_enabled":true,"jetpack-related-posts":[{"id":13,"url":"https:\/\/www.edder.org\/?p=13","url_meta":{"origin":74,"position":0},"title":"Encantados de conocernos","author":"Eder","date":"viernes, 15 Jul, 2005","format":false,"excerpt":"Sobresalientes: los mejores sanfermines del siglo. No es que este cronista, que afectuosamente se va despidiendo, tenga dotes de profeta: es que la esperada rueda de prensa que la alcald\u00eda dar\u00e1 hoy, en la que se proclamar\u00e1 que las \u00faltimas fiestas han sido las mejores del siglo \u2013aparte de las\u2026","rel":"","context":"En \u00abNA\u00bb","block_context":{"text":"NA","link":"https:\/\/www.edder.org\/?cat=3"},"img":{"alt_text":"","src":"","width":0,"height":0},"classes":[]},{"id":732,"url":"https:\/\/www.edder.org\/?p=732","url_meta":{"origin":74,"position":1},"title":"Parfum Gr\u00e8ve G\u00e9n\u00e9rale","author":"Eder","date":"jueves, 17 Jun, 2010","format":false,"excerpt":"Lo que ya supondr\u00eda aquel gran visionario \u2013y mayor vidente\u2013 que fue Guy Debord cuando profetiz\u00f3 la pr\u00f3xima, inminente venida de Ferr\u00e1n Adri\u00e0 \u2013\u201cun cocinero filosofar\u00e1 sobre los momentos de cocci\u00f3n como jalones de la historia universal\u201d\u2013, es que el pep\u00e9, el fragante partido de Madame de Cospedal \u2013fragante no\u2026","rel":"","context":"En \u00abNA\u00bb","block_context":{"text":"NA","link":"https:\/\/www.edder.org\/?cat=3"},"img":{"alt_text":"","src":"","width":0,"height":0},"classes":[]},{"id":117,"url":"https:\/\/www.edder.org\/?p=117","url_meta":{"origin":74,"position":2},"title":"A la gloria y a la noria","author":"Eder","date":"viernes, 9 Nov, 2007","format":false,"excerpt":"Si no va para una semana de preparativos y aperitivos de la enorme inauguraci\u00f3n triunfal que llega ya, la de la nueva estaci\u00f3n de autobuses de Pamplona ???la I Magna Inauguraci\u00f3n Triunfal de la Temporada Pol\u00edtica???, poco le faltar\u00e1. Y la semana postinaugurativa que vendr\u00e1 despu\u00e9s. Desconozco si la docena\u2026","rel":"","context":"En \u00abNA\u00bb","block_context":{"text":"NA","link":"https:\/\/www.edder.org\/?cat=3"},"img":{"alt_text":"","src":"","width":0,"height":0},"classes":[]},{"id":43,"url":"https:\/\/www.edder.org\/?p=43","url_meta":{"origin":74,"position":3},"title":"Los fastos que no cesan","author":"Eder","date":"viernes, 17 Feb, 2006","format":false,"excerpt":"Brillante, s\u00ed. No me refiero a la genial idea de intentar traerse para aqu\u00ed, en pleno fervor sanferminero, al gran te\u00f3logo y \u2013antes que gran jefe de Estado\u2013 gran inquisidor Joseph Ratzinger. Me refiero a lo de ponerle a V\u00edctor Manuel Arbeloa al frente de una exposici\u00f3n de nada m\u00e1s\u2026","rel":"","context":"En \u00abNA\u00bb","block_context":{"text":"NA","link":"https:\/\/www.edder.org\/?cat=3"},"img":{"alt_text":"","src":"","width":0,"height":0},"classes":[]},{"id":12,"url":"https:\/\/www.edder.org\/?p=12","url_meta":{"origin":74,"position":4},"title":"Im\u00e1genes de la felicidad","author":"Eder","date":"domingo, 25 Sep, 2005","format":false,"excerpt":"Dos orientales de ambos sexos, con la apariencia de formar un matrimonio natural, y lo que es mejor, feliz, corrieron el \u00faltimo tramo del antepen\u00faltimo encierro literalmente pegados al grueso de la manada. Corrieron sin parar de sonreir, embelesados por la emoci\u00f3n del irrepetible momento de triunfo. En el callej\u00f3n\u2026","rel":"","context":"En \u00abNA\u00bb","block_context":{"text":"NA","link":"https:\/\/www.edder.org\/?cat=3"},"img":{"alt_text":"","src":"","width":0,"height":0},"classes":[]},{"id":38,"url":"https:\/\/www.edder.org\/?p=38","url_meta":{"origin":74,"position":5},"title":"Y el Servicio, \u00bfc\u00f3mo est\u00e1?","author":"Eder","date":"viernes, 20 Ene, 2006","format":false,"excerpt":"","rel":"","context":"En \u00abNA\u00bb","block_context":{"text":"NA","link":"https:\/\/www.edder.org\/?cat=3"},"img":{"alt_text":"","src":"","width":0,"height":0},"classes":[]}],"jetpack_likes_enabled":true,"_links":{"self":[{"href":"https:\/\/www.edder.org\/index.php?rest_route=\/wp\/v2\/posts\/74","targetHints":{"allow":["GET"]}}],"collection":[{"href":"https:\/\/www.edder.org\/index.php?rest_route=\/wp\/v2\/posts"}],"about":[{"href":"https:\/\/www.edder.org\/index.php?rest_route=\/wp\/v2\/types\/post"}],"author":[{"embeddable":true,"href":"https:\/\/www.edder.org\/index.php?rest_route=\/wp\/v2\/users\/82"}],"replies":[{"embeddable":true,"href":"https:\/\/www.edder.org\/index.php?rest_route=%2Fwp%2Fv2%2Fcomments&post=74"}],"version-history":[{"count":0,"href":"https:\/\/www.edder.org\/index.php?rest_route=\/wp\/v2\/posts\/74\/revisions"}],"wp:attachment":[{"href":"https:\/\/www.edder.org\/index.php?rest_route=%2Fwp%2Fv2%2Fmedia&parent=74"}],"wp:term":[{"taxonomy":"category","embeddable":true,"href":"https:\/\/www.edder.org\/index.php?rest_route=%2Fwp%2Fv2%2Fcategories&post=74"},{"taxonomy":"post_tag","embeddable":true,"href":"https:\/\/www.edder.org\/index.php?rest_route=%2Fwp%2Fv2%2Ftags&post=74"}],"curies":[{"name":"wp","href":"https:\/\/api.w.org\/{rel}","templated":true}]}}