{"id":732,"date":"2010-06-17T23:29:38","date_gmt":"2010-06-17T22:29:38","guid":{"rendered":"https:\/\/www.edder.org\/?p=732"},"modified":"2018-07-27T16:37:49","modified_gmt":"2018-07-27T14:37:49","slug":"parfum-greve-generale","status":"publish","type":"post","link":"https:\/\/www.edder.org\/?p=732","title":{"rendered":"Parfum Gr\u00e8ve G\u00e9n\u00e9rale"},"content":{"rendered":"<p>Lo que ya supondr\u00eda aquel gran visionario \u2013y mayor vidente\u2013 que fue Guy Debord cuando profetiz\u00f3 la pr\u00f3xima, inminente venida de Ferr\u00e1n Adri\u00e0 \u2013\u201cun cocinero filosofar\u00e1 sobre los momentos de cocci\u00f3n como jalones de la historia universal\u201d\u2013, es que el <em>pep\u00e9<\/em>, el fragante partido de Madame de Cospedal \u2013fragante no por arom\u00e1tico ni por resplandeciente, sino por ser el de Fraga\u2013, no tendr\u00eda el menor pudor en presentarse un d\u00eda como el partido de los trabajadores de Espa\u00f1a, el <em>pet\u00e9<\/em>. Al cabo, tras profetizar que Adri\u00e0 vendr\u00eda \u2013y con un pan deconstruido bajo el brazo\u2013, Debord advirti\u00f3 que un rasgo t\u00edpico de la sociedad actual iba a ser la falsedad sin tregua. Que se lo pregunten, si no a Madame de Cospedal \u2013nuestra mao\u00edsta de ocasi\u00f3n\u2013, a nuestro presidente de turno: ese Miguel Sanz que, por un lado, ve muy floja, muy blanda, muy tibia, muy <em>light<\/em> la reforma laboral en marcha \u2013y nos conmina a apretarnos bien el cintur\u00f3n, o a que nos aprestemos a m\u00e1s r\u00e1pidos y fulminantes despidos\u2013, mientras por otro su aparato de propaganda sigue con los gastos y fastos de inauguraci\u00f3n del circuito de Los Arcos, ese inmediato \u2013aunque no barato\u2013 \u00e9xito gubernamental de dudosa viabilidad futura. Que se lo pregunten a la cada d\u00eda m\u00e1s fragante \u2013por m\u00e1s proclive a los de Fraga\u2013 Yolanda Barcina, que aunque ve la situaci\u00f3n, al igual que Cospedal, como para echarse al asalto del Palacio de Invierno, no va precisamente a aumentar las partidas presupuestarias de protecci\u00f3n social, sino a promover y propagar, con las bater\u00edas de millones que sean precisas, empe\u00f1os tan obcecadamente personales y tan dudosos como la obtenci\u00f3n de la capitalidad cultural o la edificaci\u00f3n del sanferminero museo, cueste lo que cueste. Hablando de Debord y de la actualidad, c\u00f3mo no acordarse del <em>collage<\/em> que el tambi\u00e9n situacionista Jacques Lebel pintara hacia 1960, aquel en el que se le\u00eda: <em>Parfum Gr\u00e8ve G\u00e9n\u00e9rale, bonne odeur<\/em> (Perfume Huelga General, buen olor). Hoy huele, s\u00ed, a huelga y tambi\u00e9n, muy intensamente, a chamusquina.<br \/>\n<img class=\"lazyload\" decoding=\"async\" src=\"data:image\/gif;base64,R0lGODlhAQABAAAAACH5BAEKAAEALAAAAAABAAEAAAICTAEAOw==\" data-orig-src=\"https:\/\/www.edder.org\/images\/greve1.jpg\" alt=\"greve\" \/><\/p>\n<p align=\"right\">Publicado en <a target=\"blank\" href=\"http:\/\/www.diariodenoticias.com\/opinion\/columnistas\/postal-expres\">Diario de Noticias<\/a><br \/>\n<img class=\"lazyload\" decoding=\"async\" align=\"right\" title=\"dn\" alt=\"dn\" src=\"data:image\/gif;base64,R0lGODlhAQABAAAAACH5BAEKAAEALAAAAAABAAEAAAICTAEAOw==\" data-orig-src=\"https:\/\/www.edder.org\/images\/dn.gif\" \/><\/p>\n","protected":false},"excerpt":{"rendered":"<p>Lo que ya supondr\u00eda aquel gran visionario \u2013y mayor vidente\u2013 que fue Guy Debord cuando profetiz\u00f3 la pr\u00f3xima, inminente venida de Ferr\u00e1n Adri\u00e0 \u2013\u201cun cocinero filosofar\u00e1 sobre los momentos de cocci\u00f3n como jalones de la historia universal\u201d\u2013, es que el pep\u00e9, el fragante partido de Madame de Cospedal \u2013fragante no por arom\u00e1tico ni por resplandeciente, sino por ser el de Fraga\u2013, no tendr\u00eda el menor pudor en presentarse un d\u00eda como el partido de los trabajadores de Espa\u00f1a, el pet\u00e9. Al cabo, tras profetizar que Adri\u00e0 vendr\u00eda \u2013y con un pan deconstruido bajo el brazo\u2013, Debord advirti\u00f3 que un rasgo t\u00edpico de la sociedad actual iba a ser la falsedad sin tregua. Que se lo pregunten, si no a Madame de Cospedal \u2013nuestra mao\u00edsta de ocasi\u00f3n\u2013, a  [&#8230;]<\/p>\n","protected":false},"author":82,"featured_media":0,"comment_status":"open","ping_status":"open","sticky":false,"template":"","format":"standard","meta":{"jetpack_post_was_ever_published":false,"_jetpack_newsletter_access":"","_jetpack_dont_email_post_to_subs":false,"_jetpack_newsletter_tier_id":0,"_jetpack_memberships_contains_paywalled_content":false,"_jetpack_memberships_contains_paid_content":false,"footnotes":"","jetpack_publicize_message":"","jetpack_publicize_feature_enabled":true,"jetpack_social_post_already_shared":false,"jetpack_social_options":{"image_generator_settings":{"template":"highway","default_image_id":0,"font":"","enabled":false},"version":2}},"categories":[3],"tags":[],"class_list":["post-732","post","type-post","status-publish","format-standard","hentry","category-na"],"jetpack_publicize_connections":[],"jetpack_featured_media_url":"","jetpack_shortlink":"https:\/\/wp.me\/p6kHv-bO","jetpack_sharing_enabled":true,"jetpack-related-posts":[{"id":150,"url":"https:\/\/www.edder.org\/?p=150","url_meta":{"origin":732,"position":0},"title":"Deconstruyendo la alcachofa","author":"Eder","date":"viernes, 16 May, 2008","format":false,"excerpt":"","rel":"","context":"En \u00abNA\u00bb","block_context":{"text":"NA","link":"https:\/\/www.edder.org\/?cat=3"},"img":{"alt_text":"","src":"","width":0,"height":0},"classes":[]},{"id":148,"url":"https:\/\/www.edder.org\/?p=148","url_meta":{"origin":732,"position":1},"title":"68","author":"Eder","date":"viernes, 2 May, 2008","format":false,"excerpt":"William Klein, Grands soirs & petits matins. De vuelta a algunas pel\u00edculas de o sobre el 68. El cine ayuda bastante a entender el 68, que empez\u00f3 en el 67 y del que el Mayo parisino es un episodio m\u00e1s. Son pel\u00edculas que no se ver\u00e1n en las salas del\u2026","rel":"","context":"En \u00abNA\u00bb","block_context":{"text":"NA","link":"https:\/\/www.edder.org\/?cat=3"},"img":{"alt_text":"","src":"","width":0,"height":0},"classes":[]},{"id":40565,"url":"https:\/\/www.edder.org\/?p=40565","url_meta":{"origin":732,"position":2},"title":"Gabriel Pomerand, 1957. Escrito en lo que envuelve el esqueleto","author":"Eder","date":"lunes, 14 Jun, 2021","format":false,"excerpt":"","rel":"","context":"En \u00abCine\u00bb","block_context":{"text":"Cine","link":"https:\/\/www.edder.org\/?cat=79"},"img":{"alt_text":"","src":"https:\/\/i0.wp.com\/www.edder.org\/upload\/2021\/06\/tresena.jpg?resize=350%2C200&ssl=1","width":350,"height":200,"srcset":"https:\/\/i0.wp.com\/www.edder.org\/upload\/2021\/06\/tresena.jpg?resize=350%2C200&ssl=1 1x, https:\/\/i0.wp.com\/www.edder.org\/upload\/2021\/06\/tresena.jpg?resize=525%2C300&ssl=1 1.5x"},"classes":[]},{"id":74,"url":"https:\/\/www.edder.org\/?p=74","url_meta":{"origin":732,"position":3},"title":"Fragante neofraguismo","author":"Eder","date":"viernes, 8 Dic, 2006","format":false,"excerpt":"Acabados los fastos y gastos del a\u00f1o javeriano, que han arrojado el previsible saldo de un mill\u00f3n de turistas, am\u00e9n de una apabullante producci\u00f3n editorial que rondar\u00e1 el mill\u00f3n de p\u00e1ginas de literatura hagiogr\u00e1fica sobre la vida y milagros del santo; acabados los fastos y gastos del Quinto Centenario, el\u2026","rel":"","context":"En \u00abNA\u00bb","block_context":{"text":"NA","link":"https:\/\/www.edder.org\/?cat=3"},"img":{"alt_text":"","src":"","width":0,"height":0},"classes":[]},{"id":395,"url":"https:\/\/www.edder.org\/?p=395","url_meta":{"origin":732,"position":4},"title":"Pastel de lengua de alondra","author":"Eder","date":"viernes, 22 May, 2009","format":false,"excerpt":"","rel":"","context":"En \u00abNA\u00bb","block_context":{"text":"NA","link":"https:\/\/www.edder.org\/?cat=3"},"img":{"alt_text":"jamon","src":"https:\/\/i0.wp.com\/www.edder.org\/images\/jamon.gif?resize=350%2C200","width":350,"height":200},"classes":[]},{"id":14794,"url":"https:\/\/www.edder.org\/?p=14794","url_meta":{"origin":732,"position":5},"title":"Excusez-moi, il faut que je parte&#8230; les affaires\u2026","author":"Eder","date":"jueves, 9 Ago, 2018","format":false,"excerpt":"La dama de la muy blanca piel de armi\u00f1o y el caballero (bien que sin caballo, ni falta que le hace) de la camisa negra: \u00ab Excusez-moi, madame, il faut que je parte... Les affaires\u2026 Allez hop !\u00bb.","rel":"","context":"En \u00abArtes\u00bb","block_context":{"text":"Artes","link":"https:\/\/www.edder.org\/?cat=85"},"img":{"alt_text":"","src":"https:\/\/i0.wp.com\/www.edder.org\/upload\/2018\/08\/vlcsnap-2018-08-08-23h06m17s814.png?resize=350%2C200&ssl=1","width":350,"height":200},"classes":[]}],"jetpack_likes_enabled":true,"_links":{"self":[{"href":"https:\/\/www.edder.org\/index.php?rest_route=\/wp\/v2\/posts\/732","targetHints":{"allow":["GET"]}}],"collection":[{"href":"https:\/\/www.edder.org\/index.php?rest_route=\/wp\/v2\/posts"}],"about":[{"href":"https:\/\/www.edder.org\/index.php?rest_route=\/wp\/v2\/types\/post"}],"author":[{"embeddable":true,"href":"https:\/\/www.edder.org\/index.php?rest_route=\/wp\/v2\/users\/82"}],"replies":[{"embeddable":true,"href":"https:\/\/www.edder.org\/index.php?rest_route=%2Fwp%2Fv2%2Fcomments&post=732"}],"version-history":[{"count":0,"href":"https:\/\/www.edder.org\/index.php?rest_route=\/wp\/v2\/posts\/732\/revisions"}],"wp:attachment":[{"href":"https:\/\/www.edder.org\/index.php?rest_route=%2Fwp%2Fv2%2Fmedia&parent=732"}],"wp:term":[{"taxonomy":"category","embeddable":true,"href":"https:\/\/www.edder.org\/index.php?rest_route=%2Fwp%2Fv2%2Fcategories&post=732"},{"taxonomy":"post_tag","embeddable":true,"href":"https:\/\/www.edder.org\/index.php?rest_route=%2Fwp%2Fv2%2Ftags&post=732"}],"curies":[{"name":"wp","href":"https:\/\/api.w.org\/{rel}","templated":true}]}}