{"id":73,"date":"2006-12-01T20:20:48","date_gmt":"2006-12-01T18:20:48","guid":{"rendered":"https:\/\/www.edder.org\/?p=73"},"modified":"2015-09-12T05:14:35","modified_gmt":"2015-09-12T04:14:35","slug":"hemeroteca","status":"publish","type":"post","link":"https:\/\/www.edder.org\/?p=73","title":{"rendered":"Hemeroteca"},"content":{"rendered":"<p>El v&iacute;deo de la semana &ndash;&eacute;se en el que, entre otros, ha triunfado Miguel Sanz&ndash;, como idea, no es que me parezca mal. Me parece que estar&iacute;a mejor ver todas las semanas un v&iacute;deo de la semana. Echo de menos en la prensa la p&aacute;gina del dec&iacute;amos ayer. No la p&aacute;gina de lo ocurrido hace veinticinco, cincuenta o cien a&ntilde;os, sino un juego doble de p&aacute;ginas, encabezadas respectivamente por un &laquo;Dec&iacute;amos ayer&raquo; y un &laquo;Decimos hoy&raquo;. Es m&aacute;s, visto el panorama de la actualidad, ser&iacute;a de agradecer que la prensa tuviesen mensualmente la deferencia de enviar a los quioscos como peri&oacute;dico del d&iacute;a el ejemplar ya publicado hace cuatro, seis u ocho a&ntilde;os. Lejos quedan los tiempos en que era rigurosamente cierto decir aquello de que &laquo;nada hay m&aacute;s viejo que el peri&oacute;dico de ayer&raquo;. Lo cierto hoy, como acaba de poner de manifiesto el v&iacute;deo de la semana, es que m&aacute;s refrescantes que las noticias frescas del d&iacute;a, son los titulares del ayer capaces de reavivarnos la memoria. Convertida la actualidad en un campo de bombardeo donde los agentes pol&iacute;ticos machacan la consigna del d&iacute;a &ndash;arre o so, seg&uacute;n la estrategia electoral y la t&aacute;ctica aconsejada por los sondeos de opini&oacute;n&ndash;, s&oacute;lo el ejercicio del recuerdo puede librarnos de que los conceptos de verdad y mentira queden pulverizados. Si en lo hist&oacute;rico nos las vemos vindicando la memoria, es porque a la desmemoria le sigue la confusi&oacute;n interesada del revisionismo &ndash;&eacute;se por el que, lejos de la verdad o el recuerdo, se vuelve al intento de confundirnos con respecto a qui&eacute;n bombarde&oacute; a qui&eacute;n&ndash;. Que la actitud revisionista en lo hist&oacute;rico tiene su correspondencia en la actualidad pol&iacute;tica con el bombardeo de la consigna diaria &ndash;sea la consigna sobre el 11-M mil veces machacada por del Burgo o la supuesta venta de Navarra augurada machaconamente por Sanz&ndash;, es una latosa evidencia. Frente al latoso e inclemente machaque, frente a la diaria ceremonia de la confusi&oacute;n, queda por explorar el potencial de un arma aparentemente cargada de futuro: la hemeroteca.<\/p>\n","protected":false},"excerpt":{"rendered":"<p>El v&iacute;deo de la semana &ndash;&eacute;se en el que, entre otros, ha triunfado Miguel Sanz&ndash;, como idea, no es que me parezca mal. Me parece que estar&iacute;a mejor ver todas las semanas un v&iacute;deo de la semana. Echo de menos en la prensa la p&aacute;gina del dec&iacute;amos ayer. No la p&aacute;gina de lo ocurrido hace veinticinco, cincuenta o cien a&ntilde;os, sino un juego doble de p&aacute;ginas, encabezadas respectivamente por un &laquo;Dec&iacute;amos ayer&raquo; y un &laquo;Decimos hoy&raquo;. Es m&aacute;s, visto el panorama de la actualidad, ser&iacute;a de agradecer que la prensa tuviesen mensualmente la deferencia de enviar a los quioscos como peri&oacute;dico del d&iacute;a el ejemplar ya publicado hace cuatro, seis u ocho a&ntilde;os. Lejos quedan los tiempos en que era rigurosamente cierto decir aquello de que &laquo;nada  [&#8230;]<\/p>\n","protected":false},"author":82,"featured_media":0,"comment_status":"open","ping_status":"open","sticky":false,"template":"","format":"standard","meta":{"jetpack_post_was_ever_published":false,"_jetpack_newsletter_access":"","_jetpack_dont_email_post_to_subs":false,"_jetpack_newsletter_tier_id":0,"_jetpack_memberships_contains_paywalled_content":false,"_jetpack_memberships_contains_paid_content":false,"footnotes":"","jetpack_publicize_message":"","jetpack_publicize_feature_enabled":true,"jetpack_social_post_already_shared":false,"jetpack_social_options":{"image_generator_settings":{"template":"highway","default_image_id":0,"font":"","enabled":false},"version":2}},"categories":[3],"tags":[],"class_list":["post-73","post","type-post","status-publish","format-standard","hentry","category-na"],"jetpack_publicize_connections":[],"jetpack_featured_media_url":"","jetpack_shortlink":"https:\/\/wp.me\/p6kHv-1b","jetpack_sharing_enabled":true,"jetpack-related-posts":[{"id":14930,"url":"https:\/\/www.edder.org\/?p=14930","url_meta":{"origin":73,"position":0},"title":"Doinel en la \u00e9poca de Facebook","author":"Eder","date":"s\u00e1bado, 29 Dic, 2018","format":false,"excerpt":"El peri\u00f3dico de ayer \u2013\u00abNo haya nada m\u00e1s viejo que el peri\u00f3dico de ayer\u00bb\u2013 contaba que una Antoniette Doinel de nuestros d\u00edas \u2013los d\u00edas de las llamadas redes sociales\u2013, una adolescente de quince a\u00f1os que como Antoine Doinel en Les quatre cents coups hab\u00eda salido corriendo del centro de reclusi\u00f3n\u2026","rel":"","context":"En \u00abCine\u00bb","block_context":{"text":"Cine","link":"https:\/\/www.edder.org\/?cat=79"},"img":{"alt_text":"","src":"https:\/\/i0.wp.com\/www.edder.org\/upload\/2018\/12\/doinel.jpg?resize=350%2C200&ssl=1","width":350,"height":200,"srcset":"https:\/\/i0.wp.com\/www.edder.org\/upload\/2018\/12\/doinel.jpg?resize=350%2C200&ssl=1 1x, https:\/\/i0.wp.com\/www.edder.org\/upload\/2018\/12\/doinel.jpg?resize=525%2C300&ssl=1 1.5x, https:\/\/i0.wp.com\/www.edder.org\/upload\/2018\/12\/doinel.jpg?resize=700%2C400&ssl=1 2x, https:\/\/i0.wp.com\/www.edder.org\/upload\/2018\/12\/doinel.jpg?resize=1050%2C600&ssl=1 3x"},"classes":[]},{"id":47939,"url":"https:\/\/www.edder.org\/?p=47939","url_meta":{"origin":73,"position":1},"title":"Diga \u201cc\u00e1ncer\u201d. No pasa nada \/ Say the word, nothing happens","author":"Eder","date":"lunes, 23 Feb, 2026","format":false,"excerpt":"","rel":"","context":"En \u00abActualidades\u00bb","block_context":{"text":"Actualidades","link":"https:\/\/www.edder.org\/?cat=802"},"img":{"alt_text":"","src":"https:\/\/i0.wp.com\/www.edder.org\/upload\/2026\/02\/Screenshot-2026-02-23-at-19.33.52.png?resize=350%2C200&ssl=1","width":350,"height":200,"srcset":"https:\/\/i0.wp.com\/www.edder.org\/upload\/2026\/02\/Screenshot-2026-02-23-at-19.33.52.png?resize=350%2C200&ssl=1 1x, https:\/\/i0.wp.com\/www.edder.org\/upload\/2026\/02\/Screenshot-2026-02-23-at-19.33.52.png?resize=525%2C300&ssl=1 1.5x, https:\/\/i0.wp.com\/www.edder.org\/upload\/2026\/02\/Screenshot-2026-02-23-at-19.33.52.png?resize=700%2C400&ssl=1 2x, https:\/\/i0.wp.com\/www.edder.org\/upload\/2026\/02\/Screenshot-2026-02-23-at-19.33.52.png?resize=1050%2C600&ssl=1 3x"},"classes":[]},{"id":83,"url":"https:\/\/www.edder.org\/?p=83","url_meta":{"origin":73,"position":2},"title":"Lo que pierden los poetas","author":"Eder","date":"viernes, 9 Feb, 2007","format":false,"excerpt":"Se fue la magna exposici\u00f3n del comisario Arbeloa \u2013la de los quinientos millones de pesetas\u2013 y no han llegado las charlas del magno congreso barojiano que dirigir\u00e1 Ram\u00f3n Tamames, otro desertor de la izquierda que hoy da curso a sus furias en los medios de la derecha asilvestrada \u2013la de\u2026","rel":"","context":"En \u00abNA\u00bb","block_context":{"text":"NA","link":"https:\/\/www.edder.org\/?cat=3"},"img":{"alt_text":"","src":"","width":0,"height":0},"classes":[]},{"id":286,"url":"https:\/\/www.edder.org\/?p=286","url_meta":{"origin":73,"position":3},"title":"Cin\u00e9filos","author":"Eder","date":"viernes, 27 Feb, 2009","format":false,"excerpt":"La cara de cin\u00e9filos que se les ve\u00eda en el peri\u00f3dico de ayer a la colecci\u00f3n de directores generales del Gobierno y cargos de las administraciones locales que acaban de engrosar el patronato de la Fundaci\u00f3n Instituto Navarro de las Artes Audiovisuales y la Cinematograf\u00eda. Se les ve\u00eda en la\u2026","rel":"","context":"En \u00abNA\u00bb","block_context":{"text":"NA","link":"https:\/\/www.edder.org\/?cat=3"},"img":{"alt_text":"","src":"","width":0,"height":0},"classes":[]},{"id":646,"url":"https:\/\/www.edder.org\/?p=646","url_meta":{"origin":73,"position":4},"title":"El juez (y los verdugos)","author":"Eder","date":"domingo, 9 Ene, 2011","format":false,"excerpt":"Fotograma de Elogio del amor, de J-L. Godard. \u2022\u2022\u2022 Lo dec\u00eda todo el cronista de este peri\u00f3dico que ayer relataba la exhumaci\u00f3n de los cad\u00e1veres de cuatro desaparecidos, por fin hallados al cabo de tantos a\u00f1os, en una cuneta de Aibar: \u201cVolvieron a ver la luz que se les neg\u00f3\u2026","rel":"","context":"En \u00abSin categorizar\u00bb","block_context":{"text":"Sin categorizar","link":"https:\/\/www.edder.org\/?cat=1"},"img":{"alt_text":"","src":"","width":0,"height":0},"classes":[]},{"id":143,"url":"https:\/\/www.edder.org\/?p=143","url_meta":{"origin":73,"position":5},"title":"De Atapuerca a la posmodernidad","author":"Eder","date":"s\u00e1bado, 29 Mar, 2008","format":false,"excerpt":"Mientras el hombre m\u00e1s viejo de Atapuerca mostraba involuntariamente sus caries en toda la prensa de ayer, un patrono de la Fundaci\u00f3n Arte Viva Navarra nos ense\u00f1aba voluntariamente en este peri\u00f3dico qu\u00e9 es la posmodernidad. Empezaba el patrono y catedr\u00e1tico de la Universidad P\u00fablica de Navarra por se\u00f1alar que los\u2026","rel":"","context":"En \u00abNA\u00bb","block_context":{"text":"NA","link":"https:\/\/www.edder.org\/?cat=3"},"img":{"alt_text":"","src":"","width":0,"height":0},"classes":[]}],"jetpack_likes_enabled":true,"_links":{"self":[{"href":"https:\/\/www.edder.org\/index.php?rest_route=\/wp\/v2\/posts\/73","targetHints":{"allow":["GET"]}}],"collection":[{"href":"https:\/\/www.edder.org\/index.php?rest_route=\/wp\/v2\/posts"}],"about":[{"href":"https:\/\/www.edder.org\/index.php?rest_route=\/wp\/v2\/types\/post"}],"author":[{"embeddable":true,"href":"https:\/\/www.edder.org\/index.php?rest_route=\/wp\/v2\/users\/82"}],"replies":[{"embeddable":true,"href":"https:\/\/www.edder.org\/index.php?rest_route=%2Fwp%2Fv2%2Fcomments&post=73"}],"version-history":[{"count":0,"href":"https:\/\/www.edder.org\/index.php?rest_route=\/wp\/v2\/posts\/73\/revisions"}],"wp:attachment":[{"href":"https:\/\/www.edder.org\/index.php?rest_route=%2Fwp%2Fv2%2Fmedia&parent=73"}],"wp:term":[{"taxonomy":"category","embeddable":true,"href":"https:\/\/www.edder.org\/index.php?rest_route=%2Fwp%2Fv2%2Fcategories&post=73"},{"taxonomy":"post_tag","embeddable":true,"href":"https:\/\/www.edder.org\/index.php?rest_route=%2Fwp%2Fv2%2Ftags&post=73"}],"curies":[{"name":"wp","href":"https:\/\/api.w.org\/{rel}","templated":true}]}}