{"id":725,"date":"2010-05-14T19:40:01","date_gmt":"2010-05-14T18:40:01","guid":{"rendered":"https:\/\/www.edder.org\/?p=725"},"modified":"2018-07-27T16:37:50","modified_gmt":"2018-07-27T14:37:50","slug":"habemus-obispo","status":"publish","type":"post","link":"https:\/\/www.edder.org\/?p=725","title":{"rendered":"Habemus obispo"},"content":{"rendered":"<p>Como no pod\u00eda ser de otra manera, habemus obispo. Ya tenemos cartel sanferminero <em>and the winner is<\/em> uno de los tres carteles episcopales \u2013quiero decir, con un obispo como motivo central\u2013 que hab\u00eda entre los seis primeros. El cartel ganador es el que presenta al legendario obispo de Pamplona llamado Ferm\u00edn de manera m\u00e1s expl\u00edcita. Como ha observado el ganador, el caleidosc\u00f3pico cartel que ha quedado sexto, el titulado <em>Kalos Eidos<\/em>, es bueno, si bien hay que mirar con atenci\u00f3n los tri\u00e1ngulos del caleidoscopio hasta ver surgir de ellos, en pleno centro del cartel, al legendario obispo mitrado de Pamplona. Pero por aqu\u00ed no estamos para sutiles juegos caleidosc\u00f3picos. Lo mismo el cartel, en pagos tan episcopales como \u00e9stos, hubiera quedado mejor clasificado de haberse titulado, m\u00e1s expl\u00edcitamente, <em>Ep\u00edskopos<\/em>. Pagos episcopales los nuestros, y no porque tengamos arzobispo o porque el santo patr\u00f3n llegue a la final del concurso de carteles en una de cada dos obras gr\u00e1ficas presentadas entre las seis \u00faltimas; no por eso, ni porque tengamos previsto incluir pr\u00f3ximamente entre la estatuaria de la capital navarra sendas esculturas en tama\u00f1o XXL de un papa difunto y del Sagrado Coraz\u00f3n, sino porque no nos faltan ahora campeones de la intachabilidad \u00e9tica dispuestos a superar a los obispos en el trazo grueso y en el autoasignado papel de bocinas morales de la sociedad toda. As\u00ed el upene\u00edsta Marcotegui \u2013no s\u00e9 si conservador o liberal, pues ya no hay ultramontano que no se reclame liberal de toda la vida\u2013 anda por esas radios relacionando el aborto con Auschwitz. No le va a la zaga el Cervera que, pese a autodefinirse como liberal avanzado, queda m\u00e1s cerca del fundamentalismo antiabortista norteamericano que de los liberales estadounidense cuando anatemiza y fulmina la posible presencia de \u201cbrigadas aborteras\u201d en territorio foral. Tenemos obispo e incluso hay m\u00e1s de uno. En el cartel sanferminero, por descontado, y no digamos ya entre los liberales del cartel electoral.<\/p>\n<p align=\"right\">Publicado en <a target=\"blank\" href=\"http:\/\/www.diariodenoticias.com\/opinion\/columnistas\/postal-expres\">Diario de Noticias<\/a><br \/>\n<img class=\"lazyload\" decoding=\"async\" align=\"right\" title=\"dn\" alt=\"dn\" src=\"data:image\/gif;base64,R0lGODlhAQABAAAAACH5BAEKAAEALAAAAAABAAEAAAICTAEAOw==\" data-orig-src=\"https:\/\/www.edder.org\/images\/dn.gif\" \/><\/p>\n","protected":false},"excerpt":{"rendered":"<p>Como no pod\u00eda ser de otra manera, habemus obispo. Ya tenemos cartel sanferminero and the winner is uno de los tres carteles episcopales \u2013quiero decir, con un obispo como motivo central\u2013 que hab\u00eda entre los seis primeros. El cartel ganador es el que presenta al legendario obispo de Pamplona llamado Ferm\u00edn de manera m\u00e1s expl\u00edcita. Como ha observado el ganador, el caleidosc\u00f3pico cartel que ha quedado sexto, el titulado Kalos Eidos, es bueno, si bien hay que mirar con atenci\u00f3n los tri\u00e1ngulos del caleidoscopio hasta ver surgir de ellos, en pleno centro del cartel, al legendario obispo mitrado de Pamplona. Pero por aqu\u00ed no estamos para sutiles juegos caleidosc\u00f3picos. Lo mismo el cartel, en pagos tan episcopales como \u00e9stos, hubiera quedado mejor clasificado de haberse titulado, m\u00e1s  [&#8230;]<\/p>\n","protected":false},"author":82,"featured_media":0,"comment_status":"open","ping_status":"open","sticky":false,"template":"","format":"standard","meta":{"jetpack_post_was_ever_published":false,"_jetpack_newsletter_access":"","_jetpack_dont_email_post_to_subs":false,"_jetpack_newsletter_tier_id":0,"_jetpack_memberships_contains_paywalled_content":false,"_jetpack_memberships_contains_paid_content":false,"footnotes":"","jetpack_publicize_message":"","jetpack_publicize_feature_enabled":true,"jetpack_social_post_already_shared":false,"jetpack_social_options":{"image_generator_settings":{"template":"highway","default_image_id":0,"font":"","enabled":false},"version":2}},"categories":[3],"tags":[],"class_list":["post-725","post","type-post","status-publish","format-standard","hentry","category-na"],"jetpack_publicize_connections":[],"jetpack_featured_media_url":"","jetpack_shortlink":"https:\/\/wp.me\/p6kHv-bH","jetpack_sharing_enabled":true,"jetpack-related-posts":[{"id":14021,"url":"https:\/\/www.edder.org\/?p=14021","url_meta":{"origin":725,"position":0},"title":"La otra Javierada","author":"Eder","date":"domingo, 11 Mar, 2018","format":false,"excerpt":"","rel":"","context":"En \u00abArtes\u00bb","block_context":{"text":"Artes","link":"https:\/\/www.edder.org\/?cat=85"},"img":{"alt_text":"","src":"https:\/\/i0.wp.com\/www.edder.org\/upload\/2018\/03\/otras_javieradas2.jpg?resize=350%2C200&ssl=1","width":350,"height":200},"classes":[]},{"id":12800,"url":"https:\/\/www.edder.org\/?p=12800","url_meta":{"origin":725,"position":1},"title":"Berlanga y las Javieradas: el nacionalcatolicismo que no cesa","author":"Eder","date":"domingo, 6 Mar, 2016","format":false,"excerpt":"Berlanga:","rel":"","context":"En \u00abNA\u00bb","block_context":{"text":"NA","link":"https:\/\/www.edder.org\/?cat=3"},"img":{"alt_text":"","src":"","width":0,"height":0},"classes":[]},{"id":1152,"url":"https:\/\/www.edder.org\/?p=1152","url_meta":{"origin":725,"position":2},"title":"Desencuentros del 74","author":"Eder","date":"viernes, 1 Oct, 2010","format":false,"excerpt":"Navarra, las cosas como son, ha escrito p\u00e1ginas de oro en la historia del surrealismo. Con luz propia brillan los momenticos hist\u00f3ricos vividos en marzo de 1974, cuando el pamplon\u00e9s Antonio A\u00f1overos (1909-1987), nuevo Obispo de Bilbao, invoc\u00f3 el canon 2.334 del Concordato y amenaz\u00f3 con excomulgar a Franco, General\u00edsimo\u2026","rel":"","context":"En \u00abNA\u00bb","block_context":{"text":"NA","link":"https:\/\/www.edder.org\/?cat=3"},"img":{"alt_text":"","src":"","width":0,"height":0},"classes":[]},{"id":55,"url":"https:\/\/www.edder.org\/?p=55","url_meta":{"origin":725,"position":3},"title":"Monumentos","author":"Eder","date":"viernes, 5 May, 2006","format":false,"excerpt":"Cinco de mayo: habemus cartel de Sanferm\u00edn. Pero no quer\u00eda hablar del cartel. Los carteles van adonde habita el olvido. No quiero hablar del olvido sino de la memoria. La memoria es el espejo de los ausentes. Monumento no significa m\u00e1s que lugar de la memoria. Los monumentos son espejos,\u2026","rel":"","context":"En \u00abNA\u00bb","block_context":{"text":"NA","link":"https:\/\/www.edder.org\/?cat=3"},"img":{"alt_text":"","src":"","width":0,"height":0},"classes":[]},{"id":99,"url":"https:\/\/www.edder.org\/?p=99","url_meta":{"origin":725,"position":4},"title":"Dos cartas desde la fe","author":"Eder","date":"viernes, 11 May, 2007","format":false,"excerpt":"Ahora que el autor de las Cartas desde la fe vuelve a dar de qu\u00e9 hablar, quisiera decir algo sobre Manuel de Irujo. Qu\u00e9 duda cabe de que era un hombre de acci\u00f3n. Y de fe. Por si alguien lo duda, transcribo aqu\u00ed dos de sus cartas desde \u2014precisamente\u2014 la\u2026","rel":"","context":"En \u00abNA\u00bb","block_context":{"text":"NA","link":"https:\/\/www.edder.org\/?cat=3"},"img":{"alt_text":"","src":"","width":0,"height":0},"classes":[]},{"id":30,"url":"https:\/\/www.edder.org\/?p=30","url_meta":{"origin":725,"position":5},"title":"Centenarios, quinto y primero","author":"Eder","date":"lunes, 12 Dic, 2005","format":false,"excerpt":"Mientras nuestro V Centenario sigue enriqueci\u00e9ndose con un rosario de actos que promete reverdecer las glorias de los grandes congresos nacional-cat\u00f3licos ???aquellos de la Pamplona ???sana??? de hacia 1950???, en Francia, el primer centenario de la ley de 1905 ???la de separaci\u00f3n del Estado y las iglesias??? se ha visto\u2026","rel":"","context":"En \u00abNA\u00bb","block_context":{"text":"NA","link":"https:\/\/www.edder.org\/?cat=3"},"img":{"alt_text":"","src":"","width":0,"height":0},"classes":[]}],"jetpack_likes_enabled":true,"_links":{"self":[{"href":"https:\/\/www.edder.org\/index.php?rest_route=\/wp\/v2\/posts\/725","targetHints":{"allow":["GET"]}}],"collection":[{"href":"https:\/\/www.edder.org\/index.php?rest_route=\/wp\/v2\/posts"}],"about":[{"href":"https:\/\/www.edder.org\/index.php?rest_route=\/wp\/v2\/types\/post"}],"author":[{"embeddable":true,"href":"https:\/\/www.edder.org\/index.php?rest_route=\/wp\/v2\/users\/82"}],"replies":[{"embeddable":true,"href":"https:\/\/www.edder.org\/index.php?rest_route=%2Fwp%2Fv2%2Fcomments&post=725"}],"version-history":[{"count":0,"href":"https:\/\/www.edder.org\/index.php?rest_route=\/wp\/v2\/posts\/725\/revisions"}],"wp:attachment":[{"href":"https:\/\/www.edder.org\/index.php?rest_route=%2Fwp%2Fv2%2Fmedia&parent=725"}],"wp:term":[{"taxonomy":"category","embeddable":true,"href":"https:\/\/www.edder.org\/index.php?rest_route=%2Fwp%2Fv2%2Fcategories&post=725"},{"taxonomy":"post_tag","embeddable":true,"href":"https:\/\/www.edder.org\/index.php?rest_route=%2Fwp%2Fv2%2Ftags&post=725"}],"curies":[{"name":"wp","href":"https:\/\/api.w.org\/{rel}","templated":true}]}}