{"id":72,"date":"2006-11-24T08:40:25","date_gmt":"2006-11-24T06:40:25","guid":{"rendered":"https:\/\/www.edder.org\/?p=72"},"modified":"2018-07-27T16:38:34","modified_gmt":"2018-07-27T14:38:34","slug":"dias-de-vino-y-rosas","status":"publish","type":"post","link":"https:\/\/www.edder.org\/?p=72","title":{"rendered":"D\u00edas de vino y rosas"},"content":{"rendered":"<p>Brindemos, el <em>Reyno<\/em> goza desde ayer de nuevo Bodeguero Mayor, para regocijo de la ciudadan\u00eda toda. Y ayer fue precisamente cuando Miguel Sanz, ese orador que maneja la sintaxis como una azada de Dem\u00f3stenes, dijo lo de que ???hay que estar en un estado et\u00edlico alto para decir que???, etc., etc. Qu\u00e9 finura po\u00e9tica la de ese hombre al referirse a la borrachera de preocupar con una construcci\u00f3n ret\u00f3rica tan alambicada: estar en un alto estado et\u00edlico. Ya las polic\u00edas de tr\u00e1fico, m\u00e1s por correcci\u00f3n pol\u00edtica que po\u00e9tica, ven\u00edan llamando ???ebriometr\u00edas positivas??? a la detecci\u00f3n de borracheras de \u00f3rdago en las pruebas de alcoholemia. Pero he aqu\u00ed que nuestro presidente ???del Gobierno, del Partido y lo que es m\u00e1s: del magna indisoluble que ambos forman a estas alturas de ebriedad de poder???, en su particular campeonato de rabiosa dial\u00e9ctica, hizo una pirueta ret\u00f3rica m\u00e1s y lanz\u00f3 la azada de tan elegante manera contra la oposici\u00f3n. Concedo que no estuvo bonito que el superpresidente del Gobierno, del Partido y del indisoluble magma regionalista que ambos forman, llamase borracho a un opositor pol\u00edtico. Pero en su disculpa se puede arg\u00fcir la elegancia en el manejo de la azada y lo et\u00edlico de la jornada, a lo largo de la que result\u00f3 nombrado otro Bodeguero Mayor ???brindemos???. Es de suponer que al nuevo bodeguero le veremos por el <em>Reyno<\/em> tanto como al anterior. Mas no importa. De lo que se trata es de hacer crecer la mentira rom\u00e1ntico del <em>Reyno<\/em>, a base de echarle bodegueros, centenarios y cuantos m\u00e1s fastos y folclore regional, mejor. Conque aqu\u00ed vino y despu\u00e9s gloria. El vino de jornadas tan altamente et\u00edlicas como la del nombramiento del nuevo Bodeguero Mayor y toda la gloria que nos espera en las apretadas fechas que vienen: las de celebraci\u00f3n de las esencias regionales, no por casualidad coincidentes ???si no indisolubles: otro magma??? con la exaltaci\u00f3n del Partido,  del Gobierno y de ambos a la vez. D\u00edas de vino y rosas. Y a buen seguro, de m\u00e1s virtuosismo en el lanzamiento de la azada.<\/p>\n<div align=\"right\">Publicado en <a target=\"blank\" href=\"http:\/\/www.noticiasdenavarra.com\/ediciones\/2006\/11\/24\/opinion\/contra.php\">Diario de Noticias<\/a><img class=\"lazyload\" decoding=\"async\" align=\"right\" title=\"dn\" alt=\"dn\" src=\"data:image\/gif;base64,R0lGODlhAQABAAAAACH5BAEKAAEALAAAAAABAAEAAAICTAEAOw==\" data-orig-src=\"https:\/\/www.edder.org\/images\/dn.gif\" \/><\/div>\n","protected":false},"excerpt":{"rendered":"<p>Brindemos, el Reyno goza desde ayer de nuevo Bodeguero Mayor, para regocijo de la ciudadan\u00eda toda. Y ayer fue precisamente cuando Miguel Sanz, ese orador que maneja la sintaxis como una azada de Dem\u00f3stenes, dijo lo de que ???hay que estar en un estado et\u00edlico alto para decir que???, etc., etc. Qu\u00e9 finura po\u00e9tica la de ese hombre al referirse a la borrachera de preocupar con una construcci\u00f3n ret\u00f3rica tan alambicada: estar en un alto estado et\u00edlico. Ya las polic\u00edas de tr\u00e1fico, m\u00e1s por correcci\u00f3n pol\u00edtica que po\u00e9tica, ven\u00edan llamando ???ebriometr\u00edas positivas??? a la detecci\u00f3n de borracheras de \u00f3rdago en las pruebas de alcoholemia. Pero he aqu\u00ed que nuestro presidente ???del Gobierno, del Partido y lo que es m\u00e1s: del magna indisoluble que ambos forman a estas  [&#8230;]<\/p>\n","protected":false},"author":82,"featured_media":0,"comment_status":"open","ping_status":"open","sticky":false,"template":"","format":"standard","meta":{"jetpack_post_was_ever_published":false,"_jetpack_newsletter_access":"","_jetpack_dont_email_post_to_subs":false,"_jetpack_newsletter_tier_id":0,"_jetpack_memberships_contains_paywalled_content":false,"_jetpack_memberships_contains_paid_content":false,"footnotes":"","jetpack_publicize_message":"","jetpack_publicize_feature_enabled":true,"jetpack_social_post_already_shared":false,"jetpack_social_options":{"image_generator_settings":{"template":"highway","default_image_id":0,"font":"","enabled":false},"version":2}},"categories":[3],"tags":[],"class_list":["post-72","post","type-post","status-publish","format-standard","hentry","category-na"],"jetpack_publicize_connections":[],"jetpack_featured_media_url":"","jetpack_shortlink":"https:\/\/wp.me\/p6kHv-1a","jetpack_sharing_enabled":true,"jetpack-related-posts":[{"id":2,"url":"https:\/\/www.edder.org\/?p=2","url_meta":{"origin":72,"position":0},"title":"Pamplonesas todas","author":"Eder","date":"domingo, 25 Sep, 2005","format":false,"excerpt":"En estos momentos de universal alegr\u00eda y et\u00edlico desvar\u00edo \u2013aqu\u00ed como en Londres\u2013, perm\u00edtanme presentarme: Javier Eder, cada ma\u00f1ana en directo para ustedes \u2013si el tiempo y el percance et\u00edlico no lo impiden\u2013, desde Pamplona-Iru\u00f1a, capital del continente navarro y epicentro del universo. Que Pamplona es el epicentro del terremoto\u2026","rel":"","context":"En \u00abNA\u00bb","block_context":{"text":"NA","link":"https:\/\/www.edder.org\/?cat=3"},"img":{"alt_text":"","src":"","width":0,"height":0},"classes":[]},{"id":55,"url":"https:\/\/www.edder.org\/?p=55","url_meta":{"origin":72,"position":1},"title":"Monumentos","author":"Eder","date":"viernes, 5 May, 2006","format":false,"excerpt":"Cinco de mayo: habemus cartel de Sanferm\u00edn. Pero no quer\u00eda hablar del cartel. Los carteles van adonde habita el olvido. No quiero hablar del olvido sino de la memoria. La memoria es el espejo de los ausentes. Monumento no significa m\u00e1s que lugar de la memoria. Los monumentos son espejos,\u2026","rel":"","context":"En \u00abNA\u00bb","block_context":{"text":"NA","link":"https:\/\/www.edder.org\/?cat=3"},"img":{"alt_text":"","src":"","width":0,"height":0},"classes":[]},{"id":14021,"url":"https:\/\/www.edder.org\/?p=14021","url_meta":{"origin":72,"position":2},"title":"La otra Javierada","author":"Eder","date":"domingo, 11 Mar, 2018","format":false,"excerpt":"","rel":"","context":"En \u00abArtes\u00bb","block_context":{"text":"Artes","link":"https:\/\/www.edder.org\/?cat=85"},"img":{"alt_text":"","src":"https:\/\/i0.wp.com\/www.edder.org\/upload\/2018\/03\/otras_javieradas2.jpg?resize=350%2C200&ssl=1","width":350,"height":200},"classes":[]},{"id":4,"url":"https:\/\/www.edder.org\/?p=4","url_meta":{"origin":72,"position":3},"title":"Misa mayor","author":"Eder","date":"domingo, 25 Sep, 2005","format":false,"excerpt":"Opino que cuando don Fernando Sebasti\u00e1n, de vuelta ya de Aranjuez, aludi\u00f3 en su en\u00e9rgica homil\u00eda de ayer a una legislaci\u00f3n que va \u00abcontra la moralidad objetiva, hist\u00f3ricamente vigente\u00bb, no se estaba refiriendo a la Ley de Principios del Movimiento Nacional. Recuerden que aquella ley de 1958 proclamaba con energ\u00eda:\u2026","rel":"","context":"En \u00abNA\u00bb","block_context":{"text":"NA","link":"https:\/\/www.edder.org\/?cat=3"},"img":{"alt_text":"","src":"","width":0,"height":0},"classes":[]},{"id":12800,"url":"https:\/\/www.edder.org\/?p=12800","url_meta":{"origin":72,"position":4},"title":"Berlanga y las Javieradas: el nacionalcatolicismo que no cesa","author":"Eder","date":"domingo, 6 Mar, 2016","format":false,"excerpt":"Berlanga:","rel":"","context":"En \u00abNA\u00bb","block_context":{"text":"NA","link":"https:\/\/www.edder.org\/?cat=3"},"img":{"alt_text":"","src":"","width":0,"height":0},"classes":[]},{"id":1951,"url":"https:\/\/www.edder.org\/?p=1951","url_meta":{"origin":72,"position":5},"title":"Minutos de gloria","author":"Eder","date":"viernes, 10 Jun, 2011","format":false,"excerpt":"Su Alteza Real \u2013todo con may\u00fasculas de las llamadas genuflexas\u2013 lo plante\u00f3 bien: \u201cYa tienes tu minuto de gloria\u201d. O si no bien, s\u00ed donde el problema se plantea. En La toma del poder por Luis XIV, Rossellini ve\u00eda al Rey Sol como un Soberano \u2013may\u00fascula y genuflexi\u00f3n\u2013 entre Maquiavelo\u2026","rel":"","context":"En \u00abNA\u00bb","block_context":{"text":"NA","link":"https:\/\/www.edder.org\/?cat=3"},"img":{"alt_text":"","src":"","width":0,"height":0},"classes":[]}],"jetpack_likes_enabled":true,"_links":{"self":[{"href":"https:\/\/www.edder.org\/index.php?rest_route=\/wp\/v2\/posts\/72","targetHints":{"allow":["GET"]}}],"collection":[{"href":"https:\/\/www.edder.org\/index.php?rest_route=\/wp\/v2\/posts"}],"about":[{"href":"https:\/\/www.edder.org\/index.php?rest_route=\/wp\/v2\/types\/post"}],"author":[{"embeddable":true,"href":"https:\/\/www.edder.org\/index.php?rest_route=\/wp\/v2\/users\/82"}],"replies":[{"embeddable":true,"href":"https:\/\/www.edder.org\/index.php?rest_route=%2Fwp%2Fv2%2Fcomments&post=72"}],"version-history":[{"count":0,"href":"https:\/\/www.edder.org\/index.php?rest_route=\/wp\/v2\/posts\/72\/revisions"}],"wp:attachment":[{"href":"https:\/\/www.edder.org\/index.php?rest_route=%2Fwp%2Fv2%2Fmedia&parent=72"}],"wp:term":[{"taxonomy":"category","embeddable":true,"href":"https:\/\/www.edder.org\/index.php?rest_route=%2Fwp%2Fv2%2Fcategories&post=72"},{"taxonomy":"post_tag","embeddable":true,"href":"https:\/\/www.edder.org\/index.php?rest_route=%2Fwp%2Fv2%2Ftags&post=72"}],"curies":[{"name":"wp","href":"https:\/\/api.w.org\/{rel}","templated":true}]}}