{"id":718,"date":"2010-06-04T19:32:16","date_gmt":"2010-06-04T18:32:16","guid":{"rendered":"https:\/\/www.edder.org\/?p=718"},"modified":"2018-07-27T16:37:50","modified_gmt":"2018-07-27T14:37:50","slug":"lo-que-les-de-la-gana","status":"publish","type":"post","link":"https:\/\/www.edder.org\/?p=718","title":{"rendered":"Lo que les d\u00e9 la gana"},"content":{"rendered":"<p>Nunca un editorialista ha sido m\u00e1s claro que aquel que el 1 de agosto de 1936, tras referirse en la primera plana del primer peri\u00f3dico navarro al congreso \u2013obviamente suspendido\u2013 que la Sociedad de Estudios Vascos ten\u00eda programado en Estella para el mes siguiente, apostillaba o \u201capuntillaba\u201d: \u201cEn septiembre se celebrar\u00e1 en Estella lo que nos d\u00e9 la gana\u201d. Era el esp\u00edritu \u2013santo, adem\u00e1s de muy sincero\u2013 del 18 de julio en forma de belicoso editorialista, ya que no de pac\u00edfica paloma. C\u00f3mo no acordarse de aquel editorialista \u2013borracho de victoria aun mucho antes de vencer\u2013 cuando el peri\u00f3dico de la ma\u00f1ana habla de prospecciones electorales, o de que Comptos cuestiona la viabilidad del latoso museo sanferminero, despu\u00e9s de no se sabe ya cu\u00e1ntos proyectos y de tan tenaz empe\u00f1o en que Mansilla y Tu\u00f1\u00f3n lo hagan. Que Comptos cuestione lo que quiera, que Barcina har\u00e1 lo que le d\u00e9 la gana. Y su real gana es a estas alturas m\u00e1s que de sobra conocida: que se haga como sea, y mejor antes que despu\u00e9s, tan vital obra de infraestructura. Barcina es ya la encarnaci\u00f3n del esp\u00edritu \u2013por descontado que sant\u00edsimo y adem\u00e1s en versi\u00f3n muy vaticana\u2013 y de nosotros ser\u00e1  lo que ella y Dios quieran. Quiz\u00e1 porque el esp\u00edritu se ha hecho carne en ella, Barcina defiende tan belicosamente a la indefendible dinast\u00eda de los Rodezno, para los que Navarra era, de por s\u00ed, en esencia, intr\u00ednsecamente incompatible con lacras tan deleznablemente modernas como la divisi\u00f3n y el control de poderes \u2013los que Dios da y San Miguel bendice cuando no hay alternancia en ellos\u2013. Las prospecciones electorales revelan lo que hasta el m\u00e1s desinformado sospecha: que bien por natural y cristian\u00edsimo matrimonio de las derechas unidas, bien en virtud de la renovaci\u00f3n del casorio de conveniencia postulado por Sanz y sostenido en nombre de conceptos tan santos e intangibles como la estabilidad y la gobernabilidad foral, la se\u00f1ora que ya sabemos mandar\u00e1 en la plaza tan triunfalmente como le d\u00e9 la real\u00edsima gana.<\/p>\n<p align=\"right\">Publicado en <a target=\"blank\" href=\"http:\/\/www.diariodenoticias.com\/opinion\/columnistas\/postal-expres\">Diario de Noticias<\/a><br \/>\n<img class=\"lazyload\" decoding=\"async\" align=\"right\" title=\"dn\" alt=\"dn\" src=\"data:image\/gif;base64,R0lGODlhAQABAAAAACH5BAEKAAEALAAAAAABAAEAAAICTAEAOw==\" data-orig-src=\"https:\/\/www.edder.org\/images\/dn.gif\" \/><\/p>\n","protected":false},"excerpt":{"rendered":"<p>Nunca un editorialista ha sido m\u00e1s claro que aquel que el 1 de agosto de 1936, tras referirse en la primera plana del primer peri\u00f3dico navarro al congreso \u2013obviamente suspendido\u2013 que la Sociedad de Estudios Vascos ten\u00eda programado en Estella para el mes siguiente, apostillaba o \u201capuntillaba\u201d: \u201cEn septiembre se celebrar\u00e1 en Estella lo que nos d\u00e9 la gana\u201d. Era el esp\u00edritu \u2013santo, adem\u00e1s de muy sincero\u2013 del 18 de julio en forma de belicoso editorialista, ya que no de pac\u00edfica paloma. C\u00f3mo no acordarse de aquel editorialista \u2013borracho de victoria aun mucho antes de vencer\u2013 cuando el peri\u00f3dico de la ma\u00f1ana habla de prospecciones electorales, o de que Comptos cuestiona la viabilidad del latoso museo sanferminero, despu\u00e9s de no se sabe ya cu\u00e1ntos proyectos y de  [&#8230;]<\/p>\n","protected":false},"author":82,"featured_media":0,"comment_status":"open","ping_status":"open","sticky":false,"template":"","format":"standard","meta":{"jetpack_post_was_ever_published":false,"_jetpack_newsletter_access":"","_jetpack_dont_email_post_to_subs":false,"_jetpack_newsletter_tier_id":0,"_jetpack_memberships_contains_paywalled_content":false,"_jetpack_memberships_contains_paid_content":false,"footnotes":"","jetpack_publicize_message":"","jetpack_publicize_feature_enabled":true,"jetpack_social_post_already_shared":false,"jetpack_social_options":{"image_generator_settings":{"template":"highway","default_image_id":0,"font":"","enabled":false},"version":2}},"categories":[3],"tags":[],"class_list":["post-718","post","type-post","status-publish","format-standard","hentry","category-na"],"jetpack_publicize_connections":[],"jetpack_featured_media_url":"","jetpack_shortlink":"https:\/\/wp.me\/p6kHv-bA","jetpack_sharing_enabled":true,"jetpack-related-posts":[{"id":136,"url":"https:\/\/www.edder.org\/?p=136","url_meta":{"origin":718,"position":0},"title":"Cosa navarrorum","author":"Eder","date":"viernes, 15 Feb, 2008","format":false,"excerpt":"Habr\u00e1 cosas que la C\u00e1mara de Comptos no nos puede decir. Tampoco el Parlamento. Ejemplo: \u00bfexist\u00eda alguna relaci\u00f3n de parentesco entre el comisario de la exposici\u00f3n Navarra, un futuro entre todos y la que fuera directora de la oficina del comisario? Que existiera o no tal relaci\u00f3n tiene un inter\u00e9s\u2026","rel":"","context":"En \u00abNA\u00bb","block_context":{"text":"NA","link":"https:\/\/www.edder.org\/?cat=3"},"img":{"alt_text":"","src":"","width":0,"height":0},"classes":[]},{"id":145,"url":"https:\/\/www.edder.org\/?p=145","url_meta":{"origin":718,"position":1},"title":"Cuando \u00e9ramos \u201creyno\u201d","author":"Eder","date":"viernes, 11 Abr, 2008","format":false,"excerpt":"","rel":"","context":"En \u00abNA\u00bb","block_context":{"text":"NA","link":"https:\/\/www.edder.org\/?cat=3"},"img":{"alt_text":"","src":"","width":0,"height":0},"classes":[]},{"id":147,"url":"https:\/\/www.edder.org\/?p=147","url_meta":{"origin":718,"position":2},"title":"Desventuras ret\u00f3ricas de un cacocel\u00edaco hiperb\u00f3lico","author":"Eder","date":"viernes, 25 Abr, 2008","format":false,"excerpt":"La hip\u00e9rbole, figura ret\u00f3rica que aquel maestro de Salamanca defin\u00eda como una enunciaci\u00f3n que juega arriesgadamente con la verdad, tiene un peligro que para qu\u00e9. Tal peligro tiene que Cicer\u00f3n prescribe no servirse jam\u00e1s de ella en el foro p\u00fablico. Quintiliano es m\u00e1s contundente al desaconsejarla: nec alia via magis\u2026","rel":"","context":"En \u00abNA\u00bb","block_context":{"text":"NA","link":"https:\/\/www.edder.org\/?cat=3"},"img":{"alt_text":"","src":"","width":0,"height":0},"classes":[]},{"id":143,"url":"https:\/\/www.edder.org\/?p=143","url_meta":{"origin":718,"position":3},"title":"De Atapuerca a la posmodernidad","author":"Eder","date":"s\u00e1bado, 29 Mar, 2008","format":false,"excerpt":"Mientras el hombre m\u00e1s viejo de Atapuerca mostraba involuntariamente sus caries en toda la prensa de ayer, un patrono de la Fundaci\u00f3n Arte Viva Navarra nos ense\u00f1aba voluntariamente en este peri\u00f3dico qu\u00e9 es la posmodernidad. Empezaba el patrono y catedr\u00e1tico de la Universidad P\u00fablica de Navarra por se\u00f1alar que los\u2026","rel":"","context":"En \u00abNA\u00bb","block_context":{"text":"NA","link":"https:\/\/www.edder.org\/?cat=3"},"img":{"alt_text":"","src":"","width":0,"height":0},"classes":[]},{"id":255,"url":"https:\/\/www.edder.org\/?p=255","url_meta":{"origin":718,"position":4},"title":"N\u00e9potisme \u00e0 la navarroise","author":"Eder","date":"viernes, 13 Feb, 2009","format":false,"excerpt":"Tan joven \u2013el presidente Sanz, digo\u2013 y ya todo un geront\u00f3crata, como Aizp\u00fan en su ancianidad. No soy el \u00fanico navarro que ha tenido ocasi\u00f3n de avergonzarse en lo que va de semana al menos dos veces de nuestro gerontocr\u00e1tico presidente. La primera ocasi\u00f3n de pasar verg\u00fcenza ajena se nos\u2026","rel":"","context":"En \u00abNA\u00bb","block_context":{"text":"NA","link":"https:\/\/www.edder.org\/?cat=3"},"img":{"alt_text":"","src":"","width":0,"height":0},"classes":[]},{"id":1082,"url":"https:\/\/www.edder.org\/?p=1082","url_meta":{"origin":718,"position":5},"title":"Estella en la vida de Luis Quintanilla","author":"Eder","date":"viernes, 17 Sep, 2010","format":false,"excerpt":"Woody Allen en la puerta del Bleecker Cinema St. En el 110 de la calle Bleecker de Nueva York est\u00e1 el edificio donde De Niro y De Palma rodaron \u00a1Hola mam\u00e1!, su primera pel\u00edcula juntos. Al pie de ese edificio construido por L.I. Pei en los 60 yace una desmesurada\u2026","rel":"","context":"En \u00abArtes\u00bb","block_context":{"text":"Artes","link":"https:\/\/www.edder.org\/?cat=85"},"img":{"alt_text":"","src":"https:\/\/i0.wp.com\/edder.org\/images\/allen.jpg?resize=350%2C200","width":350,"height":200,"srcset":"https:\/\/i0.wp.com\/edder.org\/images\/allen.jpg?resize=350%2C200 1x, https:\/\/i0.wp.com\/edder.org\/images\/allen.jpg?resize=525%2C300 1.5x"},"classes":[]}],"jetpack_likes_enabled":true,"_links":{"self":[{"href":"https:\/\/www.edder.org\/index.php?rest_route=\/wp\/v2\/posts\/718","targetHints":{"allow":["GET"]}}],"collection":[{"href":"https:\/\/www.edder.org\/index.php?rest_route=\/wp\/v2\/posts"}],"about":[{"href":"https:\/\/www.edder.org\/index.php?rest_route=\/wp\/v2\/types\/post"}],"author":[{"embeddable":true,"href":"https:\/\/www.edder.org\/index.php?rest_route=\/wp\/v2\/users\/82"}],"replies":[{"embeddable":true,"href":"https:\/\/www.edder.org\/index.php?rest_route=%2Fwp%2Fv2%2Fcomments&post=718"}],"version-history":[{"count":0,"href":"https:\/\/www.edder.org\/index.php?rest_route=\/wp\/v2\/posts\/718\/revisions"}],"wp:attachment":[{"href":"https:\/\/www.edder.org\/index.php?rest_route=%2Fwp%2Fv2%2Fmedia&parent=718"}],"wp:term":[{"taxonomy":"category","embeddable":true,"href":"https:\/\/www.edder.org\/index.php?rest_route=%2Fwp%2Fv2%2Fcategories&post=718"},{"taxonomy":"post_tag","embeddable":true,"href":"https:\/\/www.edder.org\/index.php?rest_route=%2Fwp%2Fv2%2Ftags&post=718"}],"curies":[{"name":"wp","href":"https:\/\/api.w.org\/{rel}","templated":true}]}}