{"id":715,"date":"2010-06-11T19:28:42","date_gmt":"2010-06-11T18:28:42","guid":{"rendered":"https:\/\/www.edder.org\/?p=715"},"modified":"2018-07-27T16:37:50","modified_gmt":"2018-07-27T14:37:50","slug":"estilo-internacional","status":"publish","type":"post","link":"https:\/\/www.edder.org\/?p=715","title":{"rendered":"Estilo internacional"},"content":{"rendered":"<p>Puse la radio en un atasco y me sali\u00f3 Lola Eguren, la directora general de nunca se sabe bien qu\u00e9 \u2013siempre de algo indefinido, como Relaciones Institucionales o Internacionales\u2013\u00a0diciendo que los premios Pr\u00edncipe de Viana se han internacionalizado, si bien siguen  siendo navarr\u00edsimos. Ah, pues como Arletty. Cuando juzgaron a Arletty por sus relaciones durante la Ocupaci\u00f3n con un oficial alem\u00e1n, la popular actriz gala dijo en su descargo que su coraz\u00f3n era muy franc\u00e9s, pero que otras partes de su cuerpo no entend\u00edan nada de fronteras. Lola Eguren fue elevada a la direcci\u00f3n del muy internacional Servicio de Participaci\u00f3n en la Construcci\u00f3n Europea nada m\u00e1s abandonar el socialismo y pedir ruidosamente, junto con otros c\u00e9lebres pr\u00f3fugos y tr\u00e1sfugas, el voto para el regionalismo a ultranza. El propio regionalismo a ultranza es hoy, \u00e9l mismo, m\u00e1s internacionalista que la muy francesa Arletty. De modo que busca proyectarse, como sea, en acontecimientos sonados y de un alcance global. No pudo ser con la c\u00f3smica exposici\u00f3n comisariada por Arbeloa, compa\u00f1ero de viaje de Eguren seg\u00fan sal\u00edan del socialismo por la derecha, ni con el congreso barojiano que iba a comisariar el ex comunista Tamames \u2013otro de nuestros \u201cliberales\u201d a muerte\u2013, suspendido seg\u00fan se supo que las megaestrellas mundiales no quer\u00edan venir. El t\u00e9rmino \u2018megaestrellas\u2019 lo usaba muy despectivamente en el n\u00famero 91 de <em>Arquitectura Viva<\/em> el arquitecto Jacques Herzog, que tambi\u00e9n hablaba all\u00ed de cierto \u201ccinismo, est\u00fapido y burdo, movido por la vanidad y nada m\u00e1s que la vanidad\u201d. Herzog ha sido luminaria m\u00e1xima del congreso de arquitectura a cuyo frente nos ha aparecido Fidalgo, ese sindicalista rebotado. Por fin un Miguel Sanz borracho de vanidad ha ido al Baluarte a hablar de sus \u00e9xitos ante las estrellas, los c\u00ednicos o ambas cosas, aunque sea dejando a los pueblos de los alrededores sin programa cultural. No estaba all\u00ed la difunta Arletty, ni Jacques Tati, pero s\u00ed celebridades planetarias dignas de una apoteosis internacional.<\/p>\n<p align=\"right\">Publicado en <a target=\"blank\" href=\"http:\/\/www.diariodenoticias.com\/opinion\/columnistas\/postal-expres\">Diario de Noticias<\/a><br \/>\n<img class=\"lazyload\" decoding=\"async\" align=\"right\" title=\"dn\" alt=\"dn\" src=\"data:image\/gif;base64,R0lGODlhAQABAAAAACH5BAEKAAEALAAAAAABAAEAAAICTAEAOw==\" data-orig-src=\"https:\/\/www.edder.org\/images\/dn.gif\" \/><\/p>\n","protected":false},"excerpt":{"rendered":"<p>Puse la radio en un atasco y me sali\u00f3 Lola Eguren, la directora general de nunca se sabe bien qu\u00e9 \u2013siempre de algo indefinido, como Relaciones Institucionales o Internacionales\u2013\u00a0diciendo que los premios Pr\u00edncipe de Viana se han internacionalizado, si bien siguen siendo navarr\u00edsimos. Ah, pues como Arletty. Cuando juzgaron a Arletty por sus relaciones durante la Ocupaci\u00f3n con un oficial alem\u00e1n, la popular actriz gala dijo en su descargo que su coraz\u00f3n era muy franc\u00e9s, pero que otras partes de su cuerpo no entend\u00edan nada de fronteras. Lola Eguren fue elevada a la direcci\u00f3n del muy internacional Servicio de Participaci\u00f3n en la Construcci\u00f3n Europea nada m\u00e1s abandonar el socialismo y pedir ruidosamente, junto con otros c\u00e9lebres pr\u00f3fugos y tr\u00e1sfugas, el voto para el regionalismo a ultranza. El  [&#8230;]<\/p>\n","protected":false},"author":82,"featured_media":0,"comment_status":"open","ping_status":"open","sticky":false,"template":"","format":"standard","meta":{"jetpack_post_was_ever_published":false,"_jetpack_newsletter_access":"","_jetpack_dont_email_post_to_subs":false,"_jetpack_newsletter_tier_id":0,"_jetpack_memberships_contains_paywalled_content":false,"_jetpack_memberships_contains_paid_content":false,"footnotes":"","jetpack_publicize_message":"","jetpack_publicize_feature_enabled":true,"jetpack_social_post_already_shared":false,"jetpack_social_options":{"image_generator_settings":{"template":"highway","default_image_id":0,"font":"","enabled":false},"version":2}},"categories":[3,1],"tags":[],"class_list":["post-715","post","type-post","status-publish","format-standard","hentry","category-na","category-sin-categorizar"],"jetpack_publicize_connections":[],"jetpack_featured_media_url":"","jetpack_shortlink":"https:\/\/wp.me\/p6kHv-bx","jetpack_sharing_enabled":true,"jetpack-related-posts":[{"id":38,"url":"https:\/\/www.edder.org\/?p=38","url_meta":{"origin":715,"position":0},"title":"Y el Servicio, \u00bfc\u00f3mo est\u00e1?","author":"Eder","date":"viernes, 20 Ene, 2006","format":false,"excerpt":"","rel":"","context":"En \u00abNA\u00bb","block_context":{"text":"NA","link":"https:\/\/www.edder.org\/?cat=3"},"img":{"alt_text":"","src":"","width":0,"height":0},"classes":[]},{"id":105,"url":"https:\/\/www.edder.org\/?p=105","url_meta":{"origin":715,"position":1},"title":"Teme a los griegos que regalan caballos","author":"Eder","date":"jueves, 21 Jun, 2007","format":false,"excerpt":"Nada m\u00e1s incomprensible que la aparente satisfacci\u00f3n del se\u00f1or Puras tras haber recibido un caballo regalado \u2013la presidencia del Parlamento\u2013 que llevaba en su interior un Marcotegui. No es s\u00f3lo que nuestros griegos de ocasi\u00f3n regalen lo que consideran de tan poco valor como para hab\u00e9rselo dado en la anterior\u2026","rel":"","context":"En \u00abNA\u00bb","block_context":{"text":"NA","link":"https:\/\/www.edder.org\/?cat=3"},"img":{"alt_text":"","src":"","width":0,"height":0},"classes":[]},{"id":119,"url":"https:\/\/www.edder.org\/?p=119","url_meta":{"origin":715,"position":2},"title":"Con p\u00f3lvora del Reyno","author":"Eder","date":"viernes, 23 Nov, 2007","format":false,"excerpt":"Con p\u00f3lvora del Rey, \u00a1Dios qu\u00e9 buenos ca\u00f1onazos se tiran! Y con p\u00f3lvora del Reyno, qu\u00e9 bonitos saraos se organizan. Encantadora velada, seg\u00fan rezaban ayer las cr\u00f3nicas, la celebrada en Madrid \u2013con el ameno prop\u00f3sito de confraternizar\u2013 a instancia de nuestra delegaci\u00f3n diplom\u00e1tica en la Villa y Corte. S\u00ed, la\u2026","rel":"","context":"En \u00abNA\u00bb","block_context":{"text":"NA","link":"https:\/\/www.edder.org\/?cat=3"},"img":{"alt_text":"","src":"","width":0,"height":0},"classes":[]},{"id":1925,"url":"https:\/\/www.edder.org\/?p=1925","url_meta":{"origin":715,"position":3},"title":"Reggionalismo","author":"Eder","date":"viernes, 3 Jun, 2011","format":false,"excerpt":"","rel":"","context":"En \u00abNA\u00bb","block_context":{"text":"NA","link":"https:\/\/www.edder.org\/?cat=3"},"img":{"alt_text":"","src":"https:\/\/i0.wp.com\/edder.org\/images\/rodezno2.jpg?resize=350%2C200","width":350,"height":200},"classes":[]},{"id":84,"url":"https:\/\/www.edder.org\/?p=84","url_meta":{"origin":715,"position":4},"title":"Devoci\u00f3n por Baroja","author":"Eder","date":"viernes, 16 Feb, 2007","format":false,"excerpt":"Ven\u00edamos de los fuegos artificiales del sufrido comisario Arbeloa \u2013el de la exposici\u00f3n de los quinientos millones a mayor gloria del navarrismo\u2013 e \u00edbamos hacia otro festival preelectoral del regionalismo castizo: el I Congreso de Estudios Barojianos. Casualidades del directo que en el cat\u00e1logo de la exposici\u00f3n de Arbeloa el\u2026","rel":"","context":"En \u00abNA\u00bb","block_context":{"text":"NA","link":"https:\/\/www.edder.org\/?cat=3"},"img":{"alt_text":"","src":"","width":0,"height":0},"classes":[]},{"id":141,"url":"https:\/\/www.edder.org\/?p=141","url_meta":{"origin":715,"position":5},"title":"Luz y taqu\u00edgrafos","author":"Eder","date":"viernes, 14 Mar, 2008","format":false,"excerpt":"Tras ver la comparecencia del se\u00f1or Arbeloa sobre la exposici\u00f3n itinerante que nunca itiner\u00f3, no se sabe bien para qu\u00e9 quer\u00eda acudir al Parlamento con luz y taqu\u00edgrafos, aparte de para impartir lecciones de \u00e9tica o de gram\u00e1tica, o para mostrar su pena por nosotros. Habl\u00f3 el compareciente de su\u2026","rel":"","context":"En \u00abNA\u00bb","block_context":{"text":"NA","link":"https:\/\/www.edder.org\/?cat=3"},"img":{"alt_text":"","src":"","width":0,"height":0},"classes":[]}],"jetpack_likes_enabled":true,"_links":{"self":[{"href":"https:\/\/www.edder.org\/index.php?rest_route=\/wp\/v2\/posts\/715","targetHints":{"allow":["GET"]}}],"collection":[{"href":"https:\/\/www.edder.org\/index.php?rest_route=\/wp\/v2\/posts"}],"about":[{"href":"https:\/\/www.edder.org\/index.php?rest_route=\/wp\/v2\/types\/post"}],"author":[{"embeddable":true,"href":"https:\/\/www.edder.org\/index.php?rest_route=\/wp\/v2\/users\/82"}],"replies":[{"embeddable":true,"href":"https:\/\/www.edder.org\/index.php?rest_route=%2Fwp%2Fv2%2Fcomments&post=715"}],"version-history":[{"count":0,"href":"https:\/\/www.edder.org\/index.php?rest_route=\/wp\/v2\/posts\/715\/revisions"}],"wp:attachment":[{"href":"https:\/\/www.edder.org\/index.php?rest_route=%2Fwp%2Fv2%2Fmedia&parent=715"}],"wp:term":[{"taxonomy":"category","embeddable":true,"href":"https:\/\/www.edder.org\/index.php?rest_route=%2Fwp%2Fv2%2Fcategories&post=715"},{"taxonomy":"post_tag","embeddable":true,"href":"https:\/\/www.edder.org\/index.php?rest_route=%2Fwp%2Fv2%2Ftags&post=715"}],"curies":[{"name":"wp","href":"https:\/\/api.w.org\/{rel}","templated":true}]}}