{"id":71,"date":"2006-11-17T09:39:33","date_gmt":"2006-11-17T07:39:33","guid":{"rendered":"https:\/\/www.edder.org\/?p=71"},"modified":"2018-07-27T16:38:34","modified_gmt":"2018-07-27T14:38:34","slug":"madridismo","status":"publish","type":"post","link":"https:\/\/www.edder.org\/?p=71","title":{"rendered":"madridismo"},"content":{"rendered":"<p>Cortos nos quedamos el pasado fin de semana, cuando Navarra en general ???y Pamplona en particular??? abri\u00f3 de par en par las puertas de sus instituciones pol\u00edticas ???las del Ejecutivo, el Legislativo y el Municipal??? a ese hombre de altura m\u00edtica que rige los designios del Real Madrid. La altura m\u00edtica de Ram\u00f3n Calder\u00f3n (Palencia, 1951), socio 14.878 del Madrid y actual presidente de ese pedazo vivo de la historia de Espa\u00f1a que es el legendario club de la capital, no s\u00f3lo viene dada por el hecho de que nos encontremos ante el que fuera albacea testamentario de Paquirri o representante legal de la Pantoja; es que con toda probabilidad estamos ante un individuo capaz de ocupar en la escala social el lugar de culto al que un d\u00eda escalara el hoy olvidado Mario Conde. Ya los profesores del palentino colegio de La Salle describen a Calder\u00f3n como ???un malabarista y un regateador nato???, con calificaciones sobresalientes en lat\u00edn. No es s\u00f3lo que este lince de los negocios haya conseguido alcanzar un hito sin precedentes en la historia de Espa\u00f1a, cual es reunir en sus diestras manos las direcciones del Bernabeu y de la plaza de Las Ventas; es que seg\u00fan propia y muy aireada confesi\u00f3n, en una simple jugada financiera, le cerr\u00f3 a un presidente anterior del club madrile\u00f1o una operaci\u00f3n ???con unas plusval\u00edas de 150 millones de euros???. Si nuestro m\u00edtico visitante es capaz de hacer eso por otro, qu\u00e9 no ser\u00e1 capaz de hacer por s\u00ed mismo, desde los diversos consejos de administraci\u00f3n de empresas del cemento o la comunicaci\u00f3n en las que tiene mucha mano. Se comprende que se\u00f1oras tan fascinadas por el mundo del cemento como la alcaldesa de Pamplona, o por el mundo de la comunicaci\u00f3n social, como la consejera de Bienestar \u00cddem, abrieran de par en par las puertas del Ejecutivo y el Municipal para intercambiar banderines e impresiones con el ilustre visitante. Que el presidente del Legislativo se uniera a la jornada de puertas abiertas, puede que tenga una explicaci\u00f3n m\u00e1s simple: puro madridismo.<\/p>\n<div align=\"right\">Publicado en <a target=\"blank\" href=\"http:\/\/www.noticiasdenavarra.com\/ediciones\/2006\/11\/17\/opinion\/contra.php\">Diario de Noticias<\/a><img class=\"lazyload\" decoding=\"async\" align=\"right\" title=\"dn\" alt=\"dn\" src=\"data:image\/gif;base64,R0lGODlhAQABAAAAACH5BAEKAAEALAAAAAABAAEAAAICTAEAOw==\" data-orig-src=\"https:\/\/www.edder.org\/images\/dn.gif\" \/><\/div>\n","protected":false},"excerpt":{"rendered":"<p>Cortos nos quedamos el pasado fin de semana, cuando Navarra en general ???y Pamplona en particular??? abri\u00f3 de par en par las puertas de sus instituciones pol\u00edticas ???las del Ejecutivo, el Legislativo y el Municipal??? a ese hombre de altura m\u00edtica que rige los designios del Real Madrid. La altura m\u00edtica de Ram\u00f3n Calder\u00f3n (Palencia, 1951), socio 14.878 del Madrid y actual presidente de ese pedazo vivo de la historia de Espa\u00f1a que es el legendario club de la capital, no s\u00f3lo viene dada por el hecho de que nos encontremos ante el que fuera albacea testamentario de Paquirri o representante legal de la Pantoja; es que con toda probabilidad estamos ante un individuo capaz de ocupar en la escala social el lugar de culto al que  [&#8230;]<\/p>\n","protected":false},"author":82,"featured_media":0,"comment_status":"open","ping_status":"open","sticky":false,"template":"","format":"standard","meta":{"jetpack_post_was_ever_published":false,"_jetpack_newsletter_access":"","_jetpack_dont_email_post_to_subs":false,"_jetpack_newsletter_tier_id":0,"_jetpack_memberships_contains_paywalled_content":false,"_jetpack_memberships_contains_paid_content":false,"footnotes":"","jetpack_publicize_message":"","jetpack_publicize_feature_enabled":true,"jetpack_social_post_already_shared":false,"jetpack_social_options":{"image_generator_settings":{"template":"highway","default_image_id":0,"font":"","enabled":false},"version":2}},"categories":[3],"tags":[],"class_list":["post-71","post","type-post","status-publish","format-standard","hentry","category-na"],"jetpack_publicize_connections":[],"jetpack_featured_media_url":"","jetpack_shortlink":"https:\/\/wp.me\/p6kHv-19","jetpack_sharing_enabled":true,"jetpack-related-posts":[{"id":61,"url":"https:\/\/www.edder.org\/?p=61","url_meta":{"origin":71,"position":0},"title":"El segundo de la tarde","author":"Eder","date":"viernes, 16 Jun, 2006","format":false,"excerpt":"No s\u00e9 qu\u00e9 pas\u00f3 en el primero o en el cuarto de la tarde; pero, cuando la armada futbol\u00edstica que dirige ese S\u00e9neca mesetario al que llaman el Sabio de Hortaleza asest\u00f3 al adversario el segundo de la tarde, Espa\u00f1a ???ese tronar de decibelios en las pantallas de plasma de\u2026","rel":"","context":"En \u00abSin categorizar\u00bb","block_context":{"text":"Sin categorizar","link":"https:\/\/www.edder.org\/?cat=1"},"img":{"alt_text":"","src":"","width":0,"height":0},"classes":[]},{"id":107,"url":"https:\/\/www.edder.org\/?p=107","url_meta":{"origin":71,"position":1},"title":"Jorge Oteiza. El hombre de Lascaux","author":"Eder","date":"viernes, 24 Ago, 2007","format":false,"excerpt":"","rel":"","context":"En \u00abArtes\u00bb","block_context":{"text":"Artes","link":"https:\/\/www.edder.org\/?cat=85"},"img":{"alt_text":"","src":"https:\/\/i0.wp.com\/www.edder.org\/upload\/2007\/08\/oteiza_lascaux.png?resize=350%2C200&ssl=1","width":350,"height":200,"srcset":"https:\/\/i0.wp.com\/www.edder.org\/upload\/2007\/08\/oteiza_lascaux.png?resize=350%2C200&ssl=1 1x, https:\/\/i0.wp.com\/www.edder.org\/upload\/2007\/08\/oteiza_lascaux.png?resize=525%2C300&ssl=1 1.5x, https:\/\/i0.wp.com\/www.edder.org\/upload\/2007\/08\/oteiza_lascaux.png?resize=700%2C400&ssl=1 2x, https:\/\/i0.wp.com\/www.edder.org\/upload\/2007\/08\/oteiza_lascaux.png?resize=1050%2C600&ssl=1 3x"},"classes":[]},{"id":222,"url":"https:\/\/www.edder.org\/?p=222","url_meta":{"origin":71,"position":2},"title":"SMS","author":"Eder","date":"viernes, 16 Ene, 2009","format":false,"excerpt":"Miguel Sanz y Roberto Jim\u00e9nez lanzaron el otro d\u00eda, al alim\u00f3n, un aviso para navegantes en forma de SMS. Corto, claro y contundente, como debe ser un SMS, el mensaje ven\u00eda a decir a los cargos de sus respectivos partidos que donde hay patr\u00f3n no manda marinero. Que a nadie\u2026","rel":"","context":"En \u00abNA\u00bb","block_context":{"text":"NA","link":"https:\/\/www.edder.org\/?cat=3"},"img":{"alt_text":"","src":"","width":0,"height":0},"classes":[]},{"id":146,"url":"https:\/\/www.edder.org\/?p=146","url_meta":{"origin":71,"position":3},"title":"\u00a1Viva la gente!","author":"Eder","date":"s\u00e1bado, 19 Abr, 2008","format":false,"excerpt":"Entre mis temores recientes est\u00e1 el que a continuaci\u00f3n confieso: un d\u00eda cualquiera, ese sonriente y numeroso gruppo di famiglia cuyos componentes var\u00edan, pero en el que no suelen faltar ni Yolanda Barcina ni Elena Torres \u2013ni el presidente foral ni el consejero de Turismo\u2013; ese grupo musical tan retro,\u2026","rel":"","context":"En \u00abNA\u00bb","block_context":{"text":"NA","link":"https:\/\/www.edder.org\/?cat=3"},"img":{"alt_text":"","src":"","width":0,"height":0},"classes":[]},{"id":15252,"url":"https:\/\/www.edder.org\/?p=15252","url_meta":{"origin":71,"position":4},"title":"El Picasso m\u00e1s horrible en Madrid","author":"Eder","date":"lunes, 22 Jul, 2019","format":false,"excerpt":"Madrid, donde arde el sol de la tarde y hay que refugiarse all\u00ed donde cuentan con la bendici\u00f3n del aire acondiiconado, refrigerado, climatizado, con parada incluida ante el Picasso m\u00e1s \u00abhorrible\u00bb (Olga en carne viva, Olga descarnada, Olga devorada por, entre otras cosas, el monstruo mitol\u00f3gico conocido como Picasso): \u00a0\u2026","rel":"","context":"En \u00abArtes\u00bb","block_context":{"text":"Artes","link":"https:\/\/www.edder.org\/?cat=85"},"img":{"alt_text":"","src":"https:\/\/i0.wp.com\/www.edder.org\/upload\/2019\/07\/05_audioguia_olga_500_px.jpg?resize=350%2C200&ssl=1","width":350,"height":200},"classes":[]},{"id":43,"url":"https:\/\/www.edder.org\/?p=43","url_meta":{"origin":71,"position":5},"title":"Los fastos que no cesan","author":"Eder","date":"viernes, 17 Feb, 2006","format":false,"excerpt":"Brillante, s\u00ed. No me refiero a la genial idea de intentar traerse para aqu\u00ed, en pleno fervor sanferminero, al gran te\u00f3logo y \u2013antes que gran jefe de Estado\u2013 gran inquisidor Joseph Ratzinger. Me refiero a lo de ponerle a V\u00edctor Manuel Arbeloa al frente de una exposici\u00f3n de nada m\u00e1s\u2026","rel":"","context":"En \u00abNA\u00bb","block_context":{"text":"NA","link":"https:\/\/www.edder.org\/?cat=3"},"img":{"alt_text":"","src":"","width":0,"height":0},"classes":[]}],"jetpack_likes_enabled":true,"_links":{"self":[{"href":"https:\/\/www.edder.org\/index.php?rest_route=\/wp\/v2\/posts\/71","targetHints":{"allow":["GET"]}}],"collection":[{"href":"https:\/\/www.edder.org\/index.php?rest_route=\/wp\/v2\/posts"}],"about":[{"href":"https:\/\/www.edder.org\/index.php?rest_route=\/wp\/v2\/types\/post"}],"author":[{"embeddable":true,"href":"https:\/\/www.edder.org\/index.php?rest_route=\/wp\/v2\/users\/82"}],"replies":[{"embeddable":true,"href":"https:\/\/www.edder.org\/index.php?rest_route=%2Fwp%2Fv2%2Fcomments&post=71"}],"version-history":[{"count":0,"href":"https:\/\/www.edder.org\/index.php?rest_route=\/wp\/v2\/posts\/71\/revisions"}],"wp:attachment":[{"href":"https:\/\/www.edder.org\/index.php?rest_route=%2Fwp%2Fv2%2Fmedia&parent=71"}],"wp:term":[{"taxonomy":"category","embeddable":true,"href":"https:\/\/www.edder.org\/index.php?rest_route=%2Fwp%2Fv2%2Fcategories&post=71"},{"taxonomy":"post_tag","embeddable":true,"href":"https:\/\/www.edder.org\/index.php?rest_route=%2Fwp%2Fv2%2Ftags&post=71"}],"curies":[{"name":"wp","href":"https:\/\/api.w.org\/{rel}","templated":true}]}}