{"id":700,"date":"2010-04-30T15:56:38","date_gmt":"2010-04-30T14:56:38","guid":{"rendered":"https:\/\/www.edder.org\/?p=700"},"modified":"2018-07-27T16:37:51","modified_gmt":"2018-07-27T14:37:51","slug":"en-el-reyno-al-reves","status":"publish","type":"post","link":"https:\/\/www.edder.org\/?p=700","title":{"rendered":"En el \u201cReyno\u201d al rev\u00e9s"},"content":{"rendered":"<p>A los fariseos \u2013d\u00edcese de los hip\u00f3critas que fingen un alto rigor religioso y, lo que es m\u00e1s temible e inadmisible, tratan de imponer sus rigores a los dem\u00e1s\u2013, a los Sanz, Kutz, Sayas y Barcina que en materia de interrupci\u00f3n voluntaria del embarazo han hecho de este su Reyno el reino al rev\u00e9s, hay una sola pregunta que hacerles, muy f\u00e1cil de responder. La pregunta es si un billete de ida y vuelta de aqu\u00ed a all\u00e1 vale lo mismo que uno de all\u00e1 a aqu\u00ed. Porque si un billete, vamos a suponer, de Pamplona a Bilbao vale lo mismo que uno de Bilbao a Pamplona, Sanz, Kutz, Sayas y Barcina no tienen el menor pretexto para, de igual manera que durante a\u00f1os han mandado fuera del territorio foral a las mujeres de este su <em>Reyno<\/em> que se ve\u00edan en los supuestos de interrupci\u00f3n voluntaria del embarazo contemplados por la ley, a partir de ahora traigan a los anestesistas que se precise \u2013si es que se precisa de alguno, como Kutz o Sayas alegan, lo que est\u00e1 por ver\u2013 para que la ley no s\u00f3lo se cumpla, como afirman que se cumple \u2013por el hecho de mandar a las mujeres a otras comunidades donde la legalidad rige sin salir de ellas\u2013, sino que se cumpla aqu\u00ed, como siempre debi\u00f3 haberse cumplido y como la nueva Ley de Salud Sexual exige expresamente que se cumpla. Pero aunque el billete de ida y vuelta de un anestesista valiera m\u00e1s que el de cualquiera de nuestras conciudadanas, el Gobierno debe pagar ese precio, en primer y fundamental\u00edsimo lugar porque nuestras conciudadanas son iguales en derechos a las de cualquier otra comunidad. Hablar de contrafuero para oponerse a la Ley de Salud Sexual ya son ganas de no saber qu\u00e9 excusa todav\u00eda m\u00e1s hip\u00f3crita interponer para seguir inventado el reino al rev\u00e9s: este foral\u00edsimo <em>Reyno<\/em> en el que la objeci\u00f3n de conciencia se da por sobreentendida y no necesita justificarse, como han de justificarse y retratarse los m\u00e9dicos aut\u00f3ctonos que se declaran dispuestos a poner los medios para un efectivo y no viajero reconocimiento de la igualdad de las mujeres ante la ley.<\/p>\n<p align=\"right\">Publicado en <a target=\"blank\" href=\"http:\/\/www.diariodenoticias.com\/opinion\/columnistas\/postal-expres\">Diario de Noticias<\/a><br \/>\n<img class=\"lazyload\" decoding=\"async\" align=\"right\" title=\"dn\" alt=\"dn\" src=\"data:image\/gif;base64,R0lGODlhAQABAAAAACH5BAEKAAEALAAAAAABAAEAAAICTAEAOw==\" data-orig-src=\"https:\/\/www.edder.org\/images\/dn.gif\" \/><\/p>\n","protected":false},"excerpt":{"rendered":"<p>A los fariseos \u2013d\u00edcese de los hip\u00f3critas que fingen un alto rigor religioso y, lo que es m\u00e1s temible e inadmisible, tratan de imponer sus rigores a los dem\u00e1s\u2013, a los Sanz, Kutz, Sayas y Barcina que en materia de interrupci\u00f3n voluntaria del embarazo han hecho de este su Reyno el reino al rev\u00e9s, hay una sola pregunta que hacerles, muy f\u00e1cil de responder. La pregunta es si un billete de ida y vuelta de aqu\u00ed a all\u00e1 vale lo mismo que uno de all\u00e1 a aqu\u00ed. Porque si un billete, vamos a suponer, de Pamplona a Bilbao vale lo mismo que uno de Bilbao a Pamplona, Sanz, Kutz, Sayas y Barcina no tienen el menor pretexto para, de igual manera que durante a\u00f1os han mandado fuera  [&#8230;]<\/p>\n","protected":false},"author":82,"featured_media":0,"comment_status":"open","ping_status":"open","sticky":false,"template":"","format":"standard","meta":{"jetpack_post_was_ever_published":false,"_jetpack_newsletter_access":"","_jetpack_dont_email_post_to_subs":false,"_jetpack_newsletter_tier_id":0,"_jetpack_memberships_contains_paywalled_content":false,"_jetpack_memberships_contains_paid_content":false,"footnotes":"","jetpack_publicize_message":"","jetpack_publicize_feature_enabled":true,"jetpack_social_post_already_shared":false,"jetpack_social_options":{"image_generator_settings":{"template":"highway","default_image_id":0,"font":"","enabled":false},"version":2}},"categories":[3],"tags":[],"class_list":["post-700","post","type-post","status-publish","format-standard","hentry","category-na"],"jetpack_publicize_connections":[],"jetpack_featured_media_url":"","jetpack_shortlink":"https:\/\/wp.me\/p6kHv-bi","jetpack_sharing_enabled":true,"jetpack-related-posts":[{"id":113,"url":"https:\/\/www.edder.org\/?p=113","url_meta":{"origin":700,"position":0},"title":"Fariseos, filisteos, fide\u00edstas y fun\u00e1mbulos","author":"Eder","date":"viernes, 12 Oct, 2007","format":false,"excerpt":"","rel":"","context":"En \u00abNA\u00bb","block_context":{"text":"NA","link":"https:\/\/www.edder.org\/?cat=3"},"img":{"alt_text":"","src":"","width":0,"height":0},"classes":[]},{"id":1159,"url":"https:\/\/www.edder.org\/?p=1159","url_meta":{"origin":700,"position":1},"title":"El Ofert\u00f3n Pamplon\u00e9s","author":"Eder","date":"viernes, 22 Oct, 2010","format":false,"excerpt":"Para orfe\u00f3n, el Orfe\u00f3n Donostiarra. Y para ofert\u00f3n, el Ofert\u00f3n Pamplon\u00e9s. Que se lo pregunten si no al consejero de Cultura y Turismo, que no ha podido resistir la insuperable oferta del Ofert\u00f3n Pamplon\u00e9s \u2013por lo dem\u00e1s, regularmente subvencionado por ese mismo consejero\u2013 para viajar a Guasint\u00f3n. Y por all\u00ed\u00a0\u2026","rel":"","context":"En \u00abNA\u00bb","block_context":{"text":"NA","link":"https:\/\/www.edder.org\/?cat=3"},"img":{"alt_text":"","src":"https:\/\/i0.wp.com\/edder.org\/images\/barcina_ole.jpg?resize=350%2C200","width":350,"height":200,"srcset":"https:\/\/i0.wp.com\/edder.org\/images\/barcina_ole.jpg?resize=350%2C200 1x, https:\/\/i0.wp.com\/edder.org\/images\/barcina_ole.jpg?resize=525%2C300 1.5x, https:\/\/i0.wp.com\/edder.org\/images\/barcina_ole.jpg?resize=700%2C400 2x"},"classes":[]},{"id":327,"url":"https:\/\/www.edder.org\/?p=327","url_meta":{"origin":700,"position":2},"title":"Alcanfor","author":"Eder","date":"viernes, 20 Mar, 2009","format":false,"excerpt":"Trepidante actividad cultural en la arena \u2013pron\u00fanciese \u2018harina\u2019\u2013 del Reyno. Trepidante actividad cultural ante la inminencia de la Semana Santa y con el 2016 a la vuelta de la esquina. Javieradas aparte, trepidante actividad cultural en el reyno viejo; reino que, como dijera Pem\u00e1n \u2013el poeta del R\u00e9gimen que por\u2026","rel":"","context":"En \u00abNA\u00bb","block_context":{"text":"NA","link":"https:\/\/www.edder.org\/?cat=3"},"img":{"alt_text":"","src":"","width":0,"height":0},"classes":[]},{"id":385,"url":"https:\/\/www.edder.org\/?p=385","url_meta":{"origin":700,"position":3},"title":"Grandeza de un miserable llamado Odiseo","author":"Eder","date":"viernes, 15 May, 2009","format":false,"excerpt":"Cuando oigo a la se\u00f1ora Barcina (que tan favorecida sali\u00f3 ayer en la \u00faltima p\u00e1gina de El Pa\u00eds: \u201ccat\u00f3lica practicante sin exagerar\u201d, se dec\u00eda ella misma \u2013nada que ver con el nacionalcatolicismo de anta\u00f1o: aquel que bautizaba las calles de Pamplona con nombres de nuncios y pont\u00edfices vaticanos, aunque hoy\u2026","rel":"","context":"En \u00abNA\u00bb","block_context":{"text":"NA","link":"https:\/\/www.edder.org\/?cat=3"},"img":{"alt_text":"","src":"","width":0,"height":0},"classes":[]},{"id":483,"url":"https:\/\/www.edder.org\/?p=483","url_meta":{"origin":700,"position":4},"title":"\u00a1Alonso, Alonso, Alonso!","author":"Eder","date":"viernes, 2 Oct, 2009","format":false,"excerpt":"Porque existe Google, que si no, no me hubiera acordado del nombre de aquel delegado del Gobierno tan din\u00e1mico que organizaba patri\u00f3ticas juras de bandera con nuestras arquistars. Arquistars quiere decir estrellas del firmamento arquitect\u00f3nico. Nuestras arquistars cab\u00edan casi todas juntas en una jura de bandera de las que organizaba\u2026","rel":"","context":"En \u00abNA\u00bb","block_context":{"text":"NA","link":"https:\/\/www.edder.org\/?cat=3"},"img":{"alt_text":"","src":"","width":0,"height":0},"classes":[]},{"id":31,"url":"https:\/\/www.edder.org\/?p=31","url_meta":{"origin":700,"position":5},"title":"Feliz navidad, don Ricardo","author":"Eder","date":"viernes, 16 Dic, 2005","format":false,"excerpt":"Feliz navidad, don Ricardo, por descontado que de Le\u00f3n. Feliz navidad, sin m\u00e1s. Lo de una muy pr\u00f3spera jubilaci\u00f3n en el a\u00f1o nuevo, a don Ricardo ya se lo resolvi\u00f3 UPN este verano. Eso qued\u00f3 resuelto tras su relevo en la \u00ednsula navarra de Madrid, con un retiro a la\u2026","rel":"","context":"En \u00abNA\u00bb","block_context":{"text":"NA","link":"https:\/\/www.edder.org\/?cat=3"},"img":{"alt_text":"","src":"","width":0,"height":0},"classes":[]}],"jetpack_likes_enabled":true,"_links":{"self":[{"href":"https:\/\/www.edder.org\/index.php?rest_route=\/wp\/v2\/posts\/700","targetHints":{"allow":["GET"]}}],"collection":[{"href":"https:\/\/www.edder.org\/index.php?rest_route=\/wp\/v2\/posts"}],"about":[{"href":"https:\/\/www.edder.org\/index.php?rest_route=\/wp\/v2\/types\/post"}],"author":[{"embeddable":true,"href":"https:\/\/www.edder.org\/index.php?rest_route=\/wp\/v2\/users\/82"}],"replies":[{"embeddable":true,"href":"https:\/\/www.edder.org\/index.php?rest_route=%2Fwp%2Fv2%2Fcomments&post=700"}],"version-history":[{"count":0,"href":"https:\/\/www.edder.org\/index.php?rest_route=\/wp\/v2\/posts\/700\/revisions"}],"wp:attachment":[{"href":"https:\/\/www.edder.org\/index.php?rest_route=%2Fwp%2Fv2%2Fmedia&parent=700"}],"wp:term":[{"taxonomy":"category","embeddable":true,"href":"https:\/\/www.edder.org\/index.php?rest_route=%2Fwp%2Fv2%2Fcategories&post=700"},{"taxonomy":"post_tag","embeddable":true,"href":"https:\/\/www.edder.org\/index.php?rest_route=%2Fwp%2Fv2%2Ftags&post=700"}],"curies":[{"name":"wp","href":"https:\/\/api.w.org\/{rel}","templated":true}]}}