{"id":7,"date":"2005-09-25T23:09:47","date_gmt":"2005-09-25T21:09:47","guid":{"rendered":"https:\/\/www.edder.org\/?p=7"},"modified":"2018-07-27T16:38:47","modified_gmt":"2018-07-27T14:38:47","slug":"senora-ministra","status":"publish","type":"post","link":"https:\/\/www.edder.org\/?p=7","title":{"rendered":"Se\u00f1ora ministra:"},"content":{"rendered":"<p><img decoding=\"async\" src=\"data:image\/gif;base64,R0lGODlhAQABAAAAACH5BAEKAAEALAAAAAABAAEAAAICTAEAOw==\" data-orig-src=\"https:\/\/www.edder.org\/images\/pais.gif\" alt=\"pa\u00eds\" class=\"lazyload izquierda\" \/>La ministra de Cultura desembarc\u00f3 durante el tumultuoso fin de semana entre nosotros y qued\u00f3 gratamente sorprendida. No la vi personalmente, pero ya me hubiera gustado. Antes de quedar admirada por el igualitarismo de las fiestas pamplonesas, Carmen Calvo visit\u00f3 protocolariamente el Palacio foral. All\u00ed, junto al tapiz en el que un Sancho el Fuerte tit\u00e1nico, sobre su caballo encabritado, asesta el mazazo definitivo a las huestes del moro Miramamol\u00edn, le fue impuesto el cl\u00e1sico, sobrio, elegante e igualitario \u00abpa\u00f1uelico\u00bb sanferminero. El tapiz no data de los tiempos m\u00edticos de los primeros cruzados, sino que es de \u00e9poca un poco m\u00e1s reciente: los tiempos de aquel gran tumulto nacional-cat\u00f3lico que fue el gran Congreso Eucar\u00edstico de Pamplona  (a\u00f1os 50). Lo m\u00e1s llamativo del tapiz es su car\u00e1cter cinematogr\u00e1fico. Sorprende que el dibujante ha encuadrado, m\u00e1s que compuesto la b\u00e9lica haza\u00f1a, con un vertiginoso contrapicado: uno de aquellos con los que Leni Riefenstahl cantaba la gloria ol\u00edmpica de los cuerpos Danone.<br \/>\nNo lejos del tapiz, la ministra, con una generosidad rayana en la prodigalidad \u2013\u00abHaremos lo que nos dig\u00e1is, estamos a vuestra disposici\u00f3n\u00bb, dijo\u2013, se comprometi\u00f3 a dar toda la ayuda que sea necesaria para la organizaci\u00f3n del V Centenario de San Francisco Javier, acontecimiento cultural que nos ocupar\u00e1 durante todo el 2006. No sabe bien la ministra lo necesitados que estamos de esa ayuda y, a la vez, lo arriesgado que es ofrec\u00e9rnosla sin condiciones. El programa del V Centenario ya ha sido puesto en marcha \u2013incluso se ha destacando a una directora general para tal misi\u00f3n\u2013 y de momento contempla la celebraci\u00f3n de los siguientes actos: 1. Solemne apertura, con la presencia de intelectuales como el arzobispo Sebasti\u00e1n y, si Dios quiere, el propio Ratzinger. 2. Veneraci\u00f3n de las reliquias del santo, del 3 de marzo al 20 de abril. 3. Primera Javierada (nota para profanos: las javieradas son unas tradicionales romer\u00edas aut\u00f3ctonas instituidas poco antes del gran Congreso Eucar\u00edstico). 4. Segunda Javierada. 5. Reuni\u00f3n de personas llamadas Javier (\u00a1cuenten conmigo!). 6. Reuni\u00f3n de instituciones en cuyo nombre aparezca el de Javier\u2026 Podr\u00edamos seguir, pero dej\u00e9moslo.<br \/>\nDe haber tenido la suerte de encontrarme en el sofocante tumulto del fin semana con do\u00f1a Carmen Calvo, no hubiera dudado en decirle: \u00abSe\u00f1ora ministra, confiamos, no sabe c\u00f3mo, en que nos ayude con lo del V Centenario. Si la informaci\u00f3n que tenemos no es del todo err\u00f3nea, el de Javier estudi\u00f3 y ense\u00f1\u00f3 filosof\u00eda en Par\u00eds, en el preciso momento en que la Edad Media daba paso al Renacimiento. Conoci\u00f3 el erasmismo y se vio inmerso en los or\u00edgenes del humanismo. Viaj\u00f3 al otra lado del globo y particip\u00f3 en el primer intento de globalizaci\u00f3n. Parece que se inclinaba por la multiculturalidad. Fue cofundador de una sociedad que ense\u00f1\u00f3 ret\u00f3rica a Descartes, Moli\u00e8re y Voltaire. La misma sociedad que, en la \u00e9poca de los proyectos ut\u00f3picos, realiz\u00f3 el suyo en Paraguay. Mire usted si no hay tela cultural en todo esto. Y ya ve: cuanto se le ocurre a esa gente que la ha recibido junto al tapiz, es organizarnos otro gran congreso eucar\u00edstico. No sabe c\u00f3mo necesitamos su ayuda, se\u00f1ora ministra\u00bb.<\/p>\n","protected":false},"excerpt":{"rendered":"<p>La ministra de Cultura desembarc\u00f3 durante el tumultuoso fin de semana entre nosotros y qued\u00f3 gratamente sorprendida. No la vi personalmente, pero ya me hubiera gustado. Antes de quedar admirada por el igualitarismo de las fiestas pamplonesas, Carmen Calvo visit\u00f3 protocolariamente el Palacio foral. All\u00ed, junto al tapiz en el que un Sancho el Fuerte tit\u00e1nico, sobre su caballo encabritado, asesta el mazazo definitivo a las huestes del moro Miramamol\u00edn, le fue impuesto el cl\u00e1sico, sobrio, elegante e igualitario \u00abpa\u00f1uelico\u00bb sanferminero. El tapiz no data de los tiempos m\u00edticos de los primeros cruzados, sino que es de \u00e9poca un poco m\u00e1s reciente: los tiempos de aquel gran tumulto nacional-cat\u00f3lico que fue el gran Congreso Eucar\u00edstico de Pamplona (a\u00f1os 50). Lo m\u00e1s llamativo del tapiz es su car\u00e1cter  [&#8230;]<\/p>\n","protected":false},"author":82,"featured_media":0,"comment_status":"open","ping_status":"open","sticky":false,"template":"","format":"standard","meta":{"jetpack_post_was_ever_published":false,"_jetpack_newsletter_access":"","_jetpack_dont_email_post_to_subs":false,"_jetpack_newsletter_tier_id":0,"_jetpack_memberships_contains_paywalled_content":false,"_jetpack_memberships_contains_paid_content":false,"footnotes":"","jetpack_publicize_message":"","jetpack_publicize_feature_enabled":true,"jetpack_social_post_already_shared":false,"jetpack_social_options":{"image_generator_settings":{"template":"highway","default_image_id":0,"font":"","enabled":false},"version":2}},"categories":[3],"tags":[],"class_list":["post-7","post","type-post","status-publish","format-standard","hentry","category-na"],"jetpack_publicize_connections":[],"jetpack_featured_media_url":"","jetpack_shortlink":"https:\/\/wp.me\/p6kHv-7","jetpack_sharing_enabled":true,"jetpack-related-posts":[{"id":481,"url":"https:\/\/www.edder.org\/?p=481","url_meta":{"origin":7,"position":0},"title":"Los intocables","author":"Eder","date":"viernes, 25 Sep, 2009","format":false,"excerpt":"Aciertan los dos artistas que obtuvieron una de las becas del Centro Huarte de Arte Contempor\u00e1neo y que con su obra han tratado de indagar en los secretos del monumento a los Ca\u00eddos: probablemente ser\u00e1n censurados. Ser\u00e1n censurados, no porque su trabajo no vaya a verse aqu\u00ed, que se ver\u00e1,\u2026","rel":"","context":"En \u00abNA\u00bb","block_context":{"text":"NA","link":"https:\/\/www.edder.org\/?cat=3"},"img":{"alt_text":"","src":"","width":0,"height":0},"classes":[]},{"id":47751,"url":"https:\/\/www.edder.org\/?p=47751","url_meta":{"origin":7,"position":1},"title":"Javier Ib\u00e1\u00f1ez Huici (Pamplona, 1953-2026)","author":"Eder","date":"jueves, 5 Feb, 2026","format":false,"excerpt":"","rel":"","context":"En \u00abActualidades\u00bb","block_context":{"text":"Actualidades","link":"https:\/\/www.edder.org\/?cat=802"},"img":{"alt_text":"","src":"https:\/\/i0.wp.com\/www.edder.org\/upload\/2026\/02\/Screenshot-2026-02-05-at-12.58.07.png?resize=350%2C200&ssl=1","width":350,"height":200,"srcset":"https:\/\/i0.wp.com\/www.edder.org\/upload\/2026\/02\/Screenshot-2026-02-05-at-12.58.07.png?resize=350%2C200&ssl=1 1x, https:\/\/i0.wp.com\/www.edder.org\/upload\/2026\/02\/Screenshot-2026-02-05-at-12.58.07.png?resize=525%2C300&ssl=1 1.5x, https:\/\/i0.wp.com\/www.edder.org\/upload\/2026\/02\/Screenshot-2026-02-05-at-12.58.07.png?resize=700%2C400&ssl=1 2x, https:\/\/i0.wp.com\/www.edder.org\/upload\/2026\/02\/Screenshot-2026-02-05-at-12.58.07.png?resize=1050%2C600&ssl=1 3x"},"classes":[]},{"id":500,"url":"https:\/\/www.edder.org\/?p=500","url_meta":{"origin":7,"position":2},"title":"Velocidad","author":"Eder","date":"viernes, 30 Oct, 2009","format":false,"excerpt":"A los que nos tira m\u00e1s el Moliner que otros diccionarios\u2026 Y hablando de esa gran se\u00f1ora que fue Mar\u00eda Moliner: en alguno de sus civivox, el Ayuntamiento de Pamplona viene homenajeando durante esta semana a Mar\u00eda del Socorro Tellado L\u00f3pez, infinitamente m\u00e1s conocida como Cor\u00edn Tellado \u2013la ingenua porn\u00f3grafa,\u2026","rel":"","context":"En \u00abNA\u00bb","block_context":{"text":"NA","link":"https:\/\/www.edder.org\/?cat=3"},"img":{"alt_text":"","src":"","width":0,"height":0},"classes":[]},{"id":395,"url":"https:\/\/www.edder.org\/?p=395","url_meta":{"origin":7,"position":3},"title":"Pastel de lengua de alondra","author":"Eder","date":"viernes, 22 May, 2009","format":false,"excerpt":"","rel":"","context":"En \u00abNA\u00bb","block_context":{"text":"NA","link":"https:\/\/www.edder.org\/?cat=3"},"img":{"alt_text":"jamon","src":"https:\/\/i0.wp.com\/www.edder.org\/images\/jamon.gif?resize=350%2C200","width":350,"height":200},"classes":[]},{"id":11690,"url":"https:\/\/www.edder.org\/?p=11690","url_meta":{"origin":7,"position":4},"title":"Tiempos de estupidez y crueldad","author":"Eder","date":"viernes, 22 May, 2015","format":false,"excerpt":"\u00abSon tiempos de estupidez y crueldad (again and again), se\u00f1or can\u00f3nigo\u00bb. \u00a0","rel":"","context":"En \u00abCine\u00bb","block_context":{"text":"Cine","link":"https:\/\/www.edder.org\/?cat=79"},"img":{"alt_text":"","src":"https:\/\/i0.wp.com\/www.edder.org\/upload\/2015\/05\/mini.gif?resize=350%2C200&ssl=1","width":350,"height":200},"classes":[]},{"id":400,"url":"https:\/\/www.edder.org\/?p=400","url_meta":{"origin":7,"position":5},"title":"La cr\u00edtica de arte","author":"Eder","date":"viernes, 29 May, 2009","format":false,"excerpt":"","rel":"","context":"En \u00abNA\u00bb","block_context":{"text":"NA","link":"https:\/\/www.edder.org\/?cat=3"},"img":{"alt_text":"dn","src":"https:\/\/i0.wp.com\/www.edder.org\/images\/beuys.jpg?resize=350%2C200","width":350,"height":200,"srcset":"https:\/\/i0.wp.com\/www.edder.org\/images\/beuys.jpg?resize=350%2C200 1x, https:\/\/i0.wp.com\/www.edder.org\/images\/beuys.jpg?resize=525%2C300 1.5x, https:\/\/i0.wp.com\/www.edder.org\/images\/beuys.jpg?resize=700%2C400 2x"},"classes":[]}],"jetpack_likes_enabled":true,"_links":{"self":[{"href":"https:\/\/www.edder.org\/index.php?rest_route=\/wp\/v2\/posts\/7","targetHints":{"allow":["GET"]}}],"collection":[{"href":"https:\/\/www.edder.org\/index.php?rest_route=\/wp\/v2\/posts"}],"about":[{"href":"https:\/\/www.edder.org\/index.php?rest_route=\/wp\/v2\/types\/post"}],"author":[{"embeddable":true,"href":"https:\/\/www.edder.org\/index.php?rest_route=\/wp\/v2\/users\/82"}],"replies":[{"embeddable":true,"href":"https:\/\/www.edder.org\/index.php?rest_route=%2Fwp%2Fv2%2Fcomments&post=7"}],"version-history":[{"count":0,"href":"https:\/\/www.edder.org\/index.php?rest_route=\/wp\/v2\/posts\/7\/revisions"}],"wp:attachment":[{"href":"https:\/\/www.edder.org\/index.php?rest_route=%2Fwp%2Fv2%2Fmedia&parent=7"}],"wp:term":[{"taxonomy":"category","embeddable":true,"href":"https:\/\/www.edder.org\/index.php?rest_route=%2Fwp%2Fv2%2Fcategories&post=7"},{"taxonomy":"post_tag","embeddable":true,"href":"https:\/\/www.edder.org\/index.php?rest_route=%2Fwp%2Fv2%2Ftags&post=7"}],"curies":[{"name":"wp","href":"https:\/\/api.w.org\/{rel}","templated":true}]}}