{"id":693,"date":"2010-04-23T08:18:11","date_gmt":"2010-04-23T07:18:11","guid":{"rendered":"https:\/\/www.edder.org\/?p=693"},"modified":"2018-07-27T16:37:51","modified_gmt":"2018-07-27T14:37:51","slug":"hiyab-y-burka-hoy-y-aqui","status":"publish","type":"post","link":"https:\/\/www.edder.org\/?p=693","title":{"rendered":"\u2018Hiyab\u2019 y \u2018burka\u2019, hoy y aqu\u00ed"},"content":{"rendered":"<p>Cuando se vaya, echaremos de menos \u2013como ahora echamos de m\u00e1s\u2013 a ese gran estadista que es Miguel Sanz. Si Sanz anda de por medio, enti\u00e9ndase por estadista al incondicional del equipo que sin falta acude al estadio para sufrir lo que le echen y m\u00e1s. Pues en menos de lo que dura la alegr\u00eda de un osasunista y casi de la misma tacada, el otro d\u00eda ese fervoroso osasunista que es Sanz \u2013el mismo Sanz que la semana pasada afirmaba enf\u00e1tico, como un forofo, que las procesiones gubernamentales tras el arc\u00e1ngel San Miguel son un elemento constitutivo de la identidad navarra y que mientras de \u00e9l dependa, nos guste o no, el Gobierno ir\u00e1 tras el cl\u00e9rigo que pasea al arc\u00e1ngel del Ejecutivo al Legislativo\u2013, digo que Miguel Sanz se pronunci\u00f3 el otro d\u00eda en cuesti\u00f3n de minutos en contra del velo religioso llamado <em>hiyab<\/em> \u2013\u201cun agravio\u201d, declar\u00f3 en la radio, ya nos explicar\u00e1 por qu\u00e9 a quienes no vemos agravio ninguno en ese velo u otro parecido, lo lleve una colegiala isl\u00e1mica, una monja cat\u00f3lica o una parlamentaria budista\u2013 y todav\u00eda m\u00e1s a favor que de costumbre del fundamentalismo religioso \u2013\u00e9se s\u00ed que nocivo, en tanto que lesivo de derechos y por saber qu\u00e9 conviene moralmente a los dem\u00e1s\u2013 por el que el Gobierno navarro busca cuantos subterfugios se le ocurren para que en territorio foral y en materia del interrupci\u00f3n del embarazo ninguna mujer pueda llevar a efecto lo que la legislaci\u00f3n estatal le reconoce. En eso nuestro estadista no es nada estatista y sus gobiernos han burlado la ley con un <em>burka<\/em> de hecho que cubre de pies a cabeza el territorio foral: interrupciones del embarazo s\u00f3lo extramuros y con el billete pagado, si es que alguien se mete a reclamar derechos y gastos. La \u00faltima ocurrencia de nuestro estadista antiestatista es que ley del aborto es un contrafuero. As\u00ed ser\u00e1 si as\u00ed os lo parece y, sobre todo, si os lo consienten los desunidos opositores que hace rato vienen tolerando la imposici\u00f3n gubernamental de un <em>burka<\/em> de hecho por estos terrenos de juego.<\/p>\n<div class=\"fusion-fullwidth fullwidth-box fusion-builder-row-1 hundred-percent-fullwidth non-hundred-percent-height-scrolling\" style=\"--awb-border-radius-top-left:0px;--awb-border-radius-top-right:0px;--awb-border-radius-bottom-right:0px;--awb-border-radius-bottom-left:0px;--awb-overflow:visible;--awb-flex-wrap:wrap;\" ><div class=\"fusion-builder-row fusion-row\"><div class=\"fusion-layout-column fusion_builder_column fusion-builder-column-0 fusion_builder_column_1_1 1_1 fusion-one-full fusion-column-first fusion-column-last fusion-column-no-min-height\" style=\"--awb-bg-size:cover;--awb-margin-bottom:0px;\"><div class=\"fusion-column-wrapper fusion-flex-column-wrapper-legacy\"><div class=\"video-shortcode\"><iframe title=\"L\u00e1grimas en la oscuridad\" width=\"1200\" height=\"900\" src=\"https:\/\/www.youtube.com\/embed\/fKPOGGNreO0?feature=oembed\" frameborder=\"0\" allow=\"accelerometer; autoplay; clipboard-write; encrypted-media; gyroscope; picture-in-picture; web-share\" allowfullscreen><\/iframe><\/div>\n<p align=\"right\">Publicado en <a target=\"blank\" href=\"http:\/\/www.diariodenoticias.com\/opinion\/columnistas\/postal-expres\">Diario de Noticias<\/a><br \/>\n<img class=\"lazyload\" decoding=\"async\" align=\"right\" title=\"dn\" alt=\"dn\" src=\"data:image\/gif;base64,R0lGODlhAQABAAAAACH5BAEKAAEALAAAAAABAAEAAAICTAEAOw==\" data-orig-src=\"https:\/\/www.edder.org\/images\/dn.gif\" \/><\/p>\n<div class=\"fusion-clearfix\"><\/div><\/div><\/div><\/div><\/div>\n","protected":false},"excerpt":{"rendered":"<p>Cuando se vaya, echaremos de menos \u2013como ahora echamos de m\u00e1s\u2013 a ese gran estadista que es Miguel Sanz. Si Sanz anda de por medio, enti\u00e9ndase por estadista al incondicional del equipo que sin falta acude al estadio para sufrir lo que le echen y m\u00e1s. Pues en menos de lo que dura la alegr\u00eda de un osasunista y casi de la misma tacada, el otro d\u00eda ese fervoroso osasunista que es Sanz \u2013el mismo Sanz que la semana pasada afirmaba enf\u00e1tico, como un forofo, que las procesiones gubernamentales tras el arc\u00e1ngel San Miguel son un elemento constitutivo de la identidad navarra y que mientras de \u00e9l dependa, nos guste o no, el Gobierno ir\u00e1 tras el cl\u00e9rigo que pasea al arc\u00e1ngel del Ejecutivo al Legislativo\u2013, digo  [&#8230;]<\/p>\n","protected":false},"author":82,"featured_media":0,"comment_status":"open","ping_status":"open","sticky":false,"template":"","format":"standard","meta":{"jetpack_post_was_ever_published":false,"_jetpack_newsletter_access":"","_jetpack_dont_email_post_to_subs":false,"_jetpack_newsletter_tier_id":0,"_jetpack_memberships_contains_paywalled_content":false,"_jetpack_memberships_contains_paid_content":false,"footnotes":"","jetpack_publicize_message":"","jetpack_publicize_feature_enabled":true,"jetpack_social_post_already_shared":false,"jetpack_social_options":{"image_generator_settings":{"template":"highway","default_image_id":0,"font":"","enabled":false},"version":2}},"categories":[3,1],"tags":[],"class_list":["post-693","post","type-post","status-publish","format-standard","hentry","category-na","category-sin-categorizar"],"jetpack_publicize_connections":[],"jetpack_featured_media_url":"","jetpack_shortlink":"https:\/\/wp.me\/p6kHv-bb","jetpack_sharing_enabled":true,"jetpack-related-posts":[{"id":80,"url":"https:\/\/www.edder.org\/?p=80","url_meta":{"origin":693,"position":0},"title":"Las mentiras de los Sanz","author":"Eder","date":"viernes, 19 Ene, 2007","format":false,"excerpt":"Alguno de los Sanz miente. Alguno de los Sanz miente y no es Alejandro. O si Alejandro Sanz miente, all\u00e1 pel\u00edculas: el cantante no preside ning\u00fan gobierno auton\u00f3mico. Por su parte, parece m\u00e1s que comprobado que Miguel Sanz enton\u00f3 el pasado s\u00e1bado sentidas jotas de su repertorio en la localidad\u2026","rel":"","context":"En \u00abNA\u00bb","block_context":{"text":"NA","link":"https:\/\/www.edder.org\/?cat=3"},"img":{"alt_text":"","src":"","width":0,"height":0},"classes":[]},{"id":657,"url":"https:\/\/www.edder.org\/?p=657","url_meta":{"origin":693,"position":1},"title":"14 de abril, D\u00eda de la Rep\u00fablica","author":"Eder","date":"mi\u00e9rcoles, 14 Abr, 2010","format":false,"excerpt":"El Gobierno de Navarra, hoy, 14 de abril de 2010. Procesi\u00f3n y misa en el Palacio de Navarra, sede del Ejecutivo navarro: Noticia e im\u00e1genes de la NA-DA foral. Procesi\u00f3n y misa en el Parlamento de Navarra, sede del Legislativo navarro: Noticia e im\u00e1genes. En este momento no disponemos de\u2026","rel":"","context":"En \u00abNA\u00bb","block_context":{"text":"NA","link":"https:\/\/www.edder.org\/?cat=3"},"img":{"alt_text":"","src":"https:\/\/i0.wp.com\/www.edder.org\/upload\/2010\/04\/gobierno.gif?resize=350%2C200&ssl=1","width":350,"height":200},"classes":[]},{"id":174,"url":"https:\/\/www.edder.org\/?p=174","url_meta":{"origin":693,"position":2},"title":"Foralit\u00e9","author":"Eder","date":"viernes, 12 Sep, 2008","format":false,"excerpt":"Aprovechen que se acaban. Que se acaban los vodeviles y sainetes de ese Alfredo Landa hiperforal que es nuestro gran Miguel Sanz. Aunque previsible, la \u00faltima actuaci\u00f3n de nuestro hiperforal histri\u00f3n \u2013Sanz, no Landa, que Landa es hiperforal en el Reyno, superdonostiarra en San Sebasti\u00e1n y el padre fundador de\u2026","rel":"","context":"En \u00abNA\u00bb","block_context":{"text":"NA","link":"https:\/\/www.edder.org\/?cat=3"},"img":{"alt_text":"","src":"","width":0,"height":0},"classes":[]},{"id":35,"url":"https:\/\/www.edder.org\/?p=35","url_meta":{"origin":693,"position":3},"title":"El h\u00e1bito regener\u00f3 al monde","author":"Eder","date":"viernes, 6 Ene, 2006","format":false,"excerpt":"La desfachatez que ha llevado a Sanz \u2013Sanz Sesma\u2013 a interpretar la sentencia judicial por la que se anula la concesi\u00f3n de licencias de radio hecha en su d\u00eda por Sanz \u2013Sanz Barea\u2013 y Palacios como otro \u00e9xito del Gobierno de UPN \u2013otro m\u00e1s de la cascada incesante de \u00e9xitos\u2026","rel":"","context":"En \u00abNA\u00bb","block_context":{"text":"NA","link":"https:\/\/www.edder.org\/?cat=3"},"img":{"alt_text":"","src":"","width":0,"height":0},"classes":[]},{"id":93,"url":"https:\/\/www.edder.org\/?p=93","url_meta":{"origin":693,"position":4},"title":"La pertinaz sequ\u00eda","author":"Eder","date":"viernes, 30 Mar, 2007","format":false,"excerpt":"Ha habido en el \u00faltimo minuto una aut\u00e9ntica riada informativa sobre lo que cuesta un caf\u00e9. Por contra, cabe suponer que para compensar la riada, en esta tierra de secano seguimos con la pertinaz sequ\u00eda de noticias oficiales sobre el precio de la demostraci\u00f3n p\u00fablica de navarr\u00edsimo navarrismo organizada hace\u2026","rel":"","context":"En \u00abNA\u00bb","block_context":{"text":"NA","link":"https:\/\/www.edder.org\/?cat=3"},"img":{"alt_text":"","src":"","width":0,"height":0},"classes":[]},{"id":54,"url":"https:\/\/www.edder.org\/?p=54","url_meta":{"origin":693,"position":5},"title":"Erre que erre","author":"Eder","date":"viernes, 28 Abr, 2006","format":false,"excerpt":"","rel":"","context":"En \u00abNA\u00bb","block_context":{"text":"NA","link":"https:\/\/www.edder.org\/?cat=3"},"img":{"alt_text":"","src":"","width":0,"height":0},"classes":[]}],"jetpack_likes_enabled":true,"_links":{"self":[{"href":"https:\/\/www.edder.org\/index.php?rest_route=\/wp\/v2\/posts\/693","targetHints":{"allow":["GET"]}}],"collection":[{"href":"https:\/\/www.edder.org\/index.php?rest_route=\/wp\/v2\/posts"}],"about":[{"href":"https:\/\/www.edder.org\/index.php?rest_route=\/wp\/v2\/types\/post"}],"author":[{"embeddable":true,"href":"https:\/\/www.edder.org\/index.php?rest_route=\/wp\/v2\/users\/82"}],"replies":[{"embeddable":true,"href":"https:\/\/www.edder.org\/index.php?rest_route=%2Fwp%2Fv2%2Fcomments&post=693"}],"version-history":[{"count":0,"href":"https:\/\/www.edder.org\/index.php?rest_route=\/wp\/v2\/posts\/693\/revisions"}],"wp:attachment":[{"href":"https:\/\/www.edder.org\/index.php?rest_route=%2Fwp%2Fv2%2Fmedia&parent=693"}],"wp:term":[{"taxonomy":"category","embeddable":true,"href":"https:\/\/www.edder.org\/index.php?rest_route=%2Fwp%2Fv2%2Fcategories&post=693"},{"taxonomy":"post_tag","embeddable":true,"href":"https:\/\/www.edder.org\/index.php?rest_route=%2Fwp%2Fv2%2Ftags&post=693"}],"curies":[{"name":"wp","href":"https:\/\/api.w.org\/{rel}","templated":true}]}}