{"id":69,"date":"2006-11-03T09:29:47","date_gmt":"2006-11-03T07:29:47","guid":{"rendered":"https:\/\/www.edder.org\/?p=69"},"modified":"2018-07-27T16:38:34","modified_gmt":"2018-07-27T14:38:34","slug":"en-sus-trece","status":"publish","type":"post","link":"https:\/\/www.edder.org\/?p=69","title":{"rendered":"En sus trece"},"content":{"rendered":"<p>Si la hay, la oposici\u00f3n debe apresurarse a solicitar el inmediato ingreso del portavoz del Gobierno en el patronato de la Fundaci\u00f3n Arte Viva. En tan molusca fundaci\u00f3n, iba a estar en su salsa y en la m\u00e1s grata de las compa\u00f1\u00edas. La higa ???no de Monreal, sino el desprecio, el desd\u00e9n??? que el portavoz del Gobierno lanz\u00f3 el lunes pasado al \u00f3rgano fiscalizador de cuentas del <em>Reyno<\/em> ???por reconvenir \u00e9ste muy t\u00edmidamente la pol\u00edtica de un departamento gubernamental???, no estuvo bien. El \u00absostenella y no enmendalla\u00bb del mi\u00e9rcoles, fue peor; pas\u00f3 de casta\u00f1o oscuro. Lanzarle una higa al fiscal de cuentas, intentar desacreditar sin mayores argumentos un informe del \u00f3rgano que dicho fiscal preside, puede ser tomado, sin m\u00e1s, como la pol\u00edtica del calamar: el Gobierno ???dentro de su concha??? tiene su corazoncito, le duele la cr\u00edtica y su primer instinto es lanzar tinta, jugar al despiste como el molusco. Persistir en el error, \u00absostenella y no enmendalla\u00bb dos d\u00edas despu\u00e9s ???otra vez sin argumentos, pruebas o razones que desdigan lo dicho por el informe del \u00f3rgano fiscalizador???, hay que tomarlo como algo peor: como la costumbre, cr\u00f3nica en el Gobierno al que Alberto Catal\u00e1n pone voz, de deso\u00edr toda censura o reconvenci\u00f3n de cualquier organismo dedicado al control del poder ???sea juez, representante soberano o fiscal de cuentas???, para despu\u00e9s de actuar como el calamar, buscarle al asunto la vuelta administrativa y seguir por donde sol\u00eda. Que la voz del Gobierno siga en sus trece, confirma el car\u00e1cter crust\u00e1ceo de la cosa p\u00fablica en el muy oportunamente llamado <em>Reyno<\/em>. Oportunamente, por lo que el t\u00e9rmino tiene de at\u00e1vico, como el r\u00e9gimen pol\u00edtico de cosas impuesto por un Ejecutivo desde\u00f1oso de todo mecanismo de control. Y dada la probada inutilidad de censurar al Ejecutivo por medio de cualquier \u00f3rgano pensado para fiscalizar su labor, la oposici\u00f3n podr\u00eda solicitar el inmediato ingreso del portavoz en el patronato de alguna fundaci\u00f3n del m\u00e1ximo prestigio molusco.<\/p>\n<div align=\"right\">Publicado en <a target=\"blank\" href=\"http:\/\/www.noticiasdenavarra.com\/ediciones\/2006\/11\/03\/opinion\/contra.php\">Diario de Noticias<\/a><img class=\"lazyload\" decoding=\"async\" align=\"right\" title=\"dn\" alt=\"dn\" src=\"data:image\/gif;base64,R0lGODlhAQABAAAAACH5BAEKAAEALAAAAAABAAEAAAICTAEAOw==\" data-orig-src=\"https:\/\/www.edder.org\/images\/dn.gif\" \/><\/div>\n","protected":false},"excerpt":{"rendered":"<p>Si la hay, la oposici\u00f3n debe apresurarse a solicitar el inmediato ingreso del portavoz del Gobierno en el patronato de la Fundaci\u00f3n Arte Viva. En tan molusca fundaci\u00f3n, iba a estar en su salsa y en la m\u00e1s grata de las compa\u00f1\u00edas. La higa ???no de Monreal, sino el desprecio, el desd\u00e9n??? que el portavoz del Gobierno lanz\u00f3 el lunes pasado al \u00f3rgano fiscalizador de cuentas del Reyno ???por reconvenir \u00e9ste muy t\u00edmidamente la pol\u00edtica de un departamento gubernamental???, no estuvo bien. El \u00absostenella y no enmendalla\u00bb del mi\u00e9rcoles, fue peor; pas\u00f3 de casta\u00f1o oscuro. Lanzarle una higa al fiscal de cuentas, intentar desacreditar sin mayores argumentos un informe del \u00f3rgano que dicho fiscal preside, puede ser tomado, sin m\u00e1s, como la pol\u00edtica del calamar: el Gobierno  [&#8230;]<\/p>\n","protected":false},"author":82,"featured_media":0,"comment_status":"open","ping_status":"open","sticky":false,"template":"","format":"standard","meta":{"jetpack_post_was_ever_published":false,"_jetpack_newsletter_access":"","_jetpack_dont_email_post_to_subs":false,"_jetpack_newsletter_tier_id":0,"_jetpack_memberships_contains_paywalled_content":false,"_jetpack_memberships_contains_paid_content":false,"footnotes":"","jetpack_publicize_message":"","jetpack_publicize_feature_enabled":true,"jetpack_social_post_already_shared":false,"jetpack_social_options":{"image_generator_settings":{"template":"highway","default_image_id":0,"font":"","enabled":false},"version":2}},"categories":[3],"tags":[],"class_list":["post-69","post","type-post","status-publish","format-standard","hentry","category-na"],"jetpack_publicize_connections":[],"jetpack_featured_media_url":"","jetpack_shortlink":"https:\/\/wp.me\/p6kHv-17","jetpack_sharing_enabled":true,"jetpack-related-posts":[{"id":11671,"url":"https:\/\/www.edder.org\/?p=11671","url_meta":{"origin":69,"position":0},"title":"Dietista incombustible encomia la honestidad ajena","author":"Eder","date":"viernes, 15 May, 2015","format":false,"excerpt":"S\u00e1nchez de Muni\u00e1in, portavoz del Gobierno de Navarra y candidato de Uni\u00f3n del Pueblo Navarro (UPN) hace el encomio de la \u00e9tica y la honestidad:","rel":"","context":"En \u00abSin categorizar\u00bb","block_context":{"text":"Sin categorizar","link":"https:\/\/www.edder.org\/?cat=1"},"img":{"alt_text":"","src":"https:\/\/i0.wp.com\/www.edder.org\/upload\/2015\/05\/Screen-Shot-2015-05-15-at-16.51.49.png?resize=350%2C200&ssl=1","width":350,"height":200,"srcset":"https:\/\/i0.wp.com\/www.edder.org\/upload\/2015\/05\/Screen-Shot-2015-05-15-at-16.51.49.png?resize=350%2C200&ssl=1 1x, https:\/\/i0.wp.com\/www.edder.org\/upload\/2015\/05\/Screen-Shot-2015-05-15-at-16.51.49.png?resize=525%2C300&ssl=1 1.5x"},"classes":[]},{"id":5,"url":"https:\/\/www.edder.org\/?p=5","url_meta":{"origin":69,"position":1},"title":"Embajadores del Reyno","author":"Eder","date":"domingo, 25 Sep, 2005","format":false,"excerpt":"En la ma\u00f1ana del pasado martes 5 de julio se verific\u00f3 la primera mala cornada de los corrientes sanfermines. En efecto, esa ma\u00f1ana los peri\u00f3dicos informaban sucinta, escuetamente, de que el delegado del Gobierno de Navarra en Madrid, m\u00e1s popularmente conocido como el Se\u00f1or Embajador Plenipotenciario del Reyno","rel":"","context":"En \u00abNA\u00bb","block_context":{"text":"NA","link":"https:\/\/www.edder.org\/?cat=3"},"img":{"alt_text":"","src":"","width":0,"height":0},"classes":[]},{"id":48050,"url":"https:\/\/www.edder.org\/?p=48050","url_meta":{"origin":69,"position":2},"title":"El Pent\u00e1gono proh\u00edbe hacer fotos desfavorecedoras de su portavoz b\u00e9lico","author":"Eder","date":"jueves, 12 Mar, 2026","format":false,"excerpt":"","rel":"","context":"En \u00abActualidades\u00bb","block_context":{"text":"Actualidades","link":"https:\/\/www.edder.org\/?cat=802"},"img":{"alt_text":"","src":"https:\/\/i0.wp.com\/www.edder.org\/upload\/2026\/03\/Screenshot-2026-03-09-at-19.11.44-1.png?resize=350%2C200&ssl=1","width":350,"height":200,"srcset":"https:\/\/i0.wp.com\/www.edder.org\/upload\/2026\/03\/Screenshot-2026-03-09-at-19.11.44-1.png?resize=350%2C200&ssl=1 1x, https:\/\/i0.wp.com\/www.edder.org\/upload\/2026\/03\/Screenshot-2026-03-09-at-19.11.44-1.png?resize=525%2C300&ssl=1 1.5x, https:\/\/i0.wp.com\/www.edder.org\/upload\/2026\/03\/Screenshot-2026-03-09-at-19.11.44-1.png?resize=700%2C400&ssl=1 2x, https:\/\/i0.wp.com\/www.edder.org\/upload\/2026\/03\/Screenshot-2026-03-09-at-19.11.44-1.png?resize=1050%2C600&ssl=1 3x"},"classes":[]},{"id":12626,"url":"https:\/\/www.edder.org\/?p=12626","url_meta":{"origin":69,"position":3},"title":"\u00a1Tomad quina Santa Cope\u00edna!","author":"Eder","date":"viernes, 4 Dic, 2015","format":false,"excerpt":"\u00bfQuer\u00edamos laicismo? \u00a1Pues tomemos del frasco y por partida doble! El Gobierno navarro bandeando y en la procesi\u00f3n en el d\u00eda del santo patr\u00f3n. En la misa de Javier \u2013all\u00e1 fueron raudos los consejeros de Cultura y Derechos Sociales\u2013, como es sacrosanta tradici\u00f3n desde lo menos la transici\u00f3n, y en\u2026","rel":"","context":"En \u00abNA\u00bb","block_context":{"text":"NA","link":"https:\/\/www.edder.org\/?cat=3"},"img":{"alt_text":"","src":"https:\/\/i0.wp.com\/www.edder.org\/upload\/2015\/12\/ima1.jpg?resize=350%2C200&ssl=1","width":350,"height":200},"classes":[]},{"id":433,"url":"https:\/\/www.edder.org\/?p=433","url_meta":{"origin":69,"position":4},"title":"Yes, they Can","author":"Eder","date":"viernes, 26 Jun, 2009","format":false,"excerpt":"Yes, they Can, o lo que es mismo: Sanz y Barcina seguir\u00e1n estando en la Can cuando el \u00faltimo pol\u00edtico que se vaya de Caja Navarra cierre la puerta. Es m\u00e1s: Sanz estar\u00eda en las altas esferas de Caja Navarra incluso en el poco veros\u00edmil supuesto de que hoy mismo\u2026","rel":"","context":"En \u00abNA\u00bb","block_context":{"text":"NA","link":"https:\/\/www.edder.org\/?cat=3"},"img":{"alt_text":"","src":"","width":0,"height":0},"classes":[]},{"id":483,"url":"https:\/\/www.edder.org\/?p=483","url_meta":{"origin":69,"position":5},"title":"\u00a1Alonso, Alonso, Alonso!","author":"Eder","date":"viernes, 2 Oct, 2009","format":false,"excerpt":"Porque existe Google, que si no, no me hubiera acordado del nombre de aquel delegado del Gobierno tan din\u00e1mico que organizaba patri\u00f3ticas juras de bandera con nuestras arquistars. Arquistars quiere decir estrellas del firmamento arquitect\u00f3nico. Nuestras arquistars cab\u00edan casi todas juntas en una jura de bandera de las que organizaba\u2026","rel":"","context":"En \u00abNA\u00bb","block_context":{"text":"NA","link":"https:\/\/www.edder.org\/?cat=3"},"img":{"alt_text":"","src":"","width":0,"height":0},"classes":[]}],"jetpack_likes_enabled":true,"_links":{"self":[{"href":"https:\/\/www.edder.org\/index.php?rest_route=\/wp\/v2\/posts\/69","targetHints":{"allow":["GET"]}}],"collection":[{"href":"https:\/\/www.edder.org\/index.php?rest_route=\/wp\/v2\/posts"}],"about":[{"href":"https:\/\/www.edder.org\/index.php?rest_route=\/wp\/v2\/types\/post"}],"author":[{"embeddable":true,"href":"https:\/\/www.edder.org\/index.php?rest_route=\/wp\/v2\/users\/82"}],"replies":[{"embeddable":true,"href":"https:\/\/www.edder.org\/index.php?rest_route=%2Fwp%2Fv2%2Fcomments&post=69"}],"version-history":[{"count":0,"href":"https:\/\/www.edder.org\/index.php?rest_route=\/wp\/v2\/posts\/69\/revisions"}],"wp:attachment":[{"href":"https:\/\/www.edder.org\/index.php?rest_route=%2Fwp%2Fv2%2Fmedia&parent=69"}],"wp:term":[{"taxonomy":"category","embeddable":true,"href":"https:\/\/www.edder.org\/index.php?rest_route=%2Fwp%2Fv2%2Fcategories&post=69"},{"taxonomy":"post_tag","embeddable":true,"href":"https:\/\/www.edder.org\/index.php?rest_route=%2Fwp%2Fv2%2Ftags&post=69"}],"curies":[{"name":"wp","href":"https:\/\/api.w.org\/{rel}","templated":true}]}}