{"id":68,"date":"2006-10-27T01:03:25","date_gmt":"2006-10-26T23:03:25","guid":{"rendered":"https:\/\/www.edder.org\/?p=68"},"modified":"2018-07-27T16:38:34","modified_gmt":"2018-07-27T14:38:34","slug":"frenesi","status":"publish","type":"post","link":"https:\/\/www.edder.org\/?p=68","title":{"rendered":"Frenes\u00ed"},"content":{"rendered":"<p>Trepidante actividad cultural a lo largo y ancho de toda la semana. Mediada esa unidad temporal de siete d\u00edas naturales consecutivos, el arriba firmante reconoce haber perdido la cuenta de la ingente cantidad de estrenos, inauguraciones y puestas de largo habidas durante lo que va de semana en el <em>Reyno<\/em> uno, el <em>Reyno<\/em> grande y el <em>Reyno<\/em> muy diverso. De entre los estrenos, el cronista que firma estas l\u00edneas recuerda el de una pasarela peatonal, a la que se accede por una infinita escalera de caracol que en sus d\u00edas de preestreno viene acabando con el resuello y la paciencia de los jubilados. Entre las inauguraciones cabe destacar la de otro centro de salud que a buen seguro contribuir\u00e1 a aumentar la longitud de las de por s\u00ed inextinguibles colas de la asistencia sanitaria especializada. C\u00f3mo no rese\u00f1ar la puesta de largo de la semana: \u00e9sa en la que una serie de dandis de la pol\u00edtica se enfundaron, por encima de la americana, la camiseta electoral de la pr\u00f3xima campa\u00f1a y sonrieron elegantemente a la c\u00e1mara. Con particular ilusi\u00f3n, el cronista recuerda la reuni\u00f3n ???al m\u00e1s alto nivel intelectual??? celebrada en la Ribera del Ebro a fin de reinventar no se sabe bien qu\u00e9, pero ya se ir\u00e1 perfilando con los siglos: si una nueva provincia romana que tenga al Ebro por calzada, o si una fantas\u00eda futurista a la que Mario Gaviria ya ha puesto un nombre digno de hab\u00e9rsele ocurrido a Fritz Lang: Ebr\u00f3lica. Por si tan trepidante actividad cultural fuera poca, el fin de semana promete. Promete las delicias de una nueva edici\u00f3n del rastrillo de Nuevo Futuro, por cuya pasarela desfilar\u00e1 a no dudarlo la crema y nata de nuestra vida social: los protagonistas de los estrenos, inauguraciones, puestas de largo y dem\u00e1s promociones. Esperemos que a la cita no falte Monse\u00f1or. Esperemos que las ???jornadas de cat\u00f3licos y vida p\u00fablica??? que se abren este viernes, como brillante broche de oro a la trepidante semana cultural ???dentro de este fren\u00e9tico a\u00f1o santo y preelectoral??? no se lo impidan.<\/p>\n<div align=\"right\">Publicado en <a target=\"blank\" href=\"http:\/\/www.noticiasdenavarra.com\/ediciones\/2006\/10\/27\/opinion\/contra.php\">Diario de Noticias<\/a><img class=\"lazyload\" decoding=\"async\" align=\"right\" title=\"dn\" alt=\"dn\" src=\"data:image\/gif;base64,R0lGODlhAQABAAAAACH5BAEKAAEALAAAAAABAAEAAAICTAEAOw==\" data-orig-src=\"https:\/\/www.edder.org\/images\/dn.gif\" \/><\/div>\n","protected":false},"excerpt":{"rendered":"<p>Trepidante actividad cultural a lo largo y ancho de toda la semana. Mediada esa unidad temporal de siete d\u00edas naturales consecutivos, el arriba firmante reconoce haber perdido la cuenta de la ingente cantidad de estrenos, inauguraciones y puestas de largo habidas durante lo que va de semana en el Reyno uno, el Reyno grande y el Reyno muy diverso. De entre los estrenos, el cronista que firma estas l\u00edneas recuerda el de una pasarela peatonal, a la que se accede por una infinita escalera de caracol que en sus d\u00edas de preestreno viene acabando con el resuello y la paciencia de los jubilados. Entre las inauguraciones cabe destacar la de otro centro de salud que a buen seguro contribuir\u00e1 a aumentar la longitud de las de por  [&#8230;]<\/p>\n","protected":false},"author":82,"featured_media":0,"comment_status":"open","ping_status":"open","sticky":false,"template":"","format":"standard","meta":{"jetpack_post_was_ever_published":false,"_jetpack_newsletter_access":"","_jetpack_dont_email_post_to_subs":false,"_jetpack_newsletter_tier_id":0,"_jetpack_memberships_contains_paywalled_content":false,"_jetpack_memberships_contains_paid_content":false,"footnotes":"","jetpack_publicize_message":"","jetpack_publicize_feature_enabled":true,"jetpack_social_post_already_shared":false,"jetpack_social_options":{"image_generator_settings":{"template":"highway","default_image_id":0,"font":"","enabled":false},"version":2}},"categories":[3],"tags":[],"class_list":["post-68","post","type-post","status-publish","format-standard","hentry","category-na"],"jetpack_publicize_connections":[],"jetpack_featured_media_url":"","jetpack_shortlink":"https:\/\/wp.me\/s6kHv-frenesi","jetpack_sharing_enabled":true,"jetpack-related-posts":[{"id":327,"url":"https:\/\/www.edder.org\/?p=327","url_meta":{"origin":68,"position":0},"title":"Alcanfor","author":"Eder","date":"viernes, 20 Mar, 2009","format":false,"excerpt":"Trepidante actividad cultural en la arena \u2013pron\u00fanciese \u2018harina\u2019\u2013 del Reyno. Trepidante actividad cultural ante la inminencia de la Semana Santa y con el 2016 a la vuelta de la esquina. Javieradas aparte, trepidante actividad cultural en el reyno viejo; reino que, como dijera Pem\u00e1n \u2013el poeta del R\u00e9gimen que por\u2026","rel":"","context":"En \u00abNA\u00bb","block_context":{"text":"NA","link":"https:\/\/www.edder.org\/?cat=3"},"img":{"alt_text":"","src":"","width":0,"height":0},"classes":[]},{"id":145,"url":"https:\/\/www.edder.org\/?p=145","url_meta":{"origin":68,"position":1},"title":"Cuando \u00e9ramos \u201creyno\u201d","author":"Eder","date":"viernes, 11 Abr, 2008","format":false,"excerpt":"","rel":"","context":"En \u00abNA\u00bb","block_context":{"text":"NA","link":"https:\/\/www.edder.org\/?cat=3"},"img":{"alt_text":"","src":"","width":0,"height":0},"classes":[]},{"id":72,"url":"https:\/\/www.edder.org\/?p=72","url_meta":{"origin":68,"position":2},"title":"D\u00edas de vino y rosas","author":"Eder","date":"viernes, 24 Nov, 2006","format":false,"excerpt":"Brindemos, el Reyno goza desde ayer de nuevo Bodeguero Mayor, para regocijo de la ciudadan\u00eda toda. Y ayer fue precisamente cuando Miguel Sanz, ese orador que maneja la sintaxis como una azada de Dem\u00f3stenes, dijo lo de que ???hay que estar en un estado et\u00edlico alto para decir que???, etc.,\u2026","rel":"","context":"En \u00abNA\u00bb","block_context":{"text":"NA","link":"https:\/\/www.edder.org\/?cat=3"},"img":{"alt_text":"","src":"","width":0,"height":0},"classes":[]},{"id":28,"url":"https:\/\/www.edder.org\/?p=28","url_meta":{"origin":68,"position":3},"title":"\u00bfCentenario? \u00a1Terry!","author":"Eder","date":"viernes, 25 Nov, 2005","format":false,"excerpt":"Y la directora del Instituto Navarro de la Mujer, \u00bfqu\u00e9 dice de ese anuncio de los tintos del Reyno, en el que de la trasera de un sof\u00e1 emergen las piernas de una mujer desvestida, sobre la que yace un ejecutivo descorbatado? \u00bfNada que declarar? Pues va a ser que\u2026","rel":"","context":"En \u00abNA\u00bb","block_context":{"text":"NA","link":"https:\/\/www.edder.org\/?cat=3"},"img":{"alt_text":"","src":"","width":0,"height":0},"classes":[]},{"id":5,"url":"https:\/\/www.edder.org\/?p=5","url_meta":{"origin":68,"position":4},"title":"Embajadores del Reyno","author":"Eder","date":"domingo, 25 Sep, 2005","format":false,"excerpt":"En la ma\u00f1ana del pasado martes 5 de julio se verific\u00f3 la primera mala cornada de los corrientes sanfermines. En efecto, esa ma\u00f1ana los peri\u00f3dicos informaban sucinta, escuetamente, de que el delegado del Gobierno de Navarra en Madrid, m\u00e1s popularmente conocido como el Se\u00f1or Embajador Plenipotenciario del Reyno","rel":"","context":"En \u00abNA\u00bb","block_context":{"text":"NA","link":"https:\/\/www.edder.org\/?cat=3"},"img":{"alt_text":"","src":"","width":0,"height":0},"classes":[]},{"id":214,"url":"https:\/\/www.edder.org\/?p=214","url_meta":{"origin":68,"position":5},"title":"Para una galer\u00eda de \u201cricos hommes del Reyno\u201d","author":"Eder","date":"viernes, 26 Dic, 2008","format":false,"excerpt":"","rel":"","context":"En \u00abNA\u00bb","block_context":{"text":"NA","link":"https:\/\/www.edder.org\/?cat=3"},"img":{"alt_text":"","src":"","width":0,"height":0},"classes":[]}],"jetpack_likes_enabled":true,"_links":{"self":[{"href":"https:\/\/www.edder.org\/index.php?rest_route=\/wp\/v2\/posts\/68","targetHints":{"allow":["GET"]}}],"collection":[{"href":"https:\/\/www.edder.org\/index.php?rest_route=\/wp\/v2\/posts"}],"about":[{"href":"https:\/\/www.edder.org\/index.php?rest_route=\/wp\/v2\/types\/post"}],"author":[{"embeddable":true,"href":"https:\/\/www.edder.org\/index.php?rest_route=\/wp\/v2\/users\/82"}],"replies":[{"embeddable":true,"href":"https:\/\/www.edder.org\/index.php?rest_route=%2Fwp%2Fv2%2Fcomments&post=68"}],"version-history":[{"count":0,"href":"https:\/\/www.edder.org\/index.php?rest_route=\/wp\/v2\/posts\/68\/revisions"}],"wp:attachment":[{"href":"https:\/\/www.edder.org\/index.php?rest_route=%2Fwp%2Fv2%2Fmedia&parent=68"}],"wp:term":[{"taxonomy":"category","embeddable":true,"href":"https:\/\/www.edder.org\/index.php?rest_route=%2Fwp%2Fv2%2Fcategories&post=68"},{"taxonomy":"post_tag","embeddable":true,"href":"https:\/\/www.edder.org\/index.php?rest_route=%2Fwp%2Fv2%2Ftags&post=68"}],"curies":[{"name":"wp","href":"https:\/\/api.w.org\/{rel}","templated":true}]}}