{"id":676,"date":"2010-04-17T13:26:08","date_gmt":"2010-04-17T12:26:08","guid":{"rendered":"https:\/\/www.edder.org\/?p=676"},"modified":"2018-07-27T16:37:51","modified_gmt":"2018-07-27T14:37:51","slug":"bienvenidos-el-gobernador","status":"publish","type":"post","link":"https:\/\/www.edder.org\/?p=676","title":{"rendered":"Bienvenidos (el Gobernador)"},"content":{"rendered":"<p><img class=\"lazyload\" decoding=\"async\" align=\"center\" title=\"aralar\" alt=\"aralar\" src=\"data:image\/gif;base64,R0lGODlhAQABAAAAACH5BAEKAAEALAAAAAABAAEAAAICTAEAOw==\" data-orig-src=\"https:\/\/www.edder.org\/images\/alabama_beautiful.gif\" \/><br \/>\nBienvenidos a Alabama la Bella. Firmado: el Gobernador.<\/p>\n","protected":false},"excerpt":{"rendered":"<p>Bienvenidos a Alabama la Bella. Firmado: el Gobernador.<\/p>\n","protected":false},"author":82,"featured_media":0,"comment_status":"open","ping_status":"open","sticky":false,"template":"","format":"standard","meta":{"jetpack_post_was_ever_published":false,"_jetpack_newsletter_access":"","_jetpack_dont_email_post_to_subs":false,"_jetpack_newsletter_tier_id":0,"_jetpack_memberships_contains_paywalled_content":false,"_jetpack_memberships_contains_paid_content":false,"footnotes":"","jetpack_publicize_message":"","jetpack_publicize_feature_enabled":true,"jetpack_social_post_already_shared":false,"jetpack_social_options":{"image_generator_settings":{"template":"highway","default_image_id":0,"font":"","enabled":false},"version":2}},"categories":[1],"tags":[],"class_list":["post-676","post","type-post","status-publish","format-standard","hentry","category-sin-categorizar"],"jetpack_publicize_connections":[],"jetpack_featured_media_url":"","jetpack_shortlink":"https:\/\/wp.me\/p6kHv-aU","jetpack_sharing_enabled":true,"jetpack-related-posts":[{"id":2310,"url":"https:\/\/www.edder.org\/?p=2310","url_meta":{"origin":676,"position":0},"title":"Contra el olvido y la impunidad","author":"Eder","date":"martes, 7 Feb, 2012","format":false,"excerpt":"\u00a0 Firma contra el olvido y la impunidad aqu\u00ed.","rel":"","context":"En \u00abNA\u00bb","block_context":{"text":"NA","link":"https:\/\/www.edder.org\/?cat=3"},"img":{"alt_text":"","src":"https:\/\/i0.wp.com\/edder.org\/images\/olvido.jpg?resize=350%2C200","width":350,"height":200},"classes":[]},{"id":11844,"url":"https:\/\/www.edder.org\/?p=11844","url_meta":{"origin":676,"position":1},"title":"Grecia: el agotador combate contra la hidra","author":"Eder","date":"mi\u00e9rcoles, 8 Jul, 2015","format":false,"excerpt":"El agotador combate contra la hidra, mostruoso animal al que no le faltan cabezas espa\u00f1olas, todas ellas muy groseras:","rel":"","context":"En \u00abSin categorizar\u00bb","block_context":{"text":"Sin categorizar","link":"https:\/\/www.edder.org\/?cat=1"},"img":{"alt_text":"","src":"https:\/\/i0.wp.com\/www.edder.org\/upload\/2015\/07\/hidra2.jpg?resize=350%2C200&ssl=1","width":350,"height":200,"srcset":"https:\/\/i0.wp.com\/www.edder.org\/upload\/2015\/07\/hidra2.jpg?resize=350%2C200&ssl=1 1x, https:\/\/i0.wp.com\/www.edder.org\/upload\/2015\/07\/hidra2.jpg?resize=525%2C300&ssl=1 1.5x"},"classes":[]},{"id":3993,"url":"https:\/\/www.edder.org\/?p=3993","url_meta":{"origin":676,"position":2},"title":"S.P.Q.R. (versi\u00f3n espa\u00f1ola)","author":"Eder","date":"jueves, 25 Dic, 2014","format":false,"excerpt":"El senado pu\u00f1os arriba: \u00a0 Y el pueblo con la Roma:","rel":"","context":"En \u00abCine\u00bb","block_context":{"text":"Cine","link":"https:\/\/www.edder.org\/?cat=79"},"img":{"alt_text":"","src":"https:\/\/i0.wp.com\/edder.org\/images\/forza_italia.jpg?resize=350%2C200","width":350,"height":200,"srcset":"https:\/\/i0.wp.com\/edder.org\/images\/forza_italia.jpg?resize=350%2C200 1x, https:\/\/i0.wp.com\/edder.org\/images\/forza_italia.jpg?resize=525%2C300 1.5x"},"classes":[]},{"id":13108,"url":"https:\/\/www.edder.org\/?p=13108","url_meta":{"origin":676,"position":3},"title":"Cuelgamuros: turismo para nazis","author":"Eder","date":"mi\u00e9rcoles, 20 Jul, 2016","format":false,"excerpt":"Metraje sobrante de la pel\u00edcula de G\u00fcnter Schwaiger Hafner Paradise (El para\u00edso de Hafner). El SS Paul Hafner, refugiado en la Espa\u00f1a de Franco (para\u00edso para nazis), en la Espa\u00f1a de la Transici\u00f3n y en la Espa\u00f1a de la posterior partitocracia, gira visita tur\u00edstica a Cuelgamuros: \u00a0 Lectura adicional: Dinamitar\u2026","rel":"","context":"En \u00abSin categorizar\u00bb","block_context":{"text":"Sin categorizar","link":"https:\/\/www.edder.org\/?cat=1"},"img":{"alt_text":"","src":"https:\/\/i0.wp.com\/www.edder.org\/upload\/2016\/07\/cuelga.jpg?resize=350%2C200&ssl=1","width":350,"height":200},"classes":[]},{"id":3520,"url":"https:\/\/www.edder.org\/?p=3520","url_meta":{"origin":676,"position":4},"title":"Cardenales. Algo as\u00ed como Espa\u00f1a ayer y hoy","author":"Eder","date":"martes, 28 Ene, 2014","format":false,"excerpt":"1937: el cardenal Ilund\u00e1in en el centro de la imagen. A su diestra, los generales golpistas Franco y Queipo de Llano. \u00a0 \u00a0 2014: callejero de Pamplona:","rel":"","context":"En \u00abSin categorizar\u00bb","block_context":{"text":"Sin categorizar","link":"https:\/\/www.edder.org\/?cat=1"},"img":{"alt_text":"","src":"https:\/\/i0.wp.com\/edder.org\/images\/cardenal.jpg?resize=350%2C200","width":350,"height":200},"classes":[]},{"id":1895,"url":"https:\/\/www.edder.org\/?p=1895","url_meta":{"origin":676,"position":5},"title":"\u00daltimas balas","author":"Eder","date":"martes, 24 May, 2011","format":false,"excerpt":"Irun, primeros d\u00edas de septiembre de 1936. \u00daltimas balas de dos leales a la Rep\u00fablica en el intento del frenar el avance de los facciosos navarros armados por Mussolini. \u00a0","rel":"","context":"En \u00abNA\u00bb","block_context":{"text":"NA","link":"https:\/\/www.edder.org\/?cat=3"},"img":{"alt_text":"Ir\u00fan","src":"https:\/\/i0.wp.com\/edder.org\/images\/irun.jpg?resize=350%2C200","width":350,"height":200,"srcset":"https:\/\/i0.wp.com\/edder.org\/images\/irun.jpg?resize=350%2C200 1x, https:\/\/i0.wp.com\/edder.org\/images\/irun.jpg?resize=525%2C300 1.5x"},"classes":[]}],"jetpack_likes_enabled":true,"_links":{"self":[{"href":"https:\/\/www.edder.org\/index.php?rest_route=\/wp\/v2\/posts\/676","targetHints":{"allow":["GET"]}}],"collection":[{"href":"https:\/\/www.edder.org\/index.php?rest_route=\/wp\/v2\/posts"}],"about":[{"href":"https:\/\/www.edder.org\/index.php?rest_route=\/wp\/v2\/types\/post"}],"author":[{"embeddable":true,"href":"https:\/\/www.edder.org\/index.php?rest_route=\/wp\/v2\/users\/82"}],"replies":[{"embeddable":true,"href":"https:\/\/www.edder.org\/index.php?rest_route=%2Fwp%2Fv2%2Fcomments&post=676"}],"version-history":[{"count":0,"href":"https:\/\/www.edder.org\/index.php?rest_route=\/wp\/v2\/posts\/676\/revisions"}],"wp:attachment":[{"href":"https:\/\/www.edder.org\/index.php?rest_route=%2Fwp%2Fv2%2Fmedia&parent=676"}],"wp:term":[{"taxonomy":"category","embeddable":true,"href":"https:\/\/www.edder.org\/index.php?rest_route=%2Fwp%2Fv2%2Fcategories&post=676"},{"taxonomy":"post_tag","embeddable":true,"href":"https:\/\/www.edder.org\/index.php?rest_route=%2Fwp%2Fv2%2Ftags&post=676"}],"curies":[{"name":"wp","href":"https:\/\/api.w.org\/{rel}","templated":true}]}}