{"id":672,"date":"2010-04-16T15:46:27","date_gmt":"2010-04-16T14:46:27","guid":{"rendered":"https:\/\/www.edder.org\/?p=672"},"modified":"2018-07-27T16:37:52","modified_gmt":"2018-07-27T14:37:52","slug":"garzon-o-su-porquero","status":"publish","type":"post","link":"https:\/\/www.edder.org\/?p=672","title":{"rendered":"Garz\u00f3n o su porquero"},"content":{"rendered":"<p>Se puede decir m\u00e1s despacio de lo que lo dec\u00eda el otro d\u00eda el editorialista de <a target=\"blank\" href=\"http:\/\/www.nytimes.com\/2010\/04\/09\/opinion\/09fri2.html?scp=1&#038;sq=Garz%C3%B3n&#038;st=cse\">The New York Times<\/a>, pero no m\u00e1s claro: \u201cLos aut\u00e9nticos cr\u00edmenes en este caso son las desapariciones, no la investigaci\u00f3n del se\u00f1or Garz\u00f3n. Si, como parece probable, \u00e9stos fueran cr\u00edmenes contra la humanidad sometidos a la legislaci\u00f3n internacional, la amnist\u00eda espa\u00f1ola de 1977 no puede legalmente absolverlos\u201d. M\u00e1s claro no se puede decir, aunque s\u00ed mas despacio. Punto primero: a la eliminaci\u00f3n sistem\u00e1tica de un grupo social por motivos pol\u00edticos la RAE y las leyes internacionales le llaman genocidio. Genocidas eran las intenciones de golpistas como Mola o Rodezno \u2013\u201caniquilaci\u00f3n total del enemigo\u201d\u2013 y genocidas fueron las obras de quienes llevaron a efecto tales intenciones all\u00ed donde ni siquiera hab\u00eda frentes de guerra. Todas aquellas muertes en tapias y cunetas \u2013oficialmente registradas como desapariciones de presos o detenidos \u201cliberados\u201d\u2013, se juzguen o no, son cr\u00edmenes cometidos contra poblaci\u00f3n civil indefensa. Son cr\u00edmenes contra la humanidad y como tales, vivan o no sus ejecutores \u2013que no viven\u2013, han de ser considerados y recordados. Eso es as\u00ed, punto segundo, lo investigue Garz\u00f3n o su porquero. Incluso seguir\u00e1 siendo as\u00ed si ning\u00fan juez lo investiga o si, peor todav\u00eda, se impide deliberadamente la investigaci\u00f3n, que a estas alturas no puede aspirar m\u00e1s que a establecer la verdad de unos hechos criminales, como forma de reconocimiento hacia quienes los sufrieron. Lo peor de todo, pues, ser\u00eda que Garz\u00f3n \u2013la simpat\u00eda o antipat\u00eda hacia su figura estelar, los vicios hipot\u00e9ticos de su investigaci\u00f3n o las querellas intestinas de los jueces\u2013 sirviese como pretexto para no juzgar cr\u00edmenes que realmente existieron y que por su naturaleza no se deben olvidar.  Es m\u00e1s \u2013punto tercero y \u00faltimo\u2013: volver a defender la amnesia o el olvido \u2013amnist\u00edas y leyes de punto final\u2013, si no una forma de complicidad, es la forma de volver a cerrar en falso lo que cada vez exige m\u00e1s imperiosamente ser curado.<em><\/p>\n<p align=\"right\">Publicado en <a target=\"blank\" href=\"http:\/\/www.diariodenoticias.com\/opinion\/columnistas\/postal-expres\">Diario de Noticias<\/a><br \/>\n<img class=\"lazyload\" decoding=\"async\" align=\"right\" title=\"dn\" alt=\"dn\" src=\"data:image\/gif;base64,R0lGODlhAQABAAAAACH5BAEKAAEALAAAAAABAAEAAAICTAEAOw==\" data-orig-src=\"https:\/\/www.edder.org\/images\/dn.gif\" \/><\/p>\n","protected":false},"excerpt":{"rendered":"<p>Se puede decir m\u00e1s despacio de lo que lo dec\u00eda el otro d\u00eda el editorialista de The New York Times, pero no m\u00e1s claro: \u201cLos aut\u00e9nticos cr\u00edmenes en este caso son las desapariciones, no la investigaci\u00f3n del se\u00f1or Garz\u00f3n. Si, como parece probable, \u00e9stos fueran cr\u00edmenes contra la humanidad sometidos a la legislaci\u00f3n internacional, la amnist\u00eda espa\u00f1ola de 1977 no puede legalmente absolverlos\u201d. M\u00e1s claro no se puede decir, aunque s\u00ed mas despacio. Punto primero: a la eliminaci\u00f3n sistem\u00e1tica de un grupo social por motivos pol\u00edticos la RAE y las leyes internacionales le llaman genocidio. Genocidas eran las intenciones de golpistas como Mola o Rodezno \u2013\u201caniquilaci\u00f3n total del enemigo\u201d\u2013 y genocidas fueron las obras de quienes llevaron a efecto tales intenciones all\u00ed donde ni siquiera hab\u00eda frentes  [&#8230;]<\/p>\n","protected":false},"author":82,"featured_media":0,"comment_status":"open","ping_status":"open","sticky":false,"template":"","format":"standard","meta":{"jetpack_post_was_ever_published":false,"_jetpack_newsletter_access":"","_jetpack_dont_email_post_to_subs":false,"_jetpack_newsletter_tier_id":0,"_jetpack_memberships_contains_paywalled_content":false,"_jetpack_memberships_contains_paid_content":false,"footnotes":"","jetpack_publicize_message":"","jetpack_publicize_feature_enabled":true,"jetpack_social_post_already_shared":false,"jetpack_social_options":{"image_generator_settings":{"template":"highway","default_image_id":0,"font":"","enabled":false},"version":2}},"categories":[3,1],"tags":[],"class_list":["post-672","post","type-post","status-publish","format-standard","hentry","category-na","category-sin-categorizar"],"jetpack_publicize_connections":[],"jetpack_featured_media_url":"","jetpack_shortlink":"https:\/\/wp.me\/p6kHv-aQ","jetpack_sharing_enabled":true,"jetpack-related-posts":[{"id":646,"url":"https:\/\/www.edder.org\/?p=646","url_meta":{"origin":672,"position":0},"title":"El juez (y los verdugos)","author":"Eder","date":"domingo, 9 Ene, 2011","format":false,"excerpt":"Fotograma de Elogio del amor, de J-L. Godard. \u2022\u2022\u2022 Lo dec\u00eda todo el cronista de este peri\u00f3dico que ayer relataba la exhumaci\u00f3n de los cad\u00e1veres de cuatro desaparecidos, por fin hallados al cabo de tantos a\u00f1os, en una cuneta de Aibar: \u201cVolvieron a ver la luz que se les neg\u00f3\u2026","rel":"","context":"En \u00abSin categorizar\u00bb","block_context":{"text":"Sin categorizar","link":"https:\/\/www.edder.org\/?cat=1"},"img":{"alt_text":"","src":"","width":0,"height":0},"classes":[]},{"id":204,"url":"https:\/\/www.edder.org\/?p=204","url_meta":{"origin":672,"position":1},"title":"El conflicto","author":"Eder","date":"viernes, 21 Nov, 2008","format":false,"excerpt":"En 1984, el cineasta Robert Kramer rod\u00f3 una pel\u00edcula titulada Nuestro nazi. Con el nazismo como fondo, Kramer se preguntaba por los enga\u00f1os \u2013por las mentiras y mitos\u2013 que llevan a olvidar, diferir o negar las responsabilidades personales en los \u201cconflictos hist\u00f3ricos\u201d. El siglo XX fue el siglo donde las\u2026","rel":"","context":"En \u00abNA\u00bb","block_context":{"text":"NA","link":"https:\/\/www.edder.org\/?cat=3"},"img":{"alt_text":"","src":"","width":0,"height":0},"classes":[]},{"id":617,"url":"https:\/\/www.edder.org\/?p=617","url_meta":{"origin":672,"position":2},"title":"Cad\u00e1veres en el s\u00f3tano","author":"Eder","date":"viernes, 19 Mar, 2010","format":false,"excerpt":"Se asombra la \u00faltima ganadora del Nadal, que pas\u00f3 por aqu\u00ed en gira promocional de su novela, de que los sucesivos gobiernos democr\u00e1ticos habidos tras la muerte de Franco ni se dieran por notificados de que en Espa\u00f1a hab\u00edan encontrado refugio algunos nazis, a los que nadie molest\u00f3 y menos\u2026","rel":"","context":"En \u00abNA\u00bb","block_context":{"text":"NA","link":"https:\/\/www.edder.org\/?cat=3"},"img":{"alt_text":"","src":"","width":0,"height":0},"classes":[]},{"id":40380,"url":"https:\/\/www.edder.org\/?p=40380","url_meta":{"origin":672,"position":3},"title":"\u00abLuz divina\u00bb, Lorenzo Aguirre, Jueves Santo en Pamplona","author":"Eder","date":"jueves, 1 Abr, 2021","format":false,"excerpt":"","rel":"","context":"En \u00abArtes\u00bb","block_context":{"text":"Artes","link":"https:\/\/www.edder.org\/?cat=85"},"img":{"alt_text":"","src":"https:\/\/i0.wp.com\/www.edder.org\/upload\/2021\/04\/aguirre.jpg?resize=350%2C200&ssl=1","width":350,"height":200},"classes":[]},{"id":4379,"url":"https:\/\/www.edder.org\/?p=4379","url_meta":{"origin":672,"position":4},"title":"Manoel de Oliveira (1908-2015): \u00abMorir, s\u00ed; pero despacio\u00bb","author":"Eder","date":"jueves, 2 Abr, 2015","format":false,"excerpt":"Ha muerto, a los 106 a\u00f1os de edad, Manoel de Oliveira (sit tibi terra levis).","rel":"","context":"En \u00abCine\u00bb","block_context":{"text":"Cine","link":"https:\/\/www.edder.org\/?cat=79"},"img":{"alt_text":"","src":"https:\/\/i0.wp.com\/edder.org\/images\/oliveira3.jpg?resize=350%2C200","width":350,"height":200,"srcset":"https:\/\/i0.wp.com\/edder.org\/images\/oliveira3.jpg?resize=350%2C200 1x, https:\/\/i0.wp.com\/edder.org\/images\/oliveira3.jpg?resize=525%2C300 1.5x"},"classes":[]},{"id":197,"url":"https:\/\/www.edder.org\/?p=197","url_meta":{"origin":672,"position":5},"title":"Esperpento","author":"Eder","date":"viernes, 31 Oct, 2008","format":false,"excerpt":"Par\u00e9ntesis forzoso en el sainete foral. En la ma\u00f1ana de ayer se abri\u00f3 paso una nueva representaci\u00f3n esperp\u00e9ntica de ETA. Lo grotesco, lo desatinado, lo siniestro, que son los rasgos del esperpento, se puso de manifiesto con la llamada telef\u00f3nica de los criminales \u2013pol\u00edticos, claro que s\u00ed, que suelen ser\u2026","rel":"","context":"En \u00abNA\u00bb","block_context":{"text":"NA","link":"https:\/\/www.edder.org\/?cat=3"},"img":{"alt_text":"","src":"","width":0,"height":0},"classes":[]}],"jetpack_likes_enabled":true,"_links":{"self":[{"href":"https:\/\/www.edder.org\/index.php?rest_route=\/wp\/v2\/posts\/672","targetHints":{"allow":["GET"]}}],"collection":[{"href":"https:\/\/www.edder.org\/index.php?rest_route=\/wp\/v2\/posts"}],"about":[{"href":"https:\/\/www.edder.org\/index.php?rest_route=\/wp\/v2\/types\/post"}],"author":[{"embeddable":true,"href":"https:\/\/www.edder.org\/index.php?rest_route=\/wp\/v2\/users\/82"}],"replies":[{"embeddable":true,"href":"https:\/\/www.edder.org\/index.php?rest_route=%2Fwp%2Fv2%2Fcomments&post=672"}],"version-history":[{"count":0,"href":"https:\/\/www.edder.org\/index.php?rest_route=\/wp\/v2\/posts\/672\/revisions"}],"wp:attachment":[{"href":"https:\/\/www.edder.org\/index.php?rest_route=%2Fwp%2Fv2%2Fmedia&parent=672"}],"wp:term":[{"taxonomy":"category","embeddable":true,"href":"https:\/\/www.edder.org\/index.php?rest_route=%2Fwp%2Fv2%2Fcategories&post=672"},{"taxonomy":"post_tag","embeddable":true,"href":"https:\/\/www.edder.org\/index.php?rest_route=%2Fwp%2Fv2%2Ftags&post=672"}],"curies":[{"name":"wp","href":"https:\/\/api.w.org\/{rel}","templated":true}]}}