{"id":67,"date":"2006-10-20T10:17:00","date_gmt":"2006-10-20T08:17:00","guid":{"rendered":"https:\/\/www.edder.org\/?p=67"},"modified":"2018-07-27T16:38:40","modified_gmt":"2018-07-27T14:38:40","slug":"el-estado-del-mejillon","status":"publish","type":"post","link":"https:\/\/www.edder.org\/?p=67","title":{"rendered":"El estado del mejill\u00f3n"},"content":{"rendered":"<p>Los moluscos son invertebrado muy blandos, del tipo del comisario Arbeloa, que se caracterizan por su adaptabilidad. La divisa del molusco, como la del comisario Renault \u2013el de <em>Casablanca<\/em>\u2013 es: \u00abPersonalmente, me adaptar\u00e9 a lo que venga\u00bb. Existen m\u00e1s de 100.000 especies de moluscos, pero ninguna tan acomodaticia como el mejill\u00f3n cebra, hoy de tanta actualidad. Al igual que la Fundaci\u00f3n Arte Viva, recientemente afincada en Pamplona, el mejill\u00f3n cebra, en v\u00edas de proliferar por el Arga, sale de la nada y ya te ha organizado una exposici\u00f3n de tres millones de moluscos \u2013o de tres millones de euros, que tanto da: lo que importa es la capacidad de adaptaci\u00f3n al medio y la rotundidad propagand\u00edstica de las cifras\u2013. Dicen que la palabra \u2018mejill\u00f3n\u2019 viene del portugu\u00e9s. La Fundaci\u00f3n Arte Viva tambi\u00e9n viene del \u00e1mbito portugu\u00e9s, si bien en Brasil no hab\u00eda podido brillar con el resplandor que ha alcanzado, nada m\u00e1s llegar \u2013llegar en el a\u00f1o del santo y besarlo\u2013, en esta California a toda m\u00e1quina que es Navarra, seg\u00fan insignes soci\u00f3logos de la UPNA, de entre los que siempre destaca por su entusiasmo el profesor Gaviria. Don Mario acaba de pregonar que vivimos en Ebronia, una tierra de promisi\u00f3n en las riberas del Ebro. De promisi\u00f3n para el mejill\u00f3n cebra que nos ocupa y fundaciones como las que acaba de ocuparnos. Fundaciones a cuyo patronato han ido a asentarse moluscos de tanta experiencia en el patronazgo cultural como don Fernando Red\u00f3n \u2013de la Fundaci\u00f3n Oteiza, entre otras dignidades\u2013, don Kosme de Bara\u00f1ano \u2013de la Fundaci\u00f3n Antioteiza, entre otras indignidades\u2013 o don Jos\u00e9 <em>Pucho<\/em> Vallejo, al que habr\u00e1 que ir pensando en motejar con un alias m\u00e1s acorde con las circustancias, sea el Marid\u00edsimo o el Molusco. El molusco es un invertebrado simple que no consta m\u00e1s que de un cuerpo adaptable, cubierto de una concha muy dura. De ah\u00ed su resistencia e impasibilidad. \u00c9ste es el estado del mejill\u00f3n, del que no creo que se hable en el debate sobre el estado la cuesti\u00f3n.<\/p>\n<div align=\"right\">Publicado en <a target=\"blank\" href=\"http:\/\/www.noticiasdenavarra.com\/ediciones\/2006\/10\/20\/opinion\/contra.php\">Diario de Noticias<\/a><img class=\"lazyload\" decoding=\"async\" align=\"right\" title=\"dn\" alt=\"dn\" src=\"data:image\/gif;base64,R0lGODlhAQABAAAAACH5BAEKAAEALAAAAAABAAEAAAICTAEAOw==\" data-orig-src=\"https:\/\/www.edder.org\/images\/dn.gif\" \/><\/div>\n","protected":false},"excerpt":{"rendered":"<p>Los moluscos son invertebrado muy blandos, del tipo del comisario Arbeloa, que se caracterizan por su adaptabilidad. La divisa del molusco, como la del comisario Renault \u2013el de Casablanca\u2013 es: \u00abPersonalmente, me adaptar\u00e9 a lo que venga\u00bb. Existen m\u00e1s de 100.000 especies de moluscos, pero ninguna tan acomodaticia como el mejill\u00f3n cebra, hoy de tanta actualidad. Al igual que la Fundaci\u00f3n Arte Viva, recientemente afincada en Pamplona, el mejill\u00f3n cebra, en v\u00edas de proliferar por el Arga, sale de la nada y ya te ha organizado una exposici\u00f3n de tres millones de moluscos \u2013o de tres millones de euros, que tanto da: lo que importa es la capacidad de adaptaci\u00f3n al medio y la rotundidad propagand\u00edstica de las cifras\u2013. Dicen que la palabra \u2018mejill\u00f3n\u2019 viene del portugu\u00e9s.  [&#8230;]<\/p>\n","protected":false},"author":82,"featured_media":0,"comment_status":"open","ping_status":"open","sticky":false,"template":"","format":"standard","meta":{"jetpack_post_was_ever_published":false,"_jetpack_newsletter_access":"","_jetpack_dont_email_post_to_subs":false,"_jetpack_newsletter_tier_id":0,"_jetpack_memberships_contains_paywalled_content":false,"_jetpack_memberships_contains_paid_content":false,"footnotes":"","jetpack_publicize_message":"","jetpack_publicize_feature_enabled":true,"jetpack_social_post_already_shared":false,"jetpack_social_options":{"image_generator_settings":{"template":"highway","default_image_id":0,"font":"","enabled":false},"version":2}},"categories":[3],"tags":[],"class_list":["post-67","post","type-post","status-publish","format-standard","hentry","category-na"],"jetpack_publicize_connections":[],"jetpack_featured_media_url":"","jetpack_shortlink":"https:\/\/wp.me\/p6kHv-15","jetpack_sharing_enabled":true,"jetpack-related-posts":[{"id":136,"url":"https:\/\/www.edder.org\/?p=136","url_meta":{"origin":67,"position":0},"title":"Cosa navarrorum","author":"Eder","date":"viernes, 15 Feb, 2008","format":false,"excerpt":"Habr\u00e1 cosas que la C\u00e1mara de Comptos no nos puede decir. Tampoco el Parlamento. Ejemplo: \u00bfexist\u00eda alguna relaci\u00f3n de parentesco entre el comisario de la exposici\u00f3n Navarra, un futuro entre todos y la que fuera directora de la oficina del comisario? Que existiera o no tal relaci\u00f3n tiene un inter\u00e9s\u2026","rel":"","context":"En \u00abNA\u00bb","block_context":{"text":"NA","link":"https:\/\/www.edder.org\/?cat=3"},"img":{"alt_text":"","src":"","width":0,"height":0},"classes":[]},{"id":83,"url":"https:\/\/www.edder.org\/?p=83","url_meta":{"origin":67,"position":1},"title":"Lo que pierden los poetas","author":"Eder","date":"viernes, 9 Feb, 2007","format":false,"excerpt":"Se fue la magna exposici\u00f3n del comisario Arbeloa \u2013la de los quinientos millones de pesetas\u2013 y no han llegado las charlas del magno congreso barojiano que dirigir\u00e1 Ram\u00f3n Tamames, otro desertor de la izquierda que hoy da curso a sus furias en los medios de la derecha asilvestrada \u2013la de\u2026","rel":"","context":"En \u00abNA\u00bb","block_context":{"text":"NA","link":"https:\/\/www.edder.org\/?cat=3"},"img":{"alt_text":"","src":"","width":0,"height":0},"classes":[]},{"id":206,"url":"https:\/\/www.edder.org\/?p=206","url_meta":{"origin":67,"position":2},"title":"Arqueolog\u00eda","author":"Eder","date":"viernes, 28 Nov, 2008","format":false,"excerpt":"Cuando quiera es tarde para hacer una magna exposici\u00f3n arqueol\u00f3gica sobre la antiqu\u00edsima se\u00f1ora llamada a conducir los destinos de las derechas navarras, si nadie lo remedia. \u00bfQue qui\u00e9n podr\u00eda remediarlo? Seguramente nadie. Quiz\u00e1 Sanz pueda hacer un intento de poner coto a la desbordada vocaci\u00f3n de esa arqueol\u00f3gica se\u00f1ora\u2026","rel":"","context":"En \u00abNA\u00bb","block_context":{"text":"NA","link":"https:\/\/www.edder.org\/?cat=3"},"img":{"alt_text":"","src":"","width":0,"height":0},"classes":[]},{"id":96,"url":"https:\/\/www.edder.org\/?p=96","url_meta":{"origin":67,"position":3},"title":"Museo local de los horrores","author":"Eder","date":"viernes, 20 Abr, 2007","format":false,"excerpt":"Pues si hay que hacer un museo moderno, cosa en la que est\u00e1n de acuerdo casi todos los candidatos a la alcald\u00eda de Pamplona, \u00bfpor qu\u00e9 no hacer en Autobuses un museo de etnograf\u00eda moderna, ya que el Museo Julio Caro Baroja lo empaquet\u00f3 el consejero del ramo para hacerle\u2026","rel":"","context":"En \u00abNA\u00bb","block_context":{"text":"NA","link":"https:\/\/www.edder.org\/?cat=3"},"img":{"alt_text":"","src":"","width":0,"height":0},"classes":[]},{"id":142,"url":"https:\/\/www.edder.org\/?p=142","url_meta":{"origin":67,"position":4},"title":"Poderes","author":"Eder","date":"viernes, 21 Mar, 2008","format":false,"excerpt":"Tengo poderes, o eso creo. Poderes de adivinaci\u00f3n. Los descubr\u00ed el mi\u00e9rcoles. Le\u00eda que la plantilla de la Corpas Corparation va a ensancharse con el fichaje de un asesor barciniano \u2013hijo de un hist\u00f3rico miembro del Consejo de Cultura corpasiano que a su vez es patrono, junto a Pucho Vallejo,\u2026","rel":"","context":"En \u00abNA\u00bb","block_context":{"text":"NA","link":"https:\/\/www.edder.org\/?cat=3"},"img":{"alt_text":"","src":"","width":0,"height":0},"classes":[]},{"id":483,"url":"https:\/\/www.edder.org\/?p=483","url_meta":{"origin":67,"position":5},"title":"\u00a1Alonso, Alonso, Alonso!","author":"Eder","date":"viernes, 2 Oct, 2009","format":false,"excerpt":"Porque existe Google, que si no, no me hubiera acordado del nombre de aquel delegado del Gobierno tan din\u00e1mico que organizaba patri\u00f3ticas juras de bandera con nuestras arquistars. Arquistars quiere decir estrellas del firmamento arquitect\u00f3nico. Nuestras arquistars cab\u00edan casi todas juntas en una jura de bandera de las que organizaba\u2026","rel":"","context":"En \u00abNA\u00bb","block_context":{"text":"NA","link":"https:\/\/www.edder.org\/?cat=3"},"img":{"alt_text":"","src":"","width":0,"height":0},"classes":[]}],"jetpack_likes_enabled":true,"_links":{"self":[{"href":"https:\/\/www.edder.org\/index.php?rest_route=\/wp\/v2\/posts\/67","targetHints":{"allow":["GET"]}}],"collection":[{"href":"https:\/\/www.edder.org\/index.php?rest_route=\/wp\/v2\/posts"}],"about":[{"href":"https:\/\/www.edder.org\/index.php?rest_route=\/wp\/v2\/types\/post"}],"author":[{"embeddable":true,"href":"https:\/\/www.edder.org\/index.php?rest_route=\/wp\/v2\/users\/82"}],"replies":[{"embeddable":true,"href":"https:\/\/www.edder.org\/index.php?rest_route=%2Fwp%2Fv2%2Fcomments&post=67"}],"version-history":[{"count":0,"href":"https:\/\/www.edder.org\/index.php?rest_route=\/wp\/v2\/posts\/67\/revisions"}],"wp:attachment":[{"href":"https:\/\/www.edder.org\/index.php?rest_route=%2Fwp%2Fv2%2Fmedia&parent=67"}],"wp:term":[{"taxonomy":"category","embeddable":true,"href":"https:\/\/www.edder.org\/index.php?rest_route=%2Fwp%2Fv2%2Fcategories&post=67"},{"taxonomy":"post_tag","embeddable":true,"href":"https:\/\/www.edder.org\/index.php?rest_route=%2Fwp%2Fv2%2Ftags&post=67"}],"curies":[{"name":"wp","href":"https:\/\/api.w.org\/{rel}","templated":true}]}}