{"id":66,"date":"2006-10-13T20:18:27","date_gmt":"2006-10-13T18:18:27","guid":{"rendered":"https:\/\/www.edder.org\/?p=66"},"modified":"2022-09-30T10:41:01","modified_gmt":"2022-09-30T08:41:01","slug":"la-mili-de-los-chusqueros","status":"publish","type":"post","link":"https:\/\/www.edder.org\/?p=66","title":{"rendered":"La mili de los chusqueros"},"content":{"rendered":"<p>\u00abYo es que tengo mucho mili en pol\u00edtica.\u00bb Eso dec\u00eda el siempre ameno Miguel Sanz, sincer\u00e1ndose en su \u00faltima entrevista. No es nada la mili que usted tiene para la que le queda hasta llegar a esa jubilaci\u00f3n hacia la que marcha Del Burgo y a la que no s\u00e9 si habr\u00e1 llegado el que fuera Primer Embajador del <em>Reyno<\/em>, Ricardo de Le\u00f3n \u2013de vuelta a la actualidad por obra de la Fiscal\u00eda Anticorrupci\u00f3n\u2013. Pero, s\u00ed; dicho \u00abcon m\u00e1s definici\u00f3n\u00bb \u2013como se dice ahora en el f\u00fatbol\u2013, nuestro presidente tiene la mili de un chusquero: la del que ha hecho el viaje de soldado raso a oficial y ah\u00ed sigue, al chusco hasta llegar a mejor ventura. En su amena entrevista, el presidente del partido mayoritario lamentaba que uno de sus opositores pol\u00edticos \u00abconjuga verbos con escasa definici\u00f3n\u00bb. No es que instase a su adversario a escoger m\u00e1s cuidadosamente los verbos; no es que le censurase por el mal uso que pueda hacer de los modos o tiempos verbales; es que, m\u00e1s futboleramente, le criticaba sus regates, lo escurridizo de su discurso, su falta de precisi\u00f3n o su exceso de ambig\u00fcedad. Su adversario podr\u00eda contestarle que \u00e9l tambi\u00e9n tiene mucha mili en pol\u00edtica. Qui\u00e9n que est\u00e9 en pol\u00edtica no tiene mucha mili, si \u00e9sta es, abrumadoramente, el cuartel de los chusqueros. Y lo propio de quienes tienen tanta mili es \u00abconjugar los verbos con escasa definici\u00f3n\u00bb. Mi foto predilecta de la semana es \u00e9sa publicada por este peri\u00f3dico en la que se ve\u00eda a media docena de chusqueros \u2013mitad cargos pol\u00edticos, mitad funcionarios afectos al partido presidido por nuestro \u00abling\u00fcista\u00bb\u2013 en el acto preelectoral de reinaugurar una biblioteca. A la biblioteca, aunque reinaugurada, le faltaba definici\u00f3n, quiero decir, libros; pero los retratados luc\u00edan en ella con una rotunda definici\u00f3n cuartelera. Con la del propio Sanz, la del ahora Sherlock Holmes del partido \u2013el infatigable e infalible olfateador de pistas, Del Burgo\u2013 y la de don Ricardo de Le\u00f3n, si es que \u00e9ste no ha llegado todav\u00eda a la mejor ventura de su jubilaci\u00f3n.<\/p>\n<p>Octubre de 2006, DN.<\/p>\n","protected":false},"excerpt":{"rendered":"<p>\u00abYo es que tengo mucho mili en pol\u00edtica.\u00bb Eso dec\u00eda el siempre ameno Miguel Sanz, sincer\u00e1ndose en su \u00faltima entrevista. No es nada la mili que usted tiene para la que le queda hasta llegar a esa jubilaci\u00f3n hacia la que marcha Del Burgo y a la que no s\u00e9 si habr\u00e1 llegado el que fuera Primer Embajador del Reyno, Ricardo de Le\u00f3n \u2013de vuelta a la actualidad por obra de la Fiscal\u00eda Anticorrupci\u00f3n\u2013. Pero, s\u00ed; dicho \u00abcon m\u00e1s definici\u00f3n\u00bb \u2013como se dice ahora en el f\u00fatbol\u2013, nuestro presidente tiene la mili de un chusquero: la del que ha hecho el viaje de soldado raso a oficial y ah\u00ed sigue, al chusco hasta llegar a mejor ventura. En su amena entrevista, el presidente del partido mayoritario lamentaba  [&#8230;]<\/p>\n","protected":false},"author":82,"featured_media":0,"comment_status":"open","ping_status":"open","sticky":false,"template":"","format":"standard","meta":{"jetpack_post_was_ever_published":false,"_jetpack_newsletter_access":"","_jetpack_dont_email_post_to_subs":false,"_jetpack_newsletter_tier_id":0,"_jetpack_memberships_contains_paywalled_content":false,"_jetpack_memberships_contains_paid_content":false,"footnotes":"","jetpack_publicize_message":"","jetpack_publicize_feature_enabled":true,"jetpack_social_post_already_shared":false,"jetpack_social_options":{"image_generator_settings":{"template":"highway","default_image_id":0,"font":"","enabled":false},"version":2}},"categories":[3],"tags":[],"class_list":["post-66","post","type-post","status-publish","format-standard","hentry","category-na"],"jetpack_publicize_connections":[],"jetpack_featured_media_url":"","jetpack_shortlink":"https:\/\/wp.me\/p6kHv-14","jetpack_sharing_enabled":true,"jetpack-related-posts":[{"id":13508,"url":"https:\/\/www.edder.org\/?p=13508","url_meta":{"origin":66,"position":0},"title":"Frank O&#8217;Hara. Un poema \u2013\u00a1aj\u00e1!\u2013","author":"Eder","date":"martes, 4 Abr, 2017","format":false,"excerpt":"","rel":"","context":"En \u00abCine\u00bb","block_context":{"text":"Cine","link":"https:\/\/www.edder.org\/?cat=79"},"img":{"alt_text":"","src":"https:\/\/i0.wp.com\/www.edder.org\/upload\/2017\/04\/aja.jpg?resize=350%2C200&ssl=1","width":350,"height":200,"srcset":"https:\/\/i0.wp.com\/www.edder.org\/upload\/2017\/04\/aja.jpg?resize=350%2C200&ssl=1 1x, https:\/\/i0.wp.com\/www.edder.org\/upload\/2017\/04\/aja.jpg?resize=525%2C300&ssl=1 1.5x"},"classes":[]},{"id":174,"url":"https:\/\/www.edder.org\/?p=174","url_meta":{"origin":66,"position":1},"title":"Foralit\u00e9","author":"Eder","date":"viernes, 12 Sep, 2008","format":false,"excerpt":"Aprovechen que se acaban. Que se acaban los vodeviles y sainetes de ese Alfredo Landa hiperforal que es nuestro gran Miguel Sanz. Aunque previsible, la \u00faltima actuaci\u00f3n de nuestro hiperforal histri\u00f3n \u2013Sanz, no Landa, que Landa es hiperforal en el Reyno, superdonostiarra en San Sebasti\u00e1n y el padre fundador de\u2026","rel":"","context":"En \u00abNA\u00bb","block_context":{"text":"NA","link":"https:\/\/www.edder.org\/?cat=3"},"img":{"alt_text":"","src":"","width":0,"height":0},"classes":[]},{"id":12416,"url":"https:\/\/www.edder.org\/?p=12416","url_meta":{"origin":66,"position":2},"title":"Gestiones y (di)gestiones","author":"Eder","date":"domingo, 11 Oct, 2015","format":false,"excerpt":"La lengua castellana tiene ante s\u00ed un futuro prometedor. No debe de faltar mucho para que, con aprender a conjugar el verbo gestionar y memorizar un vocabular\u00edo de unas trescientas palabras, cualquiera pueda parecer un hablante competente de nuestro idioma. Y a partir de ah\u00ed, que tiemble la lengua inglesa.\u2026","rel":"","context":"En \u00abSin categorizar\u00bb","block_context":{"text":"Sin categorizar","link":"https:\/\/www.edder.org\/?cat=1"},"img":{"alt_text":"","src":"https:\/\/i0.wp.com\/www.edder.org\/upload\/2015\/10\/gestionar.png?resize=350%2C200&ssl=1","width":350,"height":200},"classes":[]},{"id":761,"url":"https:\/\/www.edder.org\/?p=761","url_meta":{"origin":66,"position":3},"title":"Tati and the flat TV","author":"Eder","date":"domingo, 4 Jul, 2010","format":false,"excerpt":"Al ver de nuevo Playtime, cuya edici\u00f3n en blu-ray tiene una definici\u00f3n excelente, reparo en algo que antes me hab\u00eda pasado inadvertido: el t\u00edo Tati no s\u00f3lo imagin\u00f3 en 1967 la fisonom\u00eda de todo un barrio parisino que a\u00fan tardar\u00eda unos a\u00f1os en aparecer \u2013la D\u00e9fense\u2013, sino que incluso imagin\u00f3\u2026","rel":"","context":"En \u00abCine\u00bb","block_context":{"text":"Cine","link":"https:\/\/www.edder.org\/?cat=79"},"img":{"alt_text":"","src":"","width":0,"height":0},"classes":[]},{"id":27,"url":"https:\/\/www.edder.org\/?p=27","url_meta":{"origin":66,"position":4},"title":"Cuentas claras, cristianos viejos","author":"Eder","date":"viernes, 18 Nov, 2005","format":false,"excerpt":"O sea que la Iglesia cat\u00f3lica es incapaz de financiarse, un cuarto de siglo despu\u00e9s de comprometerse a ello. Pero eso ser\u00e1 ???pertenencia de la feligres\u00eda a la cofrad\u00eda del pu\u00f1o prieto aparte??? porque de los beneficios obtenidos en operaciones financiero-inmobiliarias de tanta envergadura como la de Agustinos, los pobres\u2026","rel":"","context":"En \u00abNA\u00bb","block_context":{"text":"NA","link":"https:\/\/www.edder.org\/?cat=3"},"img":{"alt_text":"","src":"","width":0,"height":0},"classes":[]},{"id":560,"url":"https:\/\/www.edder.org\/?p=560","url_meta":{"origin":66,"position":5},"title":"P&#8217;alante y p&#8217;atr\u00e1s","author":"Eder","date":"viernes, 8 Ene, 2010","format":false,"excerpt":"Seg\u00fan consta en la grabaci\u00f3n que por pura casualidad hice, y que conservo por tener una prueba que me confirme no haberlo so\u00f1ado, el pasado s\u00e1bado, d\u00eda dos de enero del a\u00f1o primero de la segunda d\u00e9cada del siglo XXI, a las veintiuna horas y cuarenta minutos, en una de\u2026","rel":"","context":"En \u00abNA\u00bb","block_context":{"text":"NA","link":"https:\/\/www.edder.org\/?cat=3"},"img":{"alt_text":"","src":"","width":0,"height":0},"classes":[]}],"jetpack_likes_enabled":true,"_links":{"self":[{"href":"https:\/\/www.edder.org\/index.php?rest_route=\/wp\/v2\/posts\/66","targetHints":{"allow":["GET"]}}],"collection":[{"href":"https:\/\/www.edder.org\/index.php?rest_route=\/wp\/v2\/posts"}],"about":[{"href":"https:\/\/www.edder.org\/index.php?rest_route=\/wp\/v2\/types\/post"}],"author":[{"embeddable":true,"href":"https:\/\/www.edder.org\/index.php?rest_route=\/wp\/v2\/users\/82"}],"replies":[{"embeddable":true,"href":"https:\/\/www.edder.org\/index.php?rest_route=%2Fwp%2Fv2%2Fcomments&post=66"}],"version-history":[{"count":0,"href":"https:\/\/www.edder.org\/index.php?rest_route=\/wp\/v2\/posts\/66\/revisions"}],"wp:attachment":[{"href":"https:\/\/www.edder.org\/index.php?rest_route=%2Fwp%2Fv2%2Fmedia&parent=66"}],"wp:term":[{"taxonomy":"category","embeddable":true,"href":"https:\/\/www.edder.org\/index.php?rest_route=%2Fwp%2Fv2%2Fcategories&post=66"},{"taxonomy":"post_tag","embeddable":true,"href":"https:\/\/www.edder.org\/index.php?rest_route=%2Fwp%2Fv2%2Ftags&post=66"}],"curies":[{"name":"wp","href":"https:\/\/api.w.org\/{rel}","templated":true}]}}