{"id":657,"date":"2010-04-14T15:45:55","date_gmt":"2010-04-14T14:45:55","guid":{"rendered":"https:\/\/www.edder.org\/?p=657"},"modified":"2018-07-27T16:37:52","modified_gmt":"2018-07-27T14:37:52","slug":"14-de-abril-dia-de-la-republica","status":"publish","type":"post","link":"https:\/\/www.edder.org\/?p=657","title":{"rendered":"14 de abril, D\u00eda de la Rep\u00fablica"},"content":{"rendered":"<p><img class=\"lazyload\" decoding=\"async\" align=\"middle\" alt=\"aralar\" src=\"data:image\/gif;base64,R0lGODlhAQABAAAAACH5BAEKAAEALAAAAAABAAEAAAICTAEAOw==\" data-orig-src=\"https:\/\/www.edder.org\/images\/gobierno.gif\" title=\"aralar\" \/><br \/>\n\tEl Gobierno de Navarra, hoy, 14 de abril de 2010.<\/p>\n<p>Procesi&oacute;n y misa en el Palacio de Navarra, sede del Ejecutivo navarro:<br \/>\n\t<a href=\"http:\/\/www.navarra.es\/home_es\/Actualidad\/Sala+de+prensa\/Noticias\/2010\/04\/14\/recepcion+efigie+aralar.htm\" target=\"blank\">Noticia e im&aacute;genes de la NA-DA foral<\/a>.<\/p>\n<p>Procesi&oacute;n y misa en el Parlamento de Navarra, sede del Legislativo navarro:<br \/>\n\t<a href=\"http:\/\/www.parlamento-navarra.es\/57\/section.aspx?idnoticia=2069\" target=\"blank\">Noticia e im&aacute;genes<\/a>.<\/p>\n<p>En este momento no disponemos de fotos de la visita del arc&aacute;ngel San Miguel a la Audiencia de Navarra, sede del Poder Judicial, adonde acudi&oacute; tras bendecir la sede del Legislativo.<\/p>\n<p>Miguel Sanz, presidenten de los navarros: &laquo;Mientras estemos nosotros, el arc&aacute;ngel ser&aacute; bien recibido&raquo;. Seg&uacute;n el presidente, que &uacute;ltimamente no sale de misa (<a href=\"http:\/\/www.navarra.es\/home_es\/Actualidad\/Sala+de+prensa\/Noticias\/2010\/03\/27\/Reapertura+San+Miguel+Corella.htm\" target=\"blank\">ver m&aacute;s misas del presidente<\/a>), la identidad o personalidad de Navarra depende de la permanencia de procesiones como &eacute;sta: &laquo;todos estos actos ser&aacute;n mantenidos porque creemos que forman parte de nuestra personalidad como pueblo y han contribuido a fortalecer nuestra identidad alrededor de estas tradiciones y de nuestras creencias y convicciones&raquo;. <a href=\"http:\/\/www.europapress.es\/navarra\/noticia-gobierno-navarra-parlamento-reciben-angel-aralar-motivo-visita-imagen-pamplona-20100414131301.html\" target=\"blank\">Leer noticia completa<\/a>.<\/p>\n","protected":false},"excerpt":{"rendered":"<p>El Gobierno de Navarra, hoy, 14 de abril de 2010. Procesi&oacute;n y misa en el Palacio de Navarra, sede del Ejecutivo navarro: Noticia e im&aacute;genes de la NA-DA foral. Procesi&oacute;n y misa en el Parlamento de Navarra, sede del Legislativo navarro: Noticia e im&aacute;genes. En este momento no disponemos de fotos de la visita del arc&aacute;ngel San Miguel a la Audiencia de Navarra, sede del Poder Judicial, adonde acudi&oacute; tras bendecir la sede del Legislativo. Miguel Sanz, presidenten de los navarros: &laquo;Mientras estemos nosotros, el arc&aacute;ngel ser&aacute; bien recibido&raquo;. Seg&uacute;n el presidente, que &uacute;ltimamente no sale de misa (ver m&aacute;s misas del presidente), la identidad o personalidad de Navarra depende de la permanencia de procesiones como &eacute;sta: &laquo;todos estos actos ser&aacute;n mantenidos porque creemos que forman parte  [&#8230;]<\/p>\n","protected":false},"author":82,"featured_media":12050,"comment_status":"open","ping_status":"open","sticky":false,"template":"","format":"standard","meta":{"jetpack_post_was_ever_published":false,"_jetpack_newsletter_access":"","_jetpack_dont_email_post_to_subs":false,"_jetpack_newsletter_tier_id":0,"_jetpack_memberships_contains_paywalled_content":false,"_jetpack_memberships_contains_paid_content":false,"footnotes":"","jetpack_publicize_message":"","jetpack_publicize_feature_enabled":true,"jetpack_social_post_already_shared":false,"jetpack_social_options":{"image_generator_settings":{"template":"highway","default_image_id":0,"font":"","enabled":false},"version":2}},"categories":[3],"tags":[303],"class_list":["post-657","post","type-post","status-publish","format-standard","has-post-thumbnail","hentry","category-na","tag-nacionalcatolicismo"],"jetpack_publicize_connections":[],"jetpack_featured_media_url":"https:\/\/www.edder.org\/upload\/2010\/04\/gobierno.gif","jetpack_shortlink":"https:\/\/wp.me\/p6kHv-aB","jetpack_sharing_enabled":true,"jetpack-related-posts":[{"id":14066,"url":"https:\/\/www.edder.org\/?p=14066","url_meta":{"origin":657,"position":0},"title":"El Gobierno (este y el otro) en procesi\u00f3n","author":"Eder","date":"mi\u00e9rcoles, 11 Abr, 2018","format":false,"excerpt":"Por lo que se ve en la foto facilitada este mediod\u00eda por el Gobierno de Navarra, este a\u00f1o (2018), como el pasado y el anterior, el Ejecutivo foral no solo ha recibido\u00a0en la puerta de la sede\u00a0 gubernamental al clero que todos los a\u00f1os por estas tradicionales fecha le visita\u2026","rel":"","context":"En \u00abNA\u00bb","block_context":{"text":"NA","link":"https:\/\/www.edder.org\/?cat=3"},"img":{"alt_text":"","src":"https:\/\/i0.wp.com\/www.edder.org\/upload\/2018\/04\/totem2.jpg?resize=350%2C200&ssl=1","width":350,"height":200},"classes":[]},{"id":2416,"url":"https:\/\/www.edder.org\/?p=2416","url_meta":{"origin":657,"position":1},"title":"Jaungoikoa eta lege zaharrak reloaded","author":"Eder","date":"mi\u00e9rcoles, 18 Abr, 2012","format":false,"excerpt":"Bendici\u00f3n anual del Parlamento Navarro, 18 de abril de 2012. \u00a0 Parlamentario socialista en la adoraci\u00f3n a San Miguel Arc\u00e1ngel. Navarra, siglo XXI. \u00a0 M\u00e1s de esto mismo: ver m\u00e1s.","rel":"","context":"En \u00abNA\u00bb","block_context":{"text":"NA","link":"https:\/\/www.edder.org\/?cat=3"},"img":{"alt_text":"","src":"https:\/\/i0.wp.com\/www.edder.org\/upload\/2012\/04\/leiza.jpg?resize=350%2C200&ssl=1","width":350,"height":200},"classes":[]},{"id":43044,"url":"https:\/\/www.edder.org\/?p=43044","url_meta":{"origin":657,"position":2},"title":"Cascante, septiembre de 2024: regionalcatolicismo navarro del siglo XXI","author":"Eder","date":"domingo, 1 Sep, 2024","format":false,"excerpt":"","rel":"","context":"En \u00abNA\u00bb","block_context":{"text":"NA","link":"https:\/\/www.edder.org\/?cat=3"},"img":{"alt_text":"","src":"https:\/\/i0.wp.com\/www.edder.org\/upload\/2024\/09\/Screenshot-2024-09-01-at-21.47.00.png?resize=350%2C200&ssl=1","width":350,"height":200,"srcset":"https:\/\/i0.wp.com\/www.edder.org\/upload\/2024\/09\/Screenshot-2024-09-01-at-21.47.00.png?resize=350%2C200&ssl=1 1x, https:\/\/i0.wp.com\/www.edder.org\/upload\/2024\/09\/Screenshot-2024-09-01-at-21.47.00.png?resize=525%2C300&ssl=1 1.5x, https:\/\/i0.wp.com\/www.edder.org\/upload\/2024\/09\/Screenshot-2024-09-01-at-21.47.00.png?resize=700%2C400&ssl=1 2x"},"classes":[]},{"id":693,"url":"https:\/\/www.edder.org\/?p=693","url_meta":{"origin":657,"position":3},"title":"\u2018Hiyab\u2019 y \u2018burka\u2019, hoy y aqu\u00ed","author":"Eder","date":"viernes, 23 Abr, 2010","format":false,"excerpt":"Cuando se vaya, echaremos de menos \u2013como ahora echamos de m\u00e1s\u2013 a ese gran estadista que es Miguel Sanz. Si Sanz anda de por medio, enti\u00e9ndase por estadista al incondicional del equipo que sin falta acude al estadio para sufrir lo que le echen y m\u00e1s. Pues en menos de\u2026","rel":"","context":"En \u00abNA\u00bb","block_context":{"text":"NA","link":"https:\/\/www.edder.org\/?cat=3"},"img":{"alt_text":"","src":"","width":0,"height":0},"classes":[]},{"id":208,"url":"https:\/\/www.edder.org\/?p=208","url_meta":{"origin":657,"position":4},"title":"Tradici\u00f3n","author":"Eder","date":"viernes, 5 Dic, 2008","format":false,"excerpt":"El titular de este peri\u00f3dico lo dec\u00eda todo: \u201cEl Gobierno cumple con el precepto de asistir a la misa en Javier\u201d. En efecto, o\u00edr misa es el primero de los preceptos de la Santa Madre Iglesia. Por descontando que el D\u00eda de Navarra es d\u00eda de mucha fiesta y mucho\u2026","rel":"","context":"En \u00abNA\u00bb","block_context":{"text":"NA","link":"https:\/\/www.edder.org\/?cat=3"},"img":{"alt_text":"","src":"","width":0,"height":0},"classes":[]},{"id":54,"url":"https:\/\/www.edder.org\/?p=54","url_meta":{"origin":657,"position":5},"title":"Erre que erre","author":"Eder","date":"viernes, 28 Abr, 2006","format":false,"excerpt":"","rel":"","context":"En \u00abNA\u00bb","block_context":{"text":"NA","link":"https:\/\/www.edder.org\/?cat=3"},"img":{"alt_text":"","src":"","width":0,"height":0},"classes":[]}],"jetpack_likes_enabled":true,"_links":{"self":[{"href":"https:\/\/www.edder.org\/index.php?rest_route=\/wp\/v2\/posts\/657","targetHints":{"allow":["GET"]}}],"collection":[{"href":"https:\/\/www.edder.org\/index.php?rest_route=\/wp\/v2\/posts"}],"about":[{"href":"https:\/\/www.edder.org\/index.php?rest_route=\/wp\/v2\/types\/post"}],"author":[{"embeddable":true,"href":"https:\/\/www.edder.org\/index.php?rest_route=\/wp\/v2\/users\/82"}],"replies":[{"embeddable":true,"href":"https:\/\/www.edder.org\/index.php?rest_route=%2Fwp%2Fv2%2Fcomments&post=657"}],"version-history":[{"count":0,"href":"https:\/\/www.edder.org\/index.php?rest_route=\/wp\/v2\/posts\/657\/revisions"}],"wp:featuredmedia":[{"embeddable":true,"href":"https:\/\/www.edder.org\/index.php?rest_route=\/wp\/v2\/media\/12050"}],"wp:attachment":[{"href":"https:\/\/www.edder.org\/index.php?rest_route=%2Fwp%2Fv2%2Fmedia&parent=657"}],"wp:term":[{"taxonomy":"category","embeddable":true,"href":"https:\/\/www.edder.org\/index.php?rest_route=%2Fwp%2Fv2%2Fcategories&post=657"},{"taxonomy":"post_tag","embeddable":true,"href":"https:\/\/www.edder.org\/index.php?rest_route=%2Fwp%2Fv2%2Ftags&post=657"}],"curies":[{"name":"wp","href":"https:\/\/api.w.org\/{rel}","templated":true}]}}