{"id":65,"date":"2006-10-06T11:05:47","date_gmt":"2006-10-06T09:05:47","guid":{"rendered":"https:\/\/www.edder.org\/?p=65"},"modified":"2025-05-02T09:25:41","modified_gmt":"2025-05-02T07:25:41","slug":"la-propaganda-del-reich-del-reich-no-de-navarra","status":"publish","type":"post","link":"https:\/\/www.edder.org\/?p=65","title":{"rendered":"La propaganda del Reich (del Reich-no de Navarra)"},"content":{"rendered":"<p><div class=\"fusion-fullwidth fullwidth-box fusion-builder-row-1 fusion-flex-container has-pattern-background has-mask-background nonhundred-percent-fullwidth non-hundred-percent-height-scrolling\" style=\"--awb-border-radius-top-left:0px;--awb-border-radius-top-right:0px;--awb-border-radius-bottom-right:0px;--awb-border-radius-bottom-left:0px;--awb-flex-wrap:wrap;\" ><div class=\"fusion-builder-row fusion-row fusion-flex-align-items-flex-start fusion-flex-content-wrap\" style=\"max-width:1248px;margin-left: calc(-4% \/ 2 );margin-right: calc(-4% \/ 2 );\"><div class=\"fusion-layout-column fusion_builder_column fusion-builder-column-0 fusion_builder_column_1_3 1_3 fusion-flex-column\" style=\"--awb-bg-size:cover;--awb-width-large:33.333333333333%;--awb-margin-top-large:0px;--awb-spacing-right-large:5.76%;--awb-margin-bottom-large:20px;--awb-spacing-left-large:5.76%;--awb-width-medium:100%;--awb-order-medium:0;--awb-spacing-right-medium:1.92%;--awb-spacing-left-medium:1.92%;--awb-width-small:100%;--awb-order-small:0;--awb-spacing-right-small:1.92%;--awb-spacing-left-small:1.92%;\"><div class=\"fusion-column-wrapper fusion-column-has-shadow fusion-flex-justify-content-flex-start fusion-content-layout-column\"><\/div><\/div><div class=\"fusion-layout-column fusion_builder_column fusion-builder-column-1 fusion_builder_column_2_3 2_3 fusion-flex-column\" style=\"--awb-bg-size:cover;--awb-width-large:66.666666666667%;--awb-margin-top-large:0px;--awb-spacing-right-large:2.88%;--awb-margin-bottom-large:20px;--awb-spacing-left-large:2.88%;--awb-width-medium:100%;--awb-order-medium:0;--awb-spacing-right-medium:1.92%;--awb-spacing-left-medium:1.92%;--awb-width-small:100%;--awb-order-small:0;--awb-spacing-right-small:1.92%;--awb-spacing-left-small:1.92%;\"><div class=\"fusion-column-wrapper fusion-column-has-shadow fusion-flex-justify-content-flex-start fusion-content-layout-column\"><div class=\"fusion-text fusion-text-1\" style=\"--awb-font-size:22px;\"><p>\u00abV\u00edctor Manuel Arbeloa se encontr\u00f3 en un cop\u00f3n los ovarios de una boa.\u00bb Eso es lo que escribi\u00f3 el por entonces poeta de la Ma\u00f1ueta, en respuesta a unos ripios que le hab\u00eda dedicado el cura Arbeloa: \u00abPoeta de la Ma\u00f1ueta, ci\u00e9rrate ya la bragueta\u00bb. Aquel beligerante cruce de versos adversos se dio en un tiempo remot\u00edsimo en el que el deporte favorito del de la Ma\u00f1ueta era espantar beatas y el del de Ma\u00f1eru combatir al feudalismo foral [sic] con su <em>Rima del Pueblo<\/em>. Oh tiempos. Ha pasado agua bajo los puentes. Hoy el de la Ma\u00f1ueta comparte tribuna con su oponente en tareas de hagi\u00f3grafo foral. Por su parte, al de Ma\u00f1eru le ha tocado en suerte ser la Leni Riefenstahl del Reich, de este Reich-no de diversidad que se celebra y magnifica a s\u00ed mismo en la magna exposici\u00f3n <em>Navarra: Un futuro entre todos<\/em>. No es s\u00f3lo que Riefenstahl pusiese en <em>El triunfo de la voluntad<\/em> las im\u00e1genes necesarias para que los ministros del Reich dijeran aquello que nos suena hoy tan foral: \u00ab\u00a1Ha comenzado la construcci\u00f3n de las grandes autopistas del Reich! \u00a1Dondequiera que miremos hay algo en construcci\u00f3n!\u00bb; no es s\u00f3lo que en la exposici\u00f3n deportistas a toda pantalla encarnen la imagen de nuestro destino universal; es que en el cat\u00e1logo de la exposici\u00f3n se han escrito sandeces tan notables como tantas solemnes majader\u00edas que el Reich propalaba. \u00abTradici\u00f3n en progreso\u00bb, escribe Arbeloa en su presentaci\u00f3n, despu\u00e9s de hablarnos del \u00abtiempo ontol\u00f3gico\u00bb y la \u00abvida temp\u00f3rea\u00bb [sic]. \u00abVencer al tiempo con el tiempo\u00bb, dice un embarullado profesor de la UPNA, despu\u00e9s de disertar sobre el concepto de \u2018puente\u2019 y sobrevolar a Simmel, Nietzsche y Heidegger. Ni quienes han escrito tama\u00f1as tonter\u00edas creen mucho en su sustancia, por lo que el mismo Arbeloa lo f\u00eda todo a la potencia de las im\u00e1genes. La potencia propagand\u00edstica de las im\u00e1genes a lo Riefenstahl que revivimos como comedia \u2013tom\u00e9moslo a risa\u2013 en este visionario <em>Reich-no<\/em> de la diversidad y asombro del Universo.<\/p>\n<\/div><\/div><\/div><\/div><\/div><div class=\"fusion-fullwidth fullwidth-box fusion-builder-row-2 hundred-percent-fullwidth non-hundred-percent-height-scrolling\" style=\"--awb-border-radius-top-left:0px;--awb-border-radius-top-right:0px;--awb-border-radius-bottom-right:0px;--awb-border-radius-bottom-left:0px;--awb-overflow:visible;--awb-flex-wrap:wrap;\" ><div class=\"fusion-builder-row fusion-row\"><div class=\"fusion-layout-column fusion_builder_column fusion-builder-column-2 fusion_builder_column_1_1 1_1 fusion-one-full fusion-column-first fusion-column-last fusion-column-no-min-height\" style=\"--awb-bg-size:cover;--awb-margin-bottom:0px;\"><div class=\"fusion-column-wrapper fusion-flex-column-wrapper-legacy\"><div class=\"fusion-text fusion-text-2\"><div align=\"right\">Publicado el 06.10.2006\u00a0 en <a href=\"http:\/\/www.noticiasdenavarra.com\/ediciones\/2006\/10\/06\/opinion\/contra.php\" target=\"blank\">Diario de Noticias<\/a><\/div>\n<\/div><div class=\"fusion-clearfix\"><\/div><\/div><\/div><\/div><\/div><\/p>\n","protected":false},"excerpt":{"rendered":"","protected":false},"author":82,"featured_media":0,"comment_status":"open","ping_status":"open","sticky":false,"template":"","format":"standard","meta":{"jetpack_post_was_ever_published":false,"_jetpack_newsletter_access":"","_jetpack_dont_email_post_to_subs":false,"_jetpack_newsletter_tier_id":0,"_jetpack_memberships_contains_paywalled_content":false,"_jetpack_memberships_contains_paid_content":false,"footnotes":"","jetpack_publicize_message":"","jetpack_publicize_feature_enabled":true,"jetpack_social_post_already_shared":false,"jetpack_social_options":{"image_generator_settings":{"template":"highway","default_image_id":0,"font":"","enabled":false},"version":2}},"categories":[3],"tags":[],"class_list":["post-65","post","type-post","status-publish","format-standard","hentry","category-na"],"jetpack_publicize_connections":[],"jetpack_featured_media_url":"","jetpack_shortlink":"https:\/\/wp.me\/p6kHv-13","jetpack_sharing_enabled":true,"jetpack-related-posts":[{"id":42997,"url":"https:\/\/www.edder.org\/?p=42997","url_meta":{"origin":65,"position":0},"title":"Futbolmarianismo y regionalcatolicismo de los siglos XX y XXI","author":"Eder","date":"mi\u00e9rcoles, 21 Ago, 2024","format":false,"excerpt":"","rel":"","context":"En \u00abPrehistoria contempor\u00e1nea\u00bb","block_context":{"text":"Prehistoria contempor\u00e1nea","link":"https:\/\/www.edder.org\/?cat=90"},"img":{"alt_text":"","src":"https:\/\/i0.wp.com\/www.edder.org\/upload\/2024\/08\/athletic_begogna.png?resize=350%2C200&ssl=1","width":350,"height":200,"srcset":"https:\/\/i0.wp.com\/www.edder.org\/upload\/2024\/08\/athletic_begogna.png?resize=350%2C200&ssl=1 1x, https:\/\/i0.wp.com\/www.edder.org\/upload\/2024\/08\/athletic_begogna.png?resize=525%2C300&ssl=1 1.5x, https:\/\/i0.wp.com\/www.edder.org\/upload\/2024\/08\/athletic_begogna.png?resize=700%2C400&ssl=1 2x, https:\/\/i0.wp.com\/www.edder.org\/upload\/2024\/08\/athletic_begogna.png?resize=1050%2C600&ssl=1 3x"},"classes":[]},{"id":39232,"url":"https:\/\/www.edder.org\/?p=39232","url_meta":{"origin":65,"position":1},"title":"Mi t\u00edo Toby silbaba el lilliburlero","author":"Eder","date":"martes, 24 Nov, 2020","format":false,"excerpt":"","rel":"","context":"En \u00abCine\u00bb","block_context":{"text":"Cine","link":"https:\/\/www.edder.org\/?cat=79"},"img":{"alt_text":"","src":"https:\/\/i0.wp.com\/www.edder.org\/upload\/2020\/11\/lilliburlero2.jpg?resize=350%2C200&ssl=1","width":350,"height":200},"classes":[]},{"id":40290,"url":"https:\/\/www.edder.org\/?p=40290","url_meta":{"origin":65,"position":2},"title":"La politesse","author":"Eder","date":"martes, 2 Mar, 2021","format":false,"excerpt":"","rel":"","context":"En \u00abCine\u00bb","block_context":{"text":"Cine","link":"https:\/\/www.edder.org\/?cat=79"},"img":{"alt_text":"","src":"https:\/\/i0.wp.com\/www.edder.org\/upload\/2021\/03\/politesse.png?resize=350%2C200&ssl=1","width":350,"height":200,"srcset":"https:\/\/i0.wp.com\/www.edder.org\/upload\/2021\/03\/politesse.png?resize=350%2C200&ssl=1 1x, https:\/\/i0.wp.com\/www.edder.org\/upload\/2021\/03\/politesse.png?resize=525%2C300&ssl=1 1.5x, https:\/\/i0.wp.com\/www.edder.org\/upload\/2021\/03\/politesse.png?resize=700%2C400&ssl=1 2x"},"classes":[]},{"id":40255,"url":"https:\/\/www.edder.org\/?p=40255","url_meta":{"origin":65,"position":3},"title":"Tucumcari (Nuevo M\u00e9xico, EE. UU), 1970. Me &#038; Bobby McGee","author":"Eder","date":"domingo, 28 Feb, 2021","format":false,"excerpt":"","rel":"","context":"En \u00abCine\u00bb","block_context":{"text":"Cine","link":"https:\/\/www.edder.org\/?cat=79"},"img":{"alt_text":"","src":"https:\/\/i0.wp.com\/www.edder.org\/upload\/2021\/02\/Screenshot-2021-03-07-at-21.59.21.png?resize=350%2C200&ssl=1","width":350,"height":200},"classes":[]},{"id":42588,"url":"https:\/\/www.edder.org\/?p=42588","url_meta":{"origin":65,"position":4},"title":"Resignifica y mira qu\u00e9 te queda","author":"Eder","date":"viernes, 12 Abr, 2024","format":false,"excerpt":"","rel":"","context":"En \u00abActualidades\u00bb","block_context":{"text":"Actualidades","link":"https:\/\/www.edder.org\/?cat=802"},"img":{"alt_text":"","src":"https:\/\/i0.wp.com\/www.edder.org\/upload\/2018\/04\/sachsenhausen_head.jpg?resize=350%2C200&ssl=1","width":350,"height":200,"srcset":"https:\/\/i0.wp.com\/www.edder.org\/upload\/2018\/04\/sachsenhausen_head.jpg?resize=350%2C200&ssl=1 1x, https:\/\/i0.wp.com\/www.edder.org\/upload\/2018\/04\/sachsenhausen_head.jpg?resize=525%2C300&ssl=1 1.5x, https:\/\/i0.wp.com\/www.edder.org\/upload\/2018\/04\/sachsenhausen_head.jpg?resize=700%2C400&ssl=1 2x"},"classes":[]},{"id":43103,"url":"https:\/\/www.edder.org\/?p=43103","url_meta":{"origin":65,"position":5},"title":"Kris Kristofferson: todos los caminos equivocados de vuelta a casa","author":"Eder","date":"martes, 1 Oct, 2024","format":false,"excerpt":"","rel":"","context":"En \u00abCine\u00bb","block_context":{"text":"Cine","link":"https:\/\/www.edder.org\/?cat=79"},"img":{"alt_text":"","src":"https:\/\/i0.wp.com\/www.edder.org\/upload\/2016\/12\/Captura-de-pantalla-2017-03-14-a-las-21.03.12.png?resize=350%2C200&ssl=1","width":350,"height":200,"srcset":"https:\/\/i0.wp.com\/www.edder.org\/upload\/2016\/12\/Captura-de-pantalla-2017-03-14-a-las-21.03.12.png?resize=350%2C200&ssl=1 1x, https:\/\/i0.wp.com\/www.edder.org\/upload\/2016\/12\/Captura-de-pantalla-2017-03-14-a-las-21.03.12.png?resize=525%2C300&ssl=1 1.5x"},"classes":[]}],"jetpack_likes_enabled":true,"_links":{"self":[{"href":"https:\/\/www.edder.org\/index.php?rest_route=\/wp\/v2\/posts\/65","targetHints":{"allow":["GET"]}}],"collection":[{"href":"https:\/\/www.edder.org\/index.php?rest_route=\/wp\/v2\/posts"}],"about":[{"href":"https:\/\/www.edder.org\/index.php?rest_route=\/wp\/v2\/types\/post"}],"author":[{"embeddable":true,"href":"https:\/\/www.edder.org\/index.php?rest_route=\/wp\/v2\/users\/82"}],"replies":[{"embeddable":true,"href":"https:\/\/www.edder.org\/index.php?rest_route=%2Fwp%2Fv2%2Fcomments&post=65"}],"version-history":[{"count":0,"href":"https:\/\/www.edder.org\/index.php?rest_route=\/wp\/v2\/posts\/65\/revisions"}],"wp:attachment":[{"href":"https:\/\/www.edder.org\/index.php?rest_route=%2Fwp%2Fv2%2Fmedia&parent=65"}],"wp:term":[{"taxonomy":"category","embeddable":true,"href":"https:\/\/www.edder.org\/index.php?rest_route=%2Fwp%2Fv2%2Fcategories&post=65"},{"taxonomy":"post_tag","embeddable":true,"href":"https:\/\/www.edder.org\/index.php?rest_route=%2Fwp%2Fv2%2Ftags&post=65"}],"curies":[{"name":"wp","href":"https:\/\/api.w.org\/{rel}","templated":true}]}}