{"id":64,"date":"2006-09-29T08:00:30","date_gmt":"2006-09-29T06:00:30","guid":{"rendered":"https:\/\/www.edder.org\/?p=64"},"modified":"2018-07-27T16:38:41","modified_gmt":"2018-07-27T14:38:41","slug":"alcandor-de-espana","status":"publish","type":"post","link":"https:\/\/www.edder.org\/?p=64","title":{"rendered":"Alcanfor de Espa\u00f1a"},"content":{"rendered":"<p>Lo dijo Pem&aacute;n. Lo dijo aquel escritor de quinta que seg&uacute;n sus propios admiradores bordaba filigranas de primera en la tercera del ABC. Lo dijo aquel profesional del senequismo tabernario por los a&ntilde;os triunfales del nacionalcatolicismo, all&aacute; por la segunda venida del <em>Divino impaciente<\/em>. Entonces fue cuando Pem&aacute;n dijo lo de la Navarra Aeterna. &laquo;Esta Navarra eternamente joven, alcanfor de Espa&ntilde;a, espliego de Occidente&raquo;, dijo. Lo dijo en Javier, no s&eacute; si durante uno de los advenimientos del brazo incorrupto. S&iacute; s&eacute; que por entonces &ndash;en aquella imparable marea de congresos eucar&iacute;sticos y fervores marianos&ndash; su hagiograf&iacute;a en verso de la vida y milagros del santo vivi&oacute; los &eacute;xitos de los que no hab&iacute;a gozado en su estreno. El estreno &ndash;primera venida&ndash; del <em>Divino impaciente<\/em> se dio a principios de los a&ntilde;os 30. Los hechos son conocidos. Aza&ntilde;a &ndash;qu&eacute; valor&ndash; hab&iacute;a mandado retirar los crucifijos de las escuelas p&uacute;blicas, casus belli que nos llev&oacute; a la <em>yihad<\/em>. La repuesta de la Navarra Aeterna ante tama&ntilde;a provocaci&oacute;n fue la gran cruz hoy sita en la plaza pamplonesa del mismo nombre y la cruz colosal del seminario diocesano. En sinton&iacute;a con la Navarra Aeterna, Pem&aacute;n respondi&oacute; a la provocaci&oacute;n con <em>El divino impaciente<\/em>, hagiograf&iacute;a del santo navarro, toda ella en verso &ndash;como <em>La venganza de don Mendo<\/em>&ndash; y m&aacute;s larga que la Pasi&oacute;n &ndash;m&aacute;s incluso que <em>Lo que el viento se llev&oacute;<\/em>&ndash;. Todo un pulso a Aza&ntilde;a y todo un <em>tour de force<\/em> teatral. Asistimos &ndash;tal es el hecho hist&oacute;rico&ndash; a la tercera venida del <em>Divino impaciente<\/em>, dentro de nada en su teatro favorito. El esperado tercer advenimiento ten&iacute;a que darse en este <em>Reyno<\/em> de lo diverso, hoy surcado por las rutas del turismo de sacrist&iacute;a, que alcanfora a Espa&ntilde;a y perfuma a Occidente con incensarios como el de Pem&aacute;n. No en vano venimos de los fuegos de campamento juvenil cat&oacute;licos de este verano y vamos hacia el Congreso de la Familia &ndash;ese baluarte natural&ndash; que va a celebrarse en el Baluarte &ndash;ese dique artificial&ndash;. Mucha mierda para los artistas y mucho incienso para todos los dem&aacute;s.<\/p>\n<div align=\"right\">Publicado en <a href=\"http:\/\/www.noticiasdenavarra.com\/ediciones\/2006\/09\/29\/opinion\/contra.php\" target=\"blank\">Diario de Noticias<\/a><img class=\"lazyload\" decoding=\"async\" align=\"right\" alt=\"dn\" src=\"data:image\/gif;base64,R0lGODlhAQABAAAAACH5BAEKAAEALAAAAAABAAEAAAICTAEAOw==\" data-orig-src=\"https:\/\/www.edder.org\/images\/dn.gif\" title=\"dn\" \/><\/div>\n","protected":false},"excerpt":{"rendered":"<p>Lo dijo Pem&aacute;n. Lo dijo aquel escritor de quinta que seg&uacute;n sus propios admiradores bordaba filigranas de primera en la tercera del ABC. Lo dijo aquel profesional del senequismo tabernario por los a&ntilde;os triunfales del nacionalcatolicismo, all&aacute; por la segunda venida del Divino impaciente. Entonces fue cuando Pem&aacute;n dijo lo de la Navarra Aeterna. &laquo;Esta Navarra eternamente joven, alcanfor de Espa&ntilde;a, espliego de Occidente&raquo;, dijo. Lo dijo en Javier, no s&eacute; si durante uno de los advenimientos del brazo incorrupto. S&iacute; s&eacute; que por entonces &ndash;en aquella imparable marea de congresos eucar&iacute;sticos y fervores marianos&ndash; su hagiograf&iacute;a en verso de la vida y milagros del santo vivi&oacute; los &eacute;xitos de los que no hab&iacute;a gozado en su estreno. El estreno &ndash;primera venida&ndash; del Divino impaciente se dio  [&#8230;]<\/p>\n","protected":false},"author":82,"featured_media":0,"comment_status":"open","ping_status":"open","sticky":false,"template":"","format":"standard","meta":{"jetpack_post_was_ever_published":false,"_jetpack_newsletter_access":"","_jetpack_dont_email_post_to_subs":false,"_jetpack_newsletter_tier_id":0,"_jetpack_memberships_contains_paywalled_content":false,"_jetpack_memberships_contains_paid_content":false,"footnotes":"","jetpack_publicize_message":"","jetpack_publicize_feature_enabled":true,"jetpack_social_post_already_shared":false,"jetpack_social_options":{"image_generator_settings":{"template":"highway","default_image_id":0,"font":"","enabled":false},"version":2}},"categories":[3],"tags":[],"class_list":["post-64","post","type-post","status-publish","format-standard","hentry","category-na"],"jetpack_publicize_connections":[],"jetpack_featured_media_url":"","jetpack_shortlink":"https:\/\/wp.me\/p6kHv-12","jetpack_sharing_enabled":true,"jetpack-related-posts":[{"id":15050,"url":"https:\/\/www.edder.org\/?p=15050","url_meta":{"origin":64,"position":0},"title":"\u00bfAbortar? \u00a1No en Texas!","author":"Eder","date":"domingo, 31 Mar, 2019","format":false,"excerpt":"Hasta ayer mismo, hasta esta legislatura que se va, los sucesivos gobiernos de la derecha navarra que hemos tenido ocasi\u00f3n de disfrutar met\u00edan a nuestras abortistas en un autob\u00fas y las mandaban a interrumpir sus embarazos de Ejea de los Caballeros para all\u00e1, fuera de nuestras fronteras forales. Navarra, alcanfor\u2026","rel":"","context":"En \u00abCine\u00bb","block_context":{"text":"Cine","link":"https:\/\/www.edder.org\/?cat=79"},"img":{"alt_text":"","src":"https:\/\/i0.wp.com\/www.edder.org\/upload\/2019\/03\/peman.jpg?resize=350%2C200&ssl=1","width":350,"height":200},"classes":[]},{"id":635,"url":"https:\/\/www.edder.org\/?p=635","url_meta":{"origin":64,"position":1},"title":"Ba\u00fal de los recuerdos","author":"Eder","date":"s\u00e1bado, 3 Abr, 2010","format":false,"excerpt":"Navarra en el Plan Divino Yolanda y \u00abyo, Landa\u00bb Alcanfor Alcanfor de Espa\u00f1a Pamplonesas todas","rel":"","context":"En \u00abNA\u00bb","block_context":{"text":"NA","link":"https:\/\/www.edder.org\/?cat=3"},"img":{"alt_text":"","src":"","width":0,"height":0},"classes":[]},{"id":327,"url":"https:\/\/www.edder.org\/?p=327","url_meta":{"origin":64,"position":2},"title":"Alcanfor","author":"Eder","date":"viernes, 20 Mar, 2009","format":false,"excerpt":"Trepidante actividad cultural en la arena \u2013pron\u00fanciese \u2018harina\u2019\u2013 del Reyno. Trepidante actividad cultural ante la inminencia de la Semana Santa y con el 2016 a la vuelta de la esquina. Javieradas aparte, trepidante actividad cultural en el reyno viejo; reino que, como dijera Pem\u00e1n \u2013el poeta del R\u00e9gimen que por\u2026","rel":"","context":"En \u00abNA\u00bb","block_context":{"text":"NA","link":"https:\/\/www.edder.org\/?cat=3"},"img":{"alt_text":"","src":"","width":0,"height":0},"classes":[]},{"id":529,"url":"https:\/\/www.edder.org\/?p=529","url_meta":{"origin":64,"position":3},"title":"Navarra en el Plan Divino","author":"Eder","date":"viernes, 11 Dic, 2009","format":false,"excerpt":"\u00c9ramos pocos, no \u00e9ramos m\u00e1s que los del sistema sanitario navarro, con el batall\u00f3n de m\u00e9dicos acogidos a la objeci\u00f3n de conciencia, derecho pendiente de regulaci\u00f3n legal en Espa\u00f1a, pero muy vigente por la v\u00eda de los hechos consumados en Navarra\u2026 No \u00e9ramos, digo, m\u00e1s que los del sistema sanitario\u2026","rel":"","context":"En \u00abNA\u00bb","block_context":{"text":"NA","link":"https:\/\/www.edder.org\/?cat=3"},"img":{"alt_text":"","src":"","width":0,"height":0},"classes":[]},{"id":2,"url":"https:\/\/www.edder.org\/?p=2","url_meta":{"origin":64,"position":4},"title":"Pamplonesas todas","author":"Eder","date":"domingo, 25 Sep, 2005","format":false,"excerpt":"En estos momentos de universal alegr\u00eda y et\u00edlico desvar\u00edo \u2013aqu\u00ed como en Londres\u2013, perm\u00edtanme presentarme: Javier Eder, cada ma\u00f1ana en directo para ustedes \u2013si el tiempo y el percance et\u00edlico no lo impiden\u2013, desde Pamplona-Iru\u00f1a, capital del continente navarro y epicentro del universo. Que Pamplona es el epicentro del terremoto\u2026","rel":"","context":"En \u00abNA\u00bb","block_context":{"text":"NA","link":"https:\/\/www.edder.org\/?cat=3"},"img":{"alt_text":"","src":"","width":0,"height":0},"classes":[]},{"id":519,"url":"https:\/\/www.edder.org\/?p=519","url_meta":{"origin":64,"position":5},"title":"Yolanda y \u00abyo, Landa\u00bb","author":"Eder","date":"viernes, 20 Nov, 2009","format":false,"excerpt":"Yolanda, todo junto, y \u201cyo, Landa\u201d, por separado, no como Melinda y Melinda. Por un lado, Yolanda: esa se\u00f1ora que conjuga tradici\u00f3n y modernidad al vindicar la reacci\u00f3n integrista de los Rodezno y al ejecutar las m\u00e1s modernas obras de arquitectura, como el inminente Museo de los Sanfermines. Por otro\u2026","rel":"","context":"En \u00abNA\u00bb","block_context":{"text":"NA","link":"https:\/\/www.edder.org\/?cat=3"},"img":{"alt_text":"","src":"","width":0,"height":0},"classes":[]}],"jetpack_likes_enabled":true,"_links":{"self":[{"href":"https:\/\/www.edder.org\/index.php?rest_route=\/wp\/v2\/posts\/64","targetHints":{"allow":["GET"]}}],"collection":[{"href":"https:\/\/www.edder.org\/index.php?rest_route=\/wp\/v2\/posts"}],"about":[{"href":"https:\/\/www.edder.org\/index.php?rest_route=\/wp\/v2\/types\/post"}],"author":[{"embeddable":true,"href":"https:\/\/www.edder.org\/index.php?rest_route=\/wp\/v2\/users\/82"}],"replies":[{"embeddable":true,"href":"https:\/\/www.edder.org\/index.php?rest_route=%2Fwp%2Fv2%2Fcomments&post=64"}],"version-history":[{"count":0,"href":"https:\/\/www.edder.org\/index.php?rest_route=\/wp\/v2\/posts\/64\/revisions"}],"wp:attachment":[{"href":"https:\/\/www.edder.org\/index.php?rest_route=%2Fwp%2Fv2%2Fmedia&parent=64"}],"wp:term":[{"taxonomy":"category","embeddable":true,"href":"https:\/\/www.edder.org\/index.php?rest_route=%2Fwp%2Fv2%2Fcategories&post=64"},{"taxonomy":"post_tag","embeddable":true,"href":"https:\/\/www.edder.org\/index.php?rest_route=%2Fwp%2Fv2%2Ftags&post=64"}],"curies":[{"name":"wp","href":"https:\/\/api.w.org\/{rel}","templated":true}]}}