{"id":635,"date":"2010-04-03T20:26:15","date_gmt":"2010-04-03T19:26:15","guid":{"rendered":"https:\/\/www.edder.org\/?p=635"},"modified":"2018-07-27T16:37:52","modified_gmt":"2018-07-27T14:37:52","slug":"baul-de-los-recuerdos","status":"publish","type":"post","link":"https:\/\/www.edder.org\/?p=635","title":{"rendered":"Ba\u00fal de los recuerdos"},"content":{"rendered":"<p><img class=\"lazyload\" decoding=\"async\" src=\"data:image\/gif;base64,R0lGODlhAQABAAAAACH5BAEKAAEALAAAAAABAAEAAAICTAEAOw==\" data-orig-src=\"http:\/\/edder.org\/images\/peman.gif\" alt=\"divino impaciente\" \/><\/p>\n<p><a href=\"https:\/\/www.edder.org\/?p=529\">Navarra en el Plan Divino<\/a><br \/>\n<a href=\"https:\/\/www.edder.org\/?p=519\">Yolanda y \u00abyo, Landa\u00bb<\/a><br \/>\n<a href=\"https:\/\/www.edder.org\/?p=327\">Alcanfor<\/a><br \/>\n<a href=\"https:\/\/www.edder.org\/?p=64\">Alcanfor de Espa\u00f1a<\/a><br \/>\n<a href=\"https:\/\/www.edder.org\/?p=2\">Pamplonesas todas<\/a><\/p>\n","protected":false},"excerpt":{"rendered":"<p>Navarra en el Plan Divino Yolanda y \u00abyo, Landa\u00bb Alcanfor Alcanfor de Espa\u00f1a Pamplonesas todas<\/p>\n","protected":false},"author":82,"featured_media":0,"comment_status":"open","ping_status":"open","sticky":false,"template":"","format":"standard","meta":{"jetpack_post_was_ever_published":false,"_jetpack_newsletter_access":"","_jetpack_dont_email_post_to_subs":false,"_jetpack_newsletter_tier_id":0,"_jetpack_memberships_contains_paywalled_content":false,"_jetpack_memberships_contains_paid_content":false,"footnotes":"","jetpack_publicize_message":"","jetpack_publicize_feature_enabled":true,"jetpack_social_post_already_shared":false,"jetpack_social_options":{"image_generator_settings":{"template":"highway","default_image_id":0,"font":"","enabled":false},"version":2}},"categories":[3],"tags":[],"class_list":["post-635","post","type-post","status-publish","format-standard","hentry","category-na"],"jetpack_publicize_connections":[],"jetpack_featured_media_url":"","jetpack_shortlink":"https:\/\/wp.me\/p6kHv-af","jetpack_sharing_enabled":true,"jetpack-related-posts":[{"id":519,"url":"https:\/\/www.edder.org\/?p=519","url_meta":{"origin":635,"position":0},"title":"Yolanda y \u00abyo, Landa\u00bb","author":"Eder","date":"viernes, 20 Nov, 2009","format":false,"excerpt":"Yolanda, todo junto, y \u201cyo, Landa\u201d, por separado, no como Melinda y Melinda. Por un lado, Yolanda: esa se\u00f1ora que conjuga tradici\u00f3n y modernidad al vindicar la reacci\u00f3n integrista de los Rodezno y al ejecutar las m\u00e1s modernas obras de arquitectura, como el inminente Museo de los Sanfermines. Por otro\u2026","rel":"","context":"En \u00abNA\u00bb","block_context":{"text":"NA","link":"https:\/\/www.edder.org\/?cat=3"},"img":{"alt_text":"","src":"","width":0,"height":0},"classes":[]},{"id":64,"url":"https:\/\/www.edder.org\/?p=64","url_meta":{"origin":635,"position":1},"title":"Alcanfor de Espa\u00f1a","author":"Eder","date":"viernes, 29 Sep, 2006","format":false,"excerpt":"Lo dijo Pem\u00e1n. Lo dijo aquel escritor de quinta que seg\u00fan sus propios admiradores bordaba filigranas de primera en la tercera del ABC. Lo dijo aquel profesional del senequismo tabernario por los a\u00f1os triunfales del nacionalcatolicismo, all\u00e1 por la segunda venida del Divino impaciente. Entonces fue cuando Pem\u00e1n dijo lo\u2026","rel":"","context":"En \u00abNA\u00bb","block_context":{"text":"NA","link":"https:\/\/www.edder.org\/?cat=3"},"img":{"alt_text":"","src":"","width":0,"height":0},"classes":[]},{"id":529,"url":"https:\/\/www.edder.org\/?p=529","url_meta":{"origin":635,"position":2},"title":"Navarra en el Plan Divino","author":"Eder","date":"viernes, 11 Dic, 2009","format":false,"excerpt":"\u00c9ramos pocos, no \u00e9ramos m\u00e1s que los del sistema sanitario navarro, con el batall\u00f3n de m\u00e9dicos acogidos a la objeci\u00f3n de conciencia, derecho pendiente de regulaci\u00f3n legal en Espa\u00f1a, pero muy vigente por la v\u00eda de los hechos consumados en Navarra\u2026 No \u00e9ramos, digo, m\u00e1s que los del sistema sanitario\u2026","rel":"","context":"En \u00abNA\u00bb","block_context":{"text":"NA","link":"https:\/\/www.edder.org\/?cat=3"},"img":{"alt_text":"","src":"","width":0,"height":0},"classes":[]},{"id":2,"url":"https:\/\/www.edder.org\/?p=2","url_meta":{"origin":635,"position":3},"title":"Pamplonesas todas","author":"Eder","date":"domingo, 25 Sep, 2005","format":false,"excerpt":"En estos momentos de universal alegr\u00eda y et\u00edlico desvar\u00edo \u2013aqu\u00ed como en Londres\u2013, perm\u00edtanme presentarme: Javier Eder, cada ma\u00f1ana en directo para ustedes \u2013si el tiempo y el percance et\u00edlico no lo impiden\u2013, desde Pamplona-Iru\u00f1a, capital del continente navarro y epicentro del universo. Que Pamplona es el epicentro del terremoto\u2026","rel":"","context":"En \u00abNA\u00bb","block_context":{"text":"NA","link":"https:\/\/www.edder.org\/?cat=3"},"img":{"alt_text":"","src":"","width":0,"height":0},"classes":[]},{"id":15050,"url":"https:\/\/www.edder.org\/?p=15050","url_meta":{"origin":635,"position":4},"title":"\u00bfAbortar? \u00a1No en Texas!","author":"Eder","date":"domingo, 31 Mar, 2019","format":false,"excerpt":"Hasta ayer mismo, hasta esta legislatura que se va, los sucesivos gobiernos de la derecha navarra que hemos tenido ocasi\u00f3n de disfrutar met\u00edan a nuestras abortistas en un autob\u00fas y las mandaban a interrumpir sus embarazos de Ejea de los Caballeros para all\u00e1, fuera de nuestras fronteras forales. Navarra, alcanfor\u2026","rel":"","context":"En \u00abCine\u00bb","block_context":{"text":"Cine","link":"https:\/\/www.edder.org\/?cat=79"},"img":{"alt_text":"","src":"https:\/\/i0.wp.com\/www.edder.org\/upload\/2019\/03\/peman.jpg?resize=350%2C200&ssl=1","width":350,"height":200},"classes":[]},{"id":327,"url":"https:\/\/www.edder.org\/?p=327","url_meta":{"origin":635,"position":5},"title":"Alcanfor","author":"Eder","date":"viernes, 20 Mar, 2009","format":false,"excerpt":"Trepidante actividad cultural en la arena \u2013pron\u00fanciese \u2018harina\u2019\u2013 del Reyno. Trepidante actividad cultural ante la inminencia de la Semana Santa y con el 2016 a la vuelta de la esquina. Javieradas aparte, trepidante actividad cultural en el reyno viejo; reino que, como dijera Pem\u00e1n \u2013el poeta del R\u00e9gimen que por\u2026","rel":"","context":"En \u00abNA\u00bb","block_context":{"text":"NA","link":"https:\/\/www.edder.org\/?cat=3"},"img":{"alt_text":"","src":"","width":0,"height":0},"classes":[]}],"jetpack_likes_enabled":true,"_links":{"self":[{"href":"https:\/\/www.edder.org\/index.php?rest_route=\/wp\/v2\/posts\/635","targetHints":{"allow":["GET"]}}],"collection":[{"href":"https:\/\/www.edder.org\/index.php?rest_route=\/wp\/v2\/posts"}],"about":[{"href":"https:\/\/www.edder.org\/index.php?rest_route=\/wp\/v2\/types\/post"}],"author":[{"embeddable":true,"href":"https:\/\/www.edder.org\/index.php?rest_route=\/wp\/v2\/users\/82"}],"replies":[{"embeddable":true,"href":"https:\/\/www.edder.org\/index.php?rest_route=%2Fwp%2Fv2%2Fcomments&post=635"}],"version-history":[{"count":0,"href":"https:\/\/www.edder.org\/index.php?rest_route=\/wp\/v2\/posts\/635\/revisions"}],"wp:attachment":[{"href":"https:\/\/www.edder.org\/index.php?rest_route=%2Fwp%2Fv2%2Fmedia&parent=635"}],"wp:term":[{"taxonomy":"category","embeddable":true,"href":"https:\/\/www.edder.org\/index.php?rest_route=%2Fwp%2Fv2%2Fcategories&post=635"},{"taxonomy":"post_tag","embeddable":true,"href":"https:\/\/www.edder.org\/index.php?rest_route=%2Fwp%2Fv2%2Ftags&post=635"}],"curies":[{"name":"wp","href":"https:\/\/api.w.org\/{rel}","templated":true}]}}