{"id":631,"date":"2010-04-02T16:34:57","date_gmt":"2010-04-02T15:34:57","guid":{"rendered":"https:\/\/www.edder.org\/?p=631"},"modified":"2018-07-27T16:37:52","modified_gmt":"2018-07-27T14:37:52","slug":"treinta-y-tres","status":"publish","type":"post","link":"https:\/\/www.edder.org\/?p=631","title":{"rendered":"Treinta y tres"},"content":{"rendered":"<p>Treinta y tres: la edad Cristo y la de Godard a la altura de aquella pel\u00edcula en la que los protagonistas bat\u00edan el r\u00e9cord de Jim Johnson, el americano que \u201chizo\u201d \u2013ya que ver no pudo\u2013 el Louvre en nueve minutos y cuarenta y cinco segundos. Casi cincuenta a\u00f1os despu\u00e9s de tan prof\u00e9tico r\u00e9cord \u2013a partir del que \u201cse hace\u201d un museo o una vertiginosa vuelta al mundo\u2013 habr\u00e1 quien en estos cuatro d\u00edas conmemorativos de la muerte de Cristo a los treinta y tres a\u00f1os haga un crucero por el Mediterr\u00e1neo con treinta y tres escalas por lo menos. Un r\u00e9cord y un \u00e9xito, desde luego que social: ay del que no tenga ning\u00fan desplazamiento rel\u00e1mpago con el que deleitar a los dem\u00e1s. Otro \u00e9xito, menor e involuntario, pero a buen seguro que un \u00e9xito, ser\u00e1 el de quienes, a falta de mejor periplo o cosa que hacer, se desplacen hasta el Museo del Carlismo. Otro \u00e9xito del Gobierno, claro, puesto que todas las visitas al museo ser\u00e1n contadas y presentadas por el consejero del ramo como uno m\u00e1s de sus infinitos aciertos. Si Barcina pag\u00f3 sin pesta\u00f1ear tres, cuatro o cinco proyectos de museo saferminero y nunca vio necesidad de encargar un estudio de viabilidad del mismo fue por eso mismo: lo que cuentan son los \u00e9xitos y r\u00e9cords muse\u00edsticos de d\u00edas tan santos como \u00e9stos. Pero para \u00e9xito sin precedentes del Gobierno, el plan de treinta y tres medidas anticrisis del t\u00e1ndem Sanz-Jim\u00e9nez que merced al gasto de treinta y tres millones de euros crear\u00e1 de la nada \u2013o as\u00ed se da ya por hecho\u2013 seis mil empleos. La de batallas que ganan algunos antes de librarlas. Que varias de las treinta y tres medidas del plan \u2013cogidas por los pelos de otros planes, como el Renove o el de promoci\u00f3n de las tecnolog\u00edas, y metidas para la ocasi\u00f3n con calzador\u2013 obtuviesen resultado, no digamos ya resultado duradero y no precario, ser\u00eda milagro m\u00e1s que un \u00e9xito. Pero la creaci\u00f3n de los seis mil empleos que nadie verificar\u00e1 se ha vendido antes de materializarse como un hecho consumado. Diga usted am\u00e9n o treinta y tres.<\/p>\n<p><object width=\"480\" height=\"385\"><param name=\"movie\" value=\"http:\/\/www.youtube.com\/v\/FM6igESrqMk&#038;hl=es_ES&#038;fs=1&#038;\"><\/param><param name=\"allowFullScreen\" value=\"true\"><\/param><param name=\"allowscriptaccess\" value=\"always\"><\/param><\/object><\/p>\n<p align=\"right\">Publicado en <a target=\"blank\" href=\"http:\/\/www.diariodenoticias.com\/opinion\/columnistas\/postal-expres\">Diario de Noticias<\/a><br \/>\n<img class=\"lazyload\" decoding=\"async\" align=\"right\" title=\"dn\" alt=\"dn\" src=\"data:image\/gif;base64,R0lGODlhAQABAAAAACH5BAEKAAEALAAAAAABAAEAAAICTAEAOw==\" data-orig-src=\"https:\/\/www.edder.org\/images\/dn.gif\" \/><\/p>\n","protected":false},"excerpt":{"rendered":"<p>Treinta y tres: la edad Cristo y la de Godard a la altura de aquella pel\u00edcula en la que los protagonistas bat\u00edan el r\u00e9cord de Jim Johnson, el americano que \u201chizo\u201d \u2013ya que ver no pudo\u2013 el Louvre en nueve minutos y cuarenta y cinco segundos. Casi cincuenta a\u00f1os despu\u00e9s de tan prof\u00e9tico r\u00e9cord \u2013a partir del que \u201cse hace\u201d un museo o una vertiginosa vuelta al mundo\u2013 habr\u00e1 quien en estos cuatro d\u00edas conmemorativos de la muerte de Cristo a los treinta y tres a\u00f1os haga un crucero por el Mediterr\u00e1neo con treinta y tres escalas por lo menos. Un r\u00e9cord y un \u00e9xito, desde luego que social: ay del que no tenga ning\u00fan desplazamiento rel\u00e1mpago con el que deleitar a los dem\u00e1s. Otro \u00e9xito, menor  [&#8230;]<\/p>\n","protected":false},"author":82,"featured_media":0,"comment_status":"open","ping_status":"open","sticky":false,"template":"","format":"standard","meta":{"jetpack_post_was_ever_published":false,"_jetpack_newsletter_access":"","_jetpack_dont_email_post_to_subs":false,"_jetpack_newsletter_tier_id":0,"_jetpack_memberships_contains_paywalled_content":false,"_jetpack_memberships_contains_paid_content":false,"footnotes":"","jetpack_publicize_message":"","jetpack_publicize_feature_enabled":true,"jetpack_social_post_already_shared":false,"jetpack_social_options":{"image_generator_settings":{"template":"highway","default_image_id":0,"font":"","enabled":false},"version":2}},"categories":[79,3,1],"tags":[80],"class_list":["post-631","post","type-post","status-publish","format-standard","hentry","category-cine","category-na","category-sin-categorizar","tag-godard"],"jetpack_publicize_connections":[],"jetpack_featured_media_url":"","jetpack_shortlink":"https:\/\/wp.me\/p6kHv-ab","jetpack_sharing_enabled":true,"jetpack-related-posts":[{"id":1255,"url":"https:\/\/www.edder.org\/?p=1255","url_meta":{"origin":631,"position":0},"title":"Navajo","author":"Eder","date":"viernes, 26 Nov, 2010","format":false,"excerpt":"Ahora no recuerdo lo que John Ford \u2013conocido por los indios de Utah como Natani Nez, \u201cel jefe alto\u201d\u2013 dec\u00eda de los navajos. Ya me acordar\u00e9. Jean-Luc Godard, cuya vida guarden los dioses de las praderas muchos a\u00f1os y que la pr\u00f3xima semana cumplir\u00e1 los 90, ha sacado en su\u2026","rel":"","context":"En \u00abCine\u00bb","block_context":{"text":"Cine","link":"https:\/\/www.edder.org\/?cat=79"},"img":{"alt_text":"","src":"","width":0,"height":0},"classes":[]},{"id":1265,"url":"https:\/\/www.edder.org\/?p=1265","url_meta":{"origin":631,"position":1},"title":"Ni siquiera silencio","author":"Eder","date":"viernes, 17 Dic, 2010","format":false,"excerpt":"\u00a0\u00a0 Camus dice que vio en el invierno de 1946 una gramola en la que, sin que nadie echase en ella una moneda, sonaba m\u00fasica sin parar, a todo volumen. Justamente, si alguien echaba cinco c\u00e9ntimos en el infernal aparato, obten\u00eda cinco minutos de silencio. En 1952 John Cage compuso\u2026","rel":"","context":"En \u00abM\u00fasica\u00bb","block_context":{"text":"M\u00fasica","link":"https:\/\/www.edder.org\/?cat=87"},"img":{"alt_text":"","src":"","width":0,"height":0},"classes":[]},{"id":12675,"url":"https:\/\/www.edder.org\/?p=12675","url_meta":{"origin":631,"position":2},"title":"Panglosiano y pamplon\u00e9s (valga la redundancia)","author":"Eder","date":"s\u00e1bado, 2 Ene, 2016","format":false,"excerpt":"En el Diario de Noticias de hoy (pp. 32-33) se descubre que, as\u00ed como Teruo Nakamura no se rindi\u00f3 al ej\u00e9rcito norteamericano hasta 30 a\u00f1os despu\u00e9s de que hubiese acabado la II Guerra Mundial, en los \u00faltimos treinta a\u00f1os ha habido en el ayuntamiento de Pamplona, oculto en un alg\u00fan\u2026","rel":"","context":"En \u00abNA\u00bb","block_context":{"text":"NA","link":"https:\/\/www.edder.org\/?cat=3"},"img":{"alt_text":"","src":"https:\/\/i0.wp.com\/www.edder.org\/upload\/2016\/01\/candido.jpg?resize=350%2C200&ssl=1","width":350,"height":200},"classes":[]},{"id":86,"url":"https:\/\/www.edder.org\/?p=86","url_meta":{"origin":631,"position":3},"title":"D\u00edas de cine","author":"Eder","date":"viernes, 2 Mar, 2007","format":false,"excerpt":"De vuelta al cine, \u00abotro pa\u00eds en el mapa\u00bb, que dijera Godard. Y de Godard han puesto en el festival Punto de Vista sus Momentos escogidos de Histoire(s) du Cinema. Entre mis momentos de las historias del cine est\u00e1 aqu\u00e9l en el que el operador de c\u00e1mara de Ozu, al\u2026","rel":"","context":"En \u00abSin categorizar\u00bb","block_context":{"text":"Sin categorizar","link":"https:\/\/www.edder.org\/?cat=1"},"img":{"alt_text":"","src":"","width":0,"height":0},"classes":[]},{"id":13419,"url":"https:\/\/www.edder.org\/?p=13419","url_meta":{"origin":631,"position":4},"title":"Par\u00eds-Mosc\u00fa, 1963","author":"Eder","date":"viernes, 16 Dic, 2016","format":false,"excerpt":"Par\u00eds-Mosc\u00fa, Louvre-Pushkin, Godard-Khutsiev hacia 1963. Tengo veinte a\u00f1os y corro sin parar.","rel":"","context":"En \u00abCine\u00bb","block_context":{"text":"Cine","link":"https:\/\/www.edder.org\/?cat=79"},"img":{"alt_text":"","src":"https:\/\/i0.wp.com\/www.edder.org\/upload\/2016\/12\/paris-moscu.jpg?resize=350%2C200&ssl=1","width":350,"height":200,"srcset":"https:\/\/i0.wp.com\/www.edder.org\/upload\/2016\/12\/paris-moscu.jpg?resize=350%2C200&ssl=1 1x, https:\/\/i0.wp.com\/www.edder.org\/upload\/2016\/12\/paris-moscu.jpg?resize=525%2C300&ssl=1 1.5x"},"classes":[]},{"id":12071,"url":"https:\/\/www.edder.org\/?p=12071","url_meta":{"origin":631,"position":5},"title":"El salto al Olimpo: los que pueden prometer y Prometeo","author":"Eder","date":"lunes, 3 Ago, 2015","format":false,"excerpt":"\u00a0 Buscando desesperadamente la inmortalidad\u2026 Tras asaltar los cielos para liberar a los mortales, Prometeo pas\u00f3 en el C\u00e1ucaso treinta, mil o treinta mil a\u00f1os \u2013la cifra var\u00eda seg\u00fan los cronistas\u2013. Pero Zeus, que le estaba secretamente reconocido, accedi\u00f3 a liberarlo, siempre y cuando alguien ocupara su lugar. El centauro\u2026","rel":"","context":"En \u00abArtes\u00bb","block_context":{"text":"Artes","link":"https:\/\/www.edder.org\/?cat=85"},"img":{"alt_text":"","src":"https:\/\/i0.wp.com\/www.edder.org\/upload\/2015\/08\/bono2.jpg?resize=350%2C200&ssl=1","width":350,"height":200},"classes":[]}],"jetpack_likes_enabled":true,"_links":{"self":[{"href":"https:\/\/www.edder.org\/index.php?rest_route=\/wp\/v2\/posts\/631","targetHints":{"allow":["GET"]}}],"collection":[{"href":"https:\/\/www.edder.org\/index.php?rest_route=\/wp\/v2\/posts"}],"about":[{"href":"https:\/\/www.edder.org\/index.php?rest_route=\/wp\/v2\/types\/post"}],"author":[{"embeddable":true,"href":"https:\/\/www.edder.org\/index.php?rest_route=\/wp\/v2\/users\/82"}],"replies":[{"embeddable":true,"href":"https:\/\/www.edder.org\/index.php?rest_route=%2Fwp%2Fv2%2Fcomments&post=631"}],"version-history":[{"count":0,"href":"https:\/\/www.edder.org\/index.php?rest_route=\/wp\/v2\/posts\/631\/revisions"}],"wp:attachment":[{"href":"https:\/\/www.edder.org\/index.php?rest_route=%2Fwp%2Fv2%2Fmedia&parent=631"}],"wp:term":[{"taxonomy":"category","embeddable":true,"href":"https:\/\/www.edder.org\/index.php?rest_route=%2Fwp%2Fv2%2Fcategories&post=631"},{"taxonomy":"post_tag","embeddable":true,"href":"https:\/\/www.edder.org\/index.php?rest_route=%2Fwp%2Fv2%2Ftags&post=631"}],"curies":[{"name":"wp","href":"https:\/\/api.w.org\/{rel}","templated":true}]}}