{"id":619,"date":"2010-03-26T11:46:17","date_gmt":"2010-03-26T10:46:17","guid":{"rendered":"https:\/\/www.edder.org\/?p=619"},"modified":"2018-07-27T16:37:52","modified_gmt":"2018-07-27T14:37:52","slug":"mi-reyno-es-de-este-mundo","status":"publish","type":"post","link":"https:\/\/www.edder.org\/?p=619","title":{"rendered":"Mi \u201creyno\u201d  es de este mundo"},"content":{"rendered":"<p><img class=\"lazyload\" decoding=\"async\" align=\"right\" alt=\"aingeru\" src=\"data:image\/gif;base64,R0lGODlhAQABAAAAACH5BAEKAAEALAAAAAABAAEAAAICTAEAOw==\" data-orig-src=\"https:\/\/www.edder.org\/images\/aralar.gif\" title=\"aingeru\" \/><\/p>\n<p>Es f&aacute;cil explicar en qu&eacute; consiste y por qu&eacute; persiste el poder &ndash;tradicional y real&ndash; de la Iglesia romana. La Iglesia cat&oacute;lica, se la invite o se autoinvite, est&aacute; siempre ah&iacute; para pasar revista; para levantar acta en los momentos cruciales de la vida de las personas &ndash;nacimiento, emparejamiento, &uacute;ltima despedida&ndash; y en cualquier instancia de la vida pol&iacute;tica donde pueda entrar. Llam&oacute; un cl&eacute;rigo &ndash;de m&aacute;s est&aacute; decir que cat&oacute;lico&ndash; al Parlamento y anunci&oacute; que iba para all&iacute; con el &aacute;ngel de Aralar, como es tradici&oacute;n. Aunque la democr&aacute;tica c&aacute;mara de representaci&oacute;n popular no tenga ni medio siglo de vida &ndash;ni de lejos&ndash;, en efecto es una tradici&oacute;n inmemorial &ndash;no tan inmemorial como la de lapidar a las mujeres, pero bueno&ndash; que un pastor de almas se presente en cualquier sede del poder pol&iacute;tico para cambiar impresiones y rezar unas oraciones. Todos los grupos pol&iacute;ticos, con la honrosa excepci&oacute;n de IU, estuvieron presentes en el pase de revista del &aacute;ngel, cuyo &ldquo;reyno&rdquo;, quiz&aacute; por navarro, es m&aacute;s de este mundo que otros. As&iacute; las cosas, va a ser algo excepcional encontrar a un progresista en el Parlamento del &ldquo;Reyno&rdquo; &ndash;&iquest;qu&eacute; otros parlamentos, pregunto, admiten hoy estas incursiones clericales hasta la misma cocina legislativa?&ndash;, si por progresista se entiende al que no puede admitir que el ejercicio de los poderes terrenales venga iluminado por doctrinas religiosas o acompa&ntilde;ado de ritos confesionales. Por descontado que sus se&ntilde;or&iacute;as, si el &aacute;ngel de Aralar &ndash;por &aacute;ngel, por de Aralar o por ambas cosas&ndash; les ilumina, est&aacute;n en su derecho de rendirle culto en privado &ndash;sin causar desprecio p&uacute;blico a tantos de sus representados de otras o ninguna confesi&oacute;n&ndash;, tan devotamente como gusten, en los santuarios o lugares de culto donde sea costumbre. Hace lustros que las c&aacute;maras legislativas no est&aacute;n para procesiones ni efusiones religiosas, igual que hace decenios que la soberan&iacute;a ya no es privilegio divino y exclusivo del rey. Todo eso queda para un museo ultramontano de la reacci&oacute;n, el tradicionalismo o el carlismo.<\/p>\n<p align=\"right\">Publicado en <a href=\"http:\/\/www.diariodenoticias.com\/opinion\/columnistas\/postal-expres\" target=\"blank\">Diario de Noticias<\/a><br \/>\n\t<img class=\"lazyload\" decoding=\"async\" align=\"right\" alt=\"dn\" src=\"data:image\/gif;base64,R0lGODlhAQABAAAAACH5BAEKAAEALAAAAAABAAEAAAICTAEAOw==\" data-orig-src=\"https:\/\/www.edder.org\/images\/dn.gif\" title=\"dn\" \/><\/p>\n<p>Actualizaci&oacute;n del 14 de abril de 2010:<br \/>\n\t<a href=\"http:\/\/www.parlamento-navarra.es\/57\/section.aspx?idnoticia=2069\" target=\"blank\">El &Aacute;ngel de Aralar en el Parlamento de Navarra<\/a><\/p>\n","protected":false},"excerpt":{"rendered":"<p>Es f&aacute;cil explicar en qu&eacute; consiste y por qu&eacute; persiste el poder &ndash;tradicional y real&ndash; de la Iglesia romana. La Iglesia cat&oacute;lica, se la invite o se autoinvite, est&aacute; siempre ah&iacute; para pasar revista; para levantar acta en los momentos cruciales de la vida de las personas &ndash;nacimiento, emparejamiento, &uacute;ltima despedida&ndash; y en cualquier instancia de la vida pol&iacute;tica donde pueda entrar. Llam&oacute; un cl&eacute;rigo &ndash;de m&aacute;s est&aacute; decir que cat&oacute;lico&ndash; al Parlamento y anunci&oacute; que iba para all&iacute; con el &aacute;ngel de Aralar, como es tradici&oacute;n. Aunque la democr&aacute;tica c&aacute;mara de representaci&oacute;n popular no tenga ni medio siglo de vida &ndash;ni de lejos&ndash;, en efecto es una tradici&oacute;n inmemorial &ndash;no tan inmemorial como la de lapidar a las mujeres, pero bueno&ndash; que un pastor de almas  [&#8230;]<\/p>\n","protected":false},"author":82,"featured_media":12048,"comment_status":"open","ping_status":"open","sticky":false,"template":"","format":"standard","meta":{"jetpack_post_was_ever_published":false,"_jetpack_newsletter_access":"","_jetpack_dont_email_post_to_subs":false,"_jetpack_newsletter_tier_id":0,"_jetpack_memberships_contains_paywalled_content":false,"_jetpack_memberships_contains_paid_content":false,"footnotes":"","jetpack_publicize_message":"","jetpack_publicize_feature_enabled":true,"jetpack_social_post_already_shared":false,"jetpack_social_options":{"image_generator_settings":{"template":"highway","default_image_id":0,"font":"","enabled":false},"version":2}},"categories":[3],"tags":[303],"class_list":["post-619","post","type-post","status-publish","format-standard","has-post-thumbnail","hentry","category-na","tag-nacionalcatolicismo"],"jetpack_publicize_connections":[],"jetpack_featured_media_url":"https:\/\/www.edder.org\/upload\/2010\/03\/aralar.gif","jetpack_shortlink":"https:\/\/wp.me\/p6kHv-9Z","jetpack_sharing_enabled":true,"jetpack-related-posts":[{"id":208,"url":"https:\/\/www.edder.org\/?p=208","url_meta":{"origin":619,"position":0},"title":"Tradici\u00f3n","author":"Eder","date":"viernes, 5 Dic, 2008","format":false,"excerpt":"El titular de este peri\u00f3dico lo dec\u00eda todo: \u201cEl Gobierno cumple con el precepto de asistir a la misa en Javier\u201d. En efecto, o\u00edr misa es el primero de los preceptos de la Santa Madre Iglesia. Por descontando que el D\u00eda de Navarra es d\u00eda de mucha fiesta y mucho\u2026","rel":"","context":"En \u00abNA\u00bb","block_context":{"text":"NA","link":"https:\/\/www.edder.org\/?cat=3"},"img":{"alt_text":"","src":"","width":0,"height":0},"classes":[]},{"id":19,"url":"https:\/\/www.edder.org\/?p=19","url_meta":{"origin":619,"position":1},"title":"Tradiciones y campanarios","author":"Eder","date":"viernes, 14 Oct, 2005","format":false,"excerpt":"El ruido de las campanas es centenario, eso es verdad. Ahora que, m\u00e1s centenario es el ruido de sables, pr\u00e1ctica castrense que en castellano puede nombrarse con una inusitada cantidad de t\u00e9rminos propios, por lo dem\u00e1s s\u00f3lo transferibles a las rep\u00fablicas bananeras y otras \u00e1reas de nuestra influencia: intentona, espadonazo,\u2026","rel":"","context":"En \u00abNA\u00bb","block_context":{"text":"NA","link":"https:\/\/www.edder.org\/?cat=3"},"img":{"alt_text":"","src":"","width":0,"height":0},"classes":[]},{"id":969,"url":"https:\/\/www.edder.org\/?p=969","url_meta":{"origin":619,"position":2},"title":"Luis Barrag\u00e1n, por Octavio Paz","author":"Eder","date":"mi\u00e9rcoles, 1 Sep, 2010","format":false,"excerpt":"","rel":"","context":"En \u00abArtes\u00bb","block_context":{"text":"Artes","link":"https:\/\/www.edder.org\/?cat=85"},"img":{"alt_text":"Barrag\u00e1n","src":"https:\/\/i0.wp.com\/edder.org\/images\/barragan.jpg?resize=350%2C200&ssl=1","width":350,"height":200},"classes":[]},{"id":481,"url":"https:\/\/www.edder.org\/?p=481","url_meta":{"origin":619,"position":3},"title":"Los intocables","author":"Eder","date":"viernes, 25 Sep, 2009","format":false,"excerpt":"Aciertan los dos artistas que obtuvieron una de las becas del Centro Huarte de Arte Contempor\u00e1neo y que con su obra han tratado de indagar en los secretos del monumento a los Ca\u00eddos: probablemente ser\u00e1n censurados. Ser\u00e1n censurados, no porque su trabajo no vaya a verse aqu\u00ed, que se ver\u00e1,\u2026","rel":"","context":"En \u00abNA\u00bb","block_context":{"text":"NA","link":"https:\/\/www.edder.org\/?cat=3"},"img":{"alt_text":"","src":"","width":0,"height":0},"classes":[]},{"id":137,"url":"https:\/\/www.edder.org\/?p=137","url_meta":{"origin":619,"position":4},"title":"Covadonga reinsurgente","author":"Eder","date":"viernes, 22 Feb, 2008","format":false,"excerpt":"De la protesta de la se\u00f1ora Barcina por la sentencia que insta a cambiar el nombre de algunas calles de la \u00e9poca franquista me llaman la atenci\u00f3n dos cosas. La primera es la bendita y santa ignorancia de que hace gala quien protesta. A intelectuales como Barcina no se les\u2026","rel":"","context":"En \u00abNA\u00bb","block_context":{"text":"NA","link":"https:\/\/www.edder.org\/?cat=3"},"img":{"alt_text":"","src":"","width":0,"height":0},"classes":[]},{"id":13880,"url":"https:\/\/www.edder.org\/?p=13880","url_meta":{"origin":619,"position":5},"title":"La casa que Luis Barrag\u00e1n construy\u00f3","author":"Eder","date":"domingo, 4 Feb, 2018","format":false,"excerpt":"","rel":"","context":"En \u00abArtes\u00bb","block_context":{"text":"Artes","link":"https:\/\/www.edder.org\/?cat=85"},"img":{"alt_text":"","src":"https:\/\/i0.wp.com\/www.edder.org\/upload\/2018\/02\/c7f5fb884bcae98b5de4b7273448a0fa.jpg?resize=350%2C200&ssl=1","width":350,"height":200,"srcset":"https:\/\/i0.wp.com\/www.edder.org\/upload\/2018\/02\/c7f5fb884bcae98b5de4b7273448a0fa.jpg?resize=350%2C200&ssl=1 1x, https:\/\/i0.wp.com\/www.edder.org\/upload\/2018\/02\/c7f5fb884bcae98b5de4b7273448a0fa.jpg?resize=525%2C300&ssl=1 1.5x"},"classes":[]}],"jetpack_likes_enabled":true,"_links":{"self":[{"href":"https:\/\/www.edder.org\/index.php?rest_route=\/wp\/v2\/posts\/619","targetHints":{"allow":["GET"]}}],"collection":[{"href":"https:\/\/www.edder.org\/index.php?rest_route=\/wp\/v2\/posts"}],"about":[{"href":"https:\/\/www.edder.org\/index.php?rest_route=\/wp\/v2\/types\/post"}],"author":[{"embeddable":true,"href":"https:\/\/www.edder.org\/index.php?rest_route=\/wp\/v2\/users\/82"}],"replies":[{"embeddable":true,"href":"https:\/\/www.edder.org\/index.php?rest_route=%2Fwp%2Fv2%2Fcomments&post=619"}],"version-history":[{"count":0,"href":"https:\/\/www.edder.org\/index.php?rest_route=\/wp\/v2\/posts\/619\/revisions"}],"wp:featuredmedia":[{"embeddable":true,"href":"https:\/\/www.edder.org\/index.php?rest_route=\/wp\/v2\/media\/12048"}],"wp:attachment":[{"href":"https:\/\/www.edder.org\/index.php?rest_route=%2Fwp%2Fv2%2Fmedia&parent=619"}],"wp:term":[{"taxonomy":"category","embeddable":true,"href":"https:\/\/www.edder.org\/index.php?rest_route=%2Fwp%2Fv2%2Fcategories&post=619"},{"taxonomy":"post_tag","embeddable":true,"href":"https:\/\/www.edder.org\/index.php?rest_route=%2Fwp%2Fv2%2Ftags&post=619"}],"curies":[{"name":"wp","href":"https:\/\/api.w.org\/{rel}","templated":true}]}}