{"id":617,"date":"2010-03-19T11:45:59","date_gmt":"2010-03-19T10:45:59","guid":{"rendered":"https:\/\/www.edder.org\/?p=617"},"modified":"2018-07-27T16:37:52","modified_gmt":"2018-07-27T14:37:52","slug":"cadaveres-en-el-sotano","status":"publish","type":"post","link":"https:\/\/www.edder.org\/?p=617","title":{"rendered":"Cad\u00e1veres en el s\u00f3tano"},"content":{"rendered":"<p>Se asombra la \u00faltima ganadora del Nadal, que pas\u00f3 por aqu\u00ed en gira promocional de su novela, de que los sucesivos gobiernos democr\u00e1ticos habidos tras la muerte de Franco ni se dieran por notificados de que en Espa\u00f1a hab\u00edan encontrado refugio algunos nazis, a los que nadie molest\u00f3 y menos denunci\u00f3. Es que no en vano estamos en el pa\u00eds que aun a estas alturas del siglo XXI podr\u00eda echar de la judicatura a uno de los pocos jueces que ha osado considerar dignos de ser juzgados los cr\u00edmenes de Franco \u2013que en tan buena sinton\u00eda estuvo con Hitler\u2013. Cr\u00edmenes de lesa humanidad, que no prescriben, que no deben dejar de perseguirse. C\u00f3mo se iba aqu\u00ed a molestar, y menos todav\u00eda a denunciar a unos nazis venidos del extranjero, si lo que subyace al intento de echar de la carrera judicial al juez que osa considerar como perseguibles los cr\u00edmenes del franquismo es que los cr\u00edmenes de nuestros propios filonazis no s\u00f3lo son amnistiables \u2013nuestra singular amnist\u00eda exculpar\u00eda los cr\u00edmenes de lesa humanidad que en Argentina o Chile fueron finalmente perseguidos\u2013, sino que deben ser olvidados de una maldita vez \u2013as\u00ed Barcina diciendo con fastidio aquello de que no le pidan que se acuerde y menos que repudie los cr\u00edmenes de cuando ni siquiera hab\u00eda nacido\u2013. No en vano \u00e9ste es el pa\u00eds donde han brillado por su ausencia los debates habidos en cualquier otro pa\u00eds con un pasado totalitario. No en vano este es el pa\u00eds que, si dependiera de quienes sostienen que la amnist\u00eda lo perdon\u00f3 todo y que el olvido todo lo arregla \u2013menos el da\u00f1o causado, del que prefieren no hablar, y menos reconocer\u2013, seguir\u00eda el alegre ejemplo de Pamplona, esa ciudad que finge no acordarse de su m\u00e1s horrible secreto: que tiene vergonzantemente enterrados en el s\u00f3tano \u2013en el muy c\u00e9ntrico s\u00f3tano del Monumento a los Ca\u00eddos\u2013 los cad\u00e1veres de dos figuras claves en la historia de Espa\u00f1a para el advenimiento de los cr\u00edmenes filonazis y la dictadura que sigui\u00f3 a ellos. Esa dictadura que empez\u00f3 a fabricar autoamnist\u00eda y amnesia.<\/p>\n<p align=\"right\">Publicado en <a target=\"blank\" href=\"http:\/\/www.diariodenoticias.com\/opinion\/columnistas\/postal-expres\">Diario de Noticias<\/a><br \/>\n<img class=\"lazyload\" decoding=\"async\" align=\"right\" title=\"dn\" alt=\"dn\" src=\"data:image\/gif;base64,R0lGODlhAQABAAAAACH5BAEKAAEALAAAAAABAAEAAAICTAEAOw==\" data-orig-src=\"https:\/\/www.edder.org\/images\/dn.gif\" \/><\/p>\n","protected":false},"excerpt":{"rendered":"<p>Se asombra la \u00faltima ganadora del Nadal, que pas\u00f3 por aqu\u00ed en gira promocional de su novela, de que los sucesivos gobiernos democr\u00e1ticos habidos tras la muerte de Franco ni se dieran por notificados de que en Espa\u00f1a hab\u00edan encontrado refugio algunos nazis, a los que nadie molest\u00f3 y menos denunci\u00f3. Es que no en vano estamos en el pa\u00eds que aun a estas alturas del siglo XXI podr\u00eda echar de la judicatura a uno de los pocos jueces que ha osado considerar dignos de ser juzgados los cr\u00edmenes de Franco \u2013que en tan buena sinton\u00eda estuvo con Hitler\u2013. Cr\u00edmenes de lesa humanidad, que no prescriben, que no deben dejar de perseguirse. C\u00f3mo se iba aqu\u00ed a molestar, y menos todav\u00eda a denunciar a unos nazis venidos  [&#8230;]<\/p>\n","protected":false},"author":82,"featured_media":0,"comment_status":"open","ping_status":"open","sticky":false,"template":"","format":"standard","meta":{"jetpack_post_was_ever_published":false,"_jetpack_newsletter_access":"","_jetpack_dont_email_post_to_subs":false,"_jetpack_newsletter_tier_id":0,"_jetpack_memberships_contains_paywalled_content":false,"_jetpack_memberships_contains_paid_content":false,"footnotes":"","jetpack_publicize_message":"","jetpack_publicize_feature_enabled":true,"jetpack_social_post_already_shared":false,"jetpack_social_options":{"image_generator_settings":{"template":"highway","default_image_id":0,"font":"","enabled":false},"version":2}},"categories":[3],"tags":[],"class_list":["post-617","post","type-post","status-publish","format-standard","hentry","category-na"],"jetpack_publicize_connections":[],"jetpack_featured_media_url":"","jetpack_shortlink":"https:\/\/wp.me\/p6kHv-9X","jetpack_sharing_enabled":true,"jetpack-related-posts":[{"id":204,"url":"https:\/\/www.edder.org\/?p=204","url_meta":{"origin":617,"position":0},"title":"El conflicto","author":"Eder","date":"viernes, 21 Nov, 2008","format":false,"excerpt":"En 1984, el cineasta Robert Kramer rod\u00f3 una pel\u00edcula titulada Nuestro nazi. Con el nazismo como fondo, Kramer se preguntaba por los enga\u00f1os \u2013por las mentiras y mitos\u2013 que llevan a olvidar, diferir o negar las responsabilidades personales en los \u201cconflictos hist\u00f3ricos\u201d. El siglo XX fue el siglo donde las\u2026","rel":"","context":"En \u00abNA\u00bb","block_context":{"text":"NA","link":"https:\/\/www.edder.org\/?cat=3"},"img":{"alt_text":"","src":"","width":0,"height":0},"classes":[]},{"id":646,"url":"https:\/\/www.edder.org\/?p=646","url_meta":{"origin":617,"position":1},"title":"El juez (y los verdugos)","author":"Eder","date":"domingo, 9 Ene, 2011","format":false,"excerpt":"Fotograma de Elogio del amor, de J-L. Godard. \u2022\u2022\u2022 Lo dec\u00eda todo el cronista de este peri\u00f3dico que ayer relataba la exhumaci\u00f3n de los cad\u00e1veres de cuatro desaparecidos, por fin hallados al cabo de tantos a\u00f1os, en una cuneta de Aibar: \u201cVolvieron a ver la luz que se les neg\u00f3\u2026","rel":"","context":"En \u00abSin categorizar\u00bb","block_context":{"text":"Sin categorizar","link":"https:\/\/www.edder.org\/?cat=1"},"img":{"alt_text":"","src":"","width":0,"height":0},"classes":[]},{"id":672,"url":"https:\/\/www.edder.org\/?p=672","url_meta":{"origin":617,"position":2},"title":"Garz\u00f3n o su porquero","author":"Eder","date":"viernes, 16 Abr, 2010","format":false,"excerpt":"Se puede decir m\u00e1s despacio de lo que lo dec\u00eda el otro d\u00eda el editorialista de The New York Times, pero no m\u00e1s claro: \u201cLos aut\u00e9nticos cr\u00edmenes en este caso son las desapariciones, no la investigaci\u00f3n del se\u00f1or Garz\u00f3n. Si, como parece probable, \u00e9stos fueran cr\u00edmenes contra la humanidad sometidos\u2026","rel":"","context":"En \u00abNA\u00bb","block_context":{"text":"NA","link":"https:\/\/www.edder.org\/?cat=3"},"img":{"alt_text":"","src":"","width":0,"height":0},"classes":[]},{"id":1267,"url":"https:\/\/www.edder.org\/?p=1267","url_meta":{"origin":617,"position":3},"title":"Videla","author":"Eder","date":"viernes, 24 Dic, 2010","format":false,"excerpt":"Videla vuelve a las noticias y la casualidad ha querido que hace unos d\u00edas viera H\u00f4tel Terminus, la pel\u00edcula de Marcel Ophuls. H\u00f4tel Terminus: la vida y la \u00e9poca de Klaus Barbie es una pel\u00edcula documental de cuatro horas largas \u2013TVE la puso hace unos a\u00f1os, pasadas las cuatro de\u2026","rel":"","context":"En \u00abCine\u00bb","block_context":{"text":"Cine","link":"https:\/\/www.edder.org\/?cat=79"},"img":{"alt_text":"","src":"","width":0,"height":0},"classes":[]},{"id":13108,"url":"https:\/\/www.edder.org\/?p=13108","url_meta":{"origin":617,"position":4},"title":"Cuelgamuros: turismo para nazis","author":"Eder","date":"mi\u00e9rcoles, 20 Jul, 2016","format":false,"excerpt":"Metraje sobrante de la pel\u00edcula de G\u00fcnter Schwaiger Hafner Paradise (El para\u00edso de Hafner). El SS Paul Hafner, refugiado en la Espa\u00f1a de Franco (para\u00edso para nazis), en la Espa\u00f1a de la Transici\u00f3n y en la Espa\u00f1a de la posterior partitocracia, gira visita tur\u00edstica a Cuelgamuros: \u00a0 Lectura adicional: Dinamitar\u2026","rel":"","context":"En \u00abSin categorizar\u00bb","block_context":{"text":"Sin categorizar","link":"https:\/\/www.edder.org\/?cat=1"},"img":{"alt_text":"","src":"https:\/\/i0.wp.com\/www.edder.org\/upload\/2016\/07\/cuelga.jpg?resize=350%2C200&ssl=1","width":350,"height":200},"classes":[]},{"id":1796,"url":"https:\/\/www.edder.org\/?p=1796","url_meta":{"origin":617,"position":5},"title":"Dios afeite a la reina","author":"Eder","date":"viernes, 29 Abr, 2011","format":false,"excerpt":"","rel":"","context":"En \u00abSin categorizar\u00bb","block_context":{"text":"Sin categorizar","link":"https:\/\/www.edder.org\/?cat=1"},"img":{"alt_text":"","src":"https:\/\/i0.wp.com\/edder.org\/images\/boda.jpg?resize=350%2C200","width":350,"height":200,"srcset":"https:\/\/i0.wp.com\/edder.org\/images\/boda.jpg?resize=350%2C200 1x, https:\/\/i0.wp.com\/edder.org\/images\/boda.jpg?resize=525%2C300 1.5x"},"classes":[]}],"jetpack_likes_enabled":true,"_links":{"self":[{"href":"https:\/\/www.edder.org\/index.php?rest_route=\/wp\/v2\/posts\/617","targetHints":{"allow":["GET"]}}],"collection":[{"href":"https:\/\/www.edder.org\/index.php?rest_route=\/wp\/v2\/posts"}],"about":[{"href":"https:\/\/www.edder.org\/index.php?rest_route=\/wp\/v2\/types\/post"}],"author":[{"embeddable":true,"href":"https:\/\/www.edder.org\/index.php?rest_route=\/wp\/v2\/users\/82"}],"replies":[{"embeddable":true,"href":"https:\/\/www.edder.org\/index.php?rest_route=%2Fwp%2Fv2%2Fcomments&post=617"}],"version-history":[{"count":0,"href":"https:\/\/www.edder.org\/index.php?rest_route=\/wp\/v2\/posts\/617\/revisions"}],"wp:attachment":[{"href":"https:\/\/www.edder.org\/index.php?rest_route=%2Fwp%2Fv2%2Fmedia&parent=617"}],"wp:term":[{"taxonomy":"category","embeddable":true,"href":"https:\/\/www.edder.org\/index.php?rest_route=%2Fwp%2Fv2%2Fcategories&post=617"},{"taxonomy":"post_tag","embeddable":true,"href":"https:\/\/www.edder.org\/index.php?rest_route=%2Fwp%2Fv2%2Ftags&post=617"}],"curies":[{"name":"wp","href":"https:\/\/api.w.org\/{rel}","templated":true}]}}