{"id":6,"date":"2005-09-25T23:07:31","date_gmt":"2005-09-25T21:07:31","guid":{"rendered":"https:\/\/www.edder.org\/?p=6"},"modified":"2018-07-27T16:38:47","modified_gmt":"2018-07-27T14:38:47","slug":"eternidades-eternities","status":"publish","type":"post","link":"https:\/\/www.edder.org\/?p=6","title":{"rendered":"Eternidades, eternities"},"content":{"rendered":"<p><img decoding=\"async\" src=\"data:image\/gif;base64,R0lGODlhAQABAAAAACH5BAEKAAEALAAAAAABAAEAAAICTAEAOw==\" data-orig-src=\"https:\/\/www.edder.org\/images\/pais.gif\" alt=\"pa\u00eds\" class=\"lazyload izquierda\" \/><br \/>\nHay tardes en que los editorialistas del diario londinense <em>The Times<\/em> no saben bien por d\u00f3nde tirar. El implacable <em>tic tac<\/em> del reloj les martillea en las sienes, el t\u00f3pico horror a la p\u00e1gina en blanco se apodera de ellos y un ligero nerviosismo les invade. Cuarto y mitad de lo mismo le ocurre algunas ma\u00f1anas a la alcaldesa de Pamplona. Pasados los idus de marzo, la alcaldesa de la Ciudad del Arga debi\u00f3 de tener una de esas ma\u00f1anas. A falta de mejor ocurrencia, convoc\u00f3 a la prensa a pie de obra ???como es su pr\u00e1ctica habitual???, y en la misma puerta del ayuntamiento hizo la demostraci\u00f3n de un pasmoso producto qu\u00edmico, llamado a sostener en pie a toros y corredores del encierro. Era el l\u00edquido antideslizante que se ha convertido en uno de los protagonistas indiscutibles de estos sanfermines. Para la prueba, se pudo contar con un ???divino???; pero disponer de un <em>miura<\/em> ofrec\u00eda mayores complicaciones.<!--more--><br \/>\nNadie pregunt\u00f3 a la alcaldesa de Pamplona si la chispa de tan genial ocurrencia hab\u00eda saltado por el frote de sus propias neuronas, o si era debida al profesor Franz de Copenhague, el legendario autor de los grandes inventos del <em>TBO<\/em>. Sea como fuese, las agencias de prensa, en el cumplimiento rutinario de su deber, dieron difusi\u00f3n a la noticia. Y la noticia les arregl\u00f3 la tarde a los editorialistas de <em>The Times<\/em>. A la ma\u00f1ana siguiente, <em>The Times<\/em> publicaba un editorial del que se desprend\u00eda que el l\u00edquido prodigioso les parec\u00eda bien; bien como invento del <em>TBO<\/em>. No sin iron\u00eda ???y no sin disparatar???, el editorialista invitaba a nuestra inventora a considerar  soluciones m\u00e1s realistas para la estabilidad de toros y corredores, como por ejemplo la propia extinci\u00f3n de la carrera.<br \/>\nLa sugerencia de <em>The Times<\/em> nos arregl\u00f3 no ya la tarde, sino la semana entera a editorialistas, columnistas locales y p\u00fablico en general. El tenor de la r\u00e9plica a los brit\u00e1nicos durante los d\u00edas siguientes, puede resumirse con aquella m\u00e1xima de Thoreau: <em>Don???t read<\/em> THE TIMES<em>, read the eternity<\/em>. No le\u00e1is <em>The Times<\/em> (los tiempos), leed la eternidad. La eternidad es el abismo insondable que se abre a los pies de editorialistas y columnistas cuando el <em>tic tac<\/em> del reloj sigue su curso imparable y nadie disparata, cosa que raramente ocurre. Al alcalde de Tarragona acaba de ocurr\u00edrsele la idea ???aqu\u00ed y ahora inaplicable??? de impartir cursos de formaci\u00f3n entre los camareros para que asesoren a la clientela de c\u00f3mo beber menos, y en estos sanfermines, por disposici\u00f3n de la alcald\u00eda, seguimos probando un invento digno del profesor Franz de Copenhague.<br \/>\nPero hay quien ve la eternidad en los sanfermines. Hay incluso quien no la ve fuera de ellos. Los ???momenticos???, esos inextinguibles instantes de fulgor festivo que dan plenitud metaf\u00edsica a la vida del castizo, pertenecen a ese tipo de eternidad. Vargas Llosa mismo, tras ser paseado por todos los ???momenticos??? tradicionales de las fiestas, habl\u00f3 de su eternidad de dos d\u00edas aqu\u00ed. Lo dijo, creo, espero, sin iron\u00eda ???sin la iron\u00eda de los editorialistas de <em>The Times<\/em>??? y obviando que nuestras tradiciones seculares son inventos de ayer, a veces dignos del <em>TBO<\/em>, eternizados. En cuanto al l\u00edquido prodigioso, parece que no funciona, pero seguimos con \u00e9l. Igual hace tradici\u00f3n.<\/p>\n","protected":false},"excerpt":{"rendered":"<p>Hay tardes en que los editorialistas del diario londinense The Times no saben bien por d\u00f3nde tirar. El implacable tic tac del reloj les martillea en las sienes, el t\u00f3pico horror a la p\u00e1gina en blanco se apodera de ellos y un ligero nerviosismo les invade. Cuarto y mitad de lo mismo le ocurre algunas ma\u00f1anas a la alcaldesa de Pamplona. Pasados los idus de marzo, la alcaldesa de la Ciudad del Arga debi\u00f3 de tener una de esas ma\u00f1anas. A falta de mejor ocurrencia, convoc\u00f3 a la prensa a pie de obra ???como es su pr\u00e1ctica habitual???, y en la misma puerta del ayuntamiento hizo la demostraci\u00f3n de un pasmoso producto qu\u00edmico, llamado a sostener en pie a toros y corredores del encierro. Era el l\u00edquido  [&#8230;]<\/p>\n","protected":false},"author":82,"featured_media":0,"comment_status":"open","ping_status":"open","sticky":false,"template":"","format":"standard","meta":{"jetpack_post_was_ever_published":false,"_jetpack_newsletter_access":"","_jetpack_dont_email_post_to_subs":false,"_jetpack_newsletter_tier_id":0,"_jetpack_memberships_contains_paywalled_content":false,"_jetpack_memberships_contains_paid_content":false,"footnotes":"","jetpack_publicize_message":"","jetpack_publicize_feature_enabled":true,"jetpack_social_post_already_shared":false,"jetpack_social_options":{"image_generator_settings":{"template":"highway","default_image_id":0,"font":"","enabled":false},"version":2}},"categories":[3],"tags":[],"class_list":["post-6","post","type-post","status-publish","format-standard","hentry","category-na"],"jetpack_publicize_connections":[],"jetpack_featured_media_url":"","jetpack_shortlink":"https:\/\/wp.me\/p6kHv-6","jetpack_sharing_enabled":true,"jetpack-related-posts":[{"id":60,"url":"https:\/\/www.edder.org\/?p=60","url_meta":{"origin":6,"position":0},"title":"Retrato de alcaldesa con ayuntamiento al fondo","author":"Eder","date":"viernes, 9 Jun, 2006","format":false,"excerpt":"De cosa local, leo al arabista Ambrosio Huici, nacido en Huarte y muerto en Valencia, ciudad que honra su memoria con la calle Arabista Ambrosio Huici Miranda. Un sabio, dijo de \u00e9l el consejo de sabios navarros que juzgo uno de sus primeros trabajos en 1912. Un sabio, aunque algo\u2026","rel":"","context":"En \u00abNA\u00bb","block_context":{"text":"NA","link":"https:\/\/www.edder.org\/?cat=3"},"img":{"alt_text":"","src":"https:\/\/i0.wp.com\/edder.org\/images\/barcina_salaberri.gif?resize=350%2C200","width":350,"height":200},"classes":[]},{"id":57,"url":"https:\/\/www.edder.org\/?p=57","url_meta":{"origin":6,"position":1},"title":"Altura dial\u00e9ctica","author":"Eder","date":"viernes, 19 May, 2006","format":false,"excerpt":"Pues Dios ha muerto y tampoco es que nosotros estemos muy cat\u00f3licos. Los grandes discursos murieron y tampoco es que el arte de argumentar viva horas de esplendor. Si la alcaldesa de Pamplona puede argumentar que no condena los asesinatos de seis concejales de Pamplona por haberse producido estos cuando\u2026","rel":"","context":"En \u00abNA\u00bb","block_context":{"text":"NA","link":"https:\/\/www.edder.org\/?cat=3"},"img":{"alt_text":"","src":"","width":0,"height":0},"classes":[]},{"id":571,"url":"https:\/\/www.edder.org\/?p=571","url_meta":{"origin":6,"position":2},"title":"Juan Pablo II a las tres","author":"Eder","date":"viernes, 12 Feb, 2010","format":false,"excerpt":"","rel":"","context":"En \u00abNA\u00bb","block_context":{"text":"NA","link":"https:\/\/www.edder.org\/?cat=3"},"img":{"alt_text":"","src":"","width":0,"height":0},"classes":[]},{"id":151,"url":"https:\/\/www.edder.org\/?p=151","url_meta":{"origin":6,"position":3},"title":"Distancia","author":"Eder","date":"viernes, 23 May, 2008","format":false,"excerpt":"Dir\u00edase que sinceramente abrumado por el descubrimiento, el consejero de Educaci\u00f3n, en la firma de un convenio divulgativo junto a la presidenta del Parlamento, declaraba el pasado mi\u00e9rcoles que \u201ces sorprendente el desconocimiento y la lejan\u00eda que hay entre los escolares con respecto a las instituciones navarras\u201d. El susto que\u2026","rel":"","context":"En \u00abNA\u00bb","block_context":{"text":"NA","link":"https:\/\/www.edder.org\/?cat=3"},"img":{"alt_text":"","src":"","width":0,"height":0},"classes":[]},{"id":137,"url":"https:\/\/www.edder.org\/?p=137","url_meta":{"origin":6,"position":4},"title":"Covadonga reinsurgente","author":"Eder","date":"viernes, 22 Feb, 2008","format":false,"excerpt":"De la protesta de la se\u00f1ora Barcina por la sentencia que insta a cambiar el nombre de algunas calles de la \u00e9poca franquista me llaman la atenci\u00f3n dos cosas. La primera es la bendita y santa ignorancia de que hace gala quien protesta. A intelectuales como Barcina no se les\u2026","rel":"","context":"En \u00abNA\u00bb","block_context":{"text":"NA","link":"https:\/\/www.edder.org\/?cat=3"},"img":{"alt_text":"","src":"","width":0,"height":0},"classes":[]},{"id":132,"url":"https:\/\/www.edder.org\/?p=132","url_meta":{"origin":6,"position":5},"title":"Torer\u00eda","author":"Eder","date":"viernes, 18 Ene, 2008","format":false,"excerpt":"","rel":"","context":"En \u00abNA\u00bb","block_context":{"text":"NA","link":"https:\/\/www.edder.org\/?cat=3"},"img":{"alt_text":"","src":"","width":0,"height":0},"classes":[]}],"jetpack_likes_enabled":true,"_links":{"self":[{"href":"https:\/\/www.edder.org\/index.php?rest_route=\/wp\/v2\/posts\/6","targetHints":{"allow":["GET"]}}],"collection":[{"href":"https:\/\/www.edder.org\/index.php?rest_route=\/wp\/v2\/posts"}],"about":[{"href":"https:\/\/www.edder.org\/index.php?rest_route=\/wp\/v2\/types\/post"}],"author":[{"embeddable":true,"href":"https:\/\/www.edder.org\/index.php?rest_route=\/wp\/v2\/users\/82"}],"replies":[{"embeddable":true,"href":"https:\/\/www.edder.org\/index.php?rest_route=%2Fwp%2Fv2%2Fcomments&post=6"}],"version-history":[{"count":0,"href":"https:\/\/www.edder.org\/index.php?rest_route=\/wp\/v2\/posts\/6\/revisions"}],"wp:attachment":[{"href":"https:\/\/www.edder.org\/index.php?rest_route=%2Fwp%2Fv2%2Fmedia&parent=6"}],"wp:term":[{"taxonomy":"category","embeddable":true,"href":"https:\/\/www.edder.org\/index.php?rest_route=%2Fwp%2Fv2%2Fcategories&post=6"},{"taxonomy":"post_tag","embeddable":true,"href":"https:\/\/www.edder.org\/index.php?rest_route=%2Fwp%2Fv2%2Ftags&post=6"}],"curies":[{"name":"wp","href":"https:\/\/api.w.org\/{rel}","templated":true}]}}