{"id":58,"date":"2006-05-26T18:17:52","date_gmt":"2006-05-26T16:17:52","guid":{"rendered":"https:\/\/www.edder.org\/?p=58"},"modified":"2019-09-04T17:05:21","modified_gmt":"2019-09-04T15:05:21","slug":"paradojas-de-aldea","status":"publish","type":"post","link":"https:\/\/www.edder.org\/?p=58","title":{"rendered":"Paradojas de aldea"},"content":{"rendered":"<p><div class=\"fusion-fullwidth fullwidth-box fusion-builder-row-1 nonhundred-percent-fullwidth non-hundred-percent-height-scrolling\" style=\"--awb-border-radius-top-left:0px;--awb-border-radius-top-right:0px;--awb-border-radius-bottom-right:0px;--awb-border-radius-bottom-left:0px;--awb-flex-wrap:wrap;\" ><div class=\"fusion-builder-row fusion-row\"><\/div><\/div><div class=\"fusion-fullwidth fullwidth-box fusion-builder-row-2 nonhundred-percent-fullwidth non-hundred-percent-height-scrolling\" style=\"--awb-border-radius-top-left:0px;--awb-border-radius-top-right:0px;--awb-border-radius-bottom-right:0px;--awb-border-radius-bottom-left:0px;--awb-flex-wrap:wrap;\" ><div class=\"fusion-builder-row fusion-row\"><div class=\"fusion-layout-column fusion_builder_column fusion-builder-column-0 fusion_builder_column_2_3 2_3 fusion-two-third fusion-column-first\" style=\"--awb-bg-size:cover;width:66.666666666667%;width:calc(66.666666666667% - ( ( 4% ) * 0.66666666666667 ) );margin-right: 4%;\"><div class=\"fusion-column-wrapper fusion-column-has-shadow fusion-flex-column-wrapper-legacy\"><div class=\"fusion-text fusion-text-1\"><p style=\"font-size: 17px;\" data-fusion-font=\"true\">Paradojas de la vida, que suele decirse con infinita resignaci\u00f3n. Parad\u00f3jico que el Paco Mart\u00ednez Soria que se va a la capital \u2013a vender los pollos con la etiqueta de origen del lugar, a qu\u00e9 si no\u2013, vuelva deslumbrado por la metr\u00f3poli \u2013\u00a1Madrid, qu\u00e9 anchuras!\u2013 y llamando aldeanazos a sus paisanos. Eso es lo que nos ha llamado, como no pod\u00eda ser de otra manera, el cosmopolita y multiling\u00fce Miguel Sanz tras su fugaz \u00abvoltio\u00bb por Nueva York. Paradojas de la vida y mucha, mucha resignaci\u00f3n. Al Paco Mart\u00ednez Soria que viaja a la metr\u00f3poli con sus pollos sin igual, en la capital suelen limpiarle los bolsillos, y eso es de temer que puedan haberle hecho a nuestro cosmopolita en el Instituto Tecnol\u00f3gico de Massachusetts. Los irredimibles y resabiados aldeanazos, preguntaremos lo de costumbre: \u00bfnanotecnolog\u00eda? Ya, pero \u00bfcarbura? Paradoja sobre paradoja que nuestros cosmopolitas m\u00e1s despectivos de la aldeaner\u00eda vayan a la capital a vender unas fiestas sin igual, las del pueblo. Qu\u00e9 aldeano no cree que como las fiestas del pueblo no hay otras igual. Si hasta un forastero que vino una vez a fiestas no daba cr\u00e9dito a lo que ve\u00eda. Y dando una vuelta de tuerca m\u00e1s a lo parad\u00f3jico: qu\u00e9 cosas, oiga, que a la capital vayan a vender las loas del forastero a aquellas fiestas de aldea los que las conocen m\u00e1s que nada de o\u00eddas. Ni que decir hay a los cosmopolitas que paradoja se forma con el prefijo \u2018para\u2019 (ajeno a) y la palabra \u2018doxa\u2019 (opini\u00f3n general). As\u00ed que para paradojas las que se ven por este pueblo, como que el Gobierno local contrate a una empresa llamada casualmente Doxa, sin otro prop\u00f3sito que negar lo que la opini\u00f3n general \u2013y alguna que otra sentencia judicial\u2014 ve justo y necesario: que a la emisora en una de las dos lenguas oficiales del lugar no se le quite el pan y la sal por una de esas obstinaciones cazurras tan propias de las cabezoner\u00edas de aldea. Que el ba\u00f1o de cosmopolitismo sirva para resolver estas paradojas lugare\u00f1as. Porque si no sirve para eso, como en el pueblo en ning\u00fan \u00ablao\u00bb.<\/p>\n<p style=\"font-size: 17px;\" data-fusion-font=\"true\" align=\"right\">Publicado en Diario de Noticias el 26 de mayo de 2006<\/p>\n<\/div><div class=\"fusion-clearfix\"><\/div><\/div><\/div><div class=\"fusion-layout-column fusion_builder_column fusion-builder-column-1 fusion_builder_column_1_3 1_3 fusion-one-third fusion-column-last\" style=\"--awb-bg-size:cover;width:33.333333333333%;width:calc(33.333333333333% - ( ( 4% ) * 0.33333333333333 ) );\"><div class=\"fusion-column-wrapper fusion-column-has-shadow fusion-flex-column-wrapper-legacy\"><div class=\"fusion-clearfix\"><\/div><\/div><\/div><\/div><\/div><\/p>\n","protected":false},"excerpt":{"rendered":"","protected":false},"author":82,"featured_media":0,"comment_status":"open","ping_status":"open","sticky":false,"template":"","format":"standard","meta":{"jetpack_post_was_ever_published":false,"_jetpack_newsletter_access":"","_jetpack_dont_email_post_to_subs":false,"_jetpack_newsletter_tier_id":0,"_jetpack_memberships_contains_paywalled_content":false,"_jetpack_memberships_contains_paid_content":false,"footnotes":"","jetpack_publicize_message":"","jetpack_publicize_feature_enabled":true,"jetpack_social_post_already_shared":false,"jetpack_social_options":{"image_generator_settings":{"template":"highway","default_image_id":0,"font":"","enabled":false},"version":2}},"categories":[3],"tags":[],"class_list":["post-58","post","type-post","status-publish","format-standard","hentry","category-na"],"jetpack_publicize_connections":[],"jetpack_featured_media_url":"","jetpack_shortlink":"https:\/\/wp.me\/p6kHv-W","jetpack_sharing_enabled":true,"jetpack-related-posts":[{"id":11729,"url":"https:\/\/www.edder.org\/?p=11729","url_meta":{"origin":58,"position":0},"title":"Remake","author":"Eder","date":"domingo, 31 May, 2015","format":false,"excerpt":"Secuencia de Gimme Shelter (Maysles Bros., 1970): \u00a0 \u00a0 Cartel de Una paloma se pos\u00f3 en una rama (Roy Andersson, 2014): [\/fusion_builder_column][\/fusion_builder_row][\/fusion_builder_container]","rel":"","context":"En \u00abSin categorizar\u00bb","block_context":{"text":"Sin categorizar","link":"https:\/\/www.edder.org\/?cat=1"},"img":{"alt_text":"","src":"https:\/\/i0.wp.com\/www.edder.org\/upload\/2015\/05\/Sin-ti%CC%81tulo-12.gif?resize=350%2C200&ssl=1","width":350,"height":200},"classes":[]},{"id":43861,"url":"https:\/\/www.edder.org\/?p=43861","url_meta":{"origin":58,"position":1},"title":"Neorrealismo (mi). \u00a1Corre, Sandrino, corre!","author":"Eder","date":"martes, 16 Sep, 2025","format":false,"excerpt":"","rel":"","context":"En \u00abCine\u00bb","block_context":{"text":"Cine","link":"https:\/\/www.edder.org\/?cat=79"},"img":{"alt_text":"","src":"https:\/\/i0.wp.com\/www.edder.org\/upload\/2025\/09\/sandrino.png?resize=350%2C200&ssl=1","width":350,"height":200,"srcset":"https:\/\/i0.wp.com\/www.edder.org\/upload\/2025\/09\/sandrino.png?resize=350%2C200&ssl=1 1x, https:\/\/i0.wp.com\/www.edder.org\/upload\/2025\/09\/sandrino.png?resize=525%2C300&ssl=1 1.5x, https:\/\/i0.wp.com\/www.edder.org\/upload\/2025\/09\/sandrino.png?resize=700%2C400&ssl=1 2x, https:\/\/i0.wp.com\/www.edder.org\/upload\/2025\/09\/sandrino.png?resize=1050%2C600&ssl=1 3x"},"classes":[]},{"id":44051,"url":"https:\/\/www.edder.org\/?p=44051","url_meta":{"origin":58,"position":2},"title":"Nouvelle vague (mi). \u00a1Corre, Antoine, corre!","author":"Eder","date":"lunes, 29 Sep, 2025","format":false,"excerpt":"","rel":"","context":"En \u00abCine\u00bb","block_context":{"text":"Cine","link":"https:\/\/www.edder.org\/?cat=79"},"img":{"alt_text":"","src":"https:\/\/i0.wp.com\/www.edder.org\/upload\/2025\/09\/antoine.png?resize=350%2C200&ssl=1","width":350,"height":200,"srcset":"https:\/\/i0.wp.com\/www.edder.org\/upload\/2025\/09\/antoine.png?resize=350%2C200&ssl=1 1x, https:\/\/i0.wp.com\/www.edder.org\/upload\/2025\/09\/antoine.png?resize=525%2C300&ssl=1 1.5x, https:\/\/i0.wp.com\/www.edder.org\/upload\/2025\/09\/antoine.png?resize=700%2C400&ssl=1 2x, https:\/\/i0.wp.com\/www.edder.org\/upload\/2025\/09\/antoine.png?resize=1050%2C600&ssl=1 3x, https:\/\/i0.wp.com\/www.edder.org\/upload\/2025\/09\/antoine.png?resize=1400%2C800&ssl=1 4x"},"classes":[]},{"id":44059,"url":"https:\/\/www.edder.org\/?p=44059","url_meta":{"origin":58,"position":3},"title":"Pioneros. \u00a1Corre, Buster, que te pillan!","author":"Eder","date":"viernes, 3 Oct, 2025","format":false,"excerpt":"","rel":"","context":"En \u00abCine\u00bb","block_context":{"text":"Cine","link":"https:\/\/www.edder.org\/?cat=79"},"img":{"alt_text":"","src":"https:\/\/i0.wp.com\/www.edder.org\/upload\/2025\/09\/buster.png?resize=350%2C200&ssl=1","width":350,"height":200,"srcset":"https:\/\/i0.wp.com\/www.edder.org\/upload\/2025\/09\/buster.png?resize=350%2C200&ssl=1 1x, https:\/\/i0.wp.com\/www.edder.org\/upload\/2025\/09\/buster.png?resize=525%2C300&ssl=1 1.5x, https:\/\/i0.wp.com\/www.edder.org\/upload\/2025\/09\/buster.png?resize=700%2C400&ssl=1 2x, https:\/\/i0.wp.com\/www.edder.org\/upload\/2025\/09\/buster.png?resize=1050%2C600&ssl=1 3x"},"classes":[]},{"id":44063,"url":"https:\/\/www.edder.org\/?p=44063","url_meta":{"origin":58,"position":4},"title":"Melville, Jean-Pierre. Correr en el Par\u00eds ocupado","author":"Eder","date":"martes, 30 Sep, 2025","format":false,"excerpt":"","rel":"","context":"En \u00abCine\u00bb","block_context":{"text":"Cine","link":"https:\/\/www.edder.org\/?cat=79"},"img":{"alt_text":"","src":"https:\/\/i0.wp.com\/www.edder.org\/upload\/2025\/09\/melville.png?resize=350%2C200&ssl=1","width":350,"height":200,"srcset":"https:\/\/i0.wp.com\/www.edder.org\/upload\/2025\/09\/melville.png?resize=350%2C200&ssl=1 1x, https:\/\/i0.wp.com\/www.edder.org\/upload\/2025\/09\/melville.png?resize=525%2C300&ssl=1 1.5x, https:\/\/i0.wp.com\/www.edder.org\/upload\/2025\/09\/melville.png?resize=700%2C400&ssl=1 2x, https:\/\/i0.wp.com\/www.edder.org\/upload\/2025\/09\/melville.png?resize=1050%2C600&ssl=1 3x"},"classes":[]},{"id":43566,"url":"https:\/\/www.edder.org\/?p=43566","url_meta":{"origin":58,"position":5},"title":"Accidente con huella","author":"Eder","date":"lunes, 9 Jun, 2025","format":false,"excerpt":"","rel":"","context":"En \u00abCine\u00bb","block_context":{"text":"Cine","link":"https:\/\/www.edder.org\/?cat=79"},"img":{"alt_text":"","src":"https:\/\/i0.wp.com\/www.edder.org\/upload\/2025\/06\/Screenshot-2025-06-09-at-20.26.02.png?resize=350%2C200&ssl=1","width":350,"height":200,"srcset":"https:\/\/i0.wp.com\/www.edder.org\/upload\/2025\/06\/Screenshot-2025-06-09-at-20.26.02.png?resize=350%2C200&ssl=1 1x, https:\/\/i0.wp.com\/www.edder.org\/upload\/2025\/06\/Screenshot-2025-06-09-at-20.26.02.png?resize=525%2C300&ssl=1 1.5x, https:\/\/i0.wp.com\/www.edder.org\/upload\/2025\/06\/Screenshot-2025-06-09-at-20.26.02.png?resize=700%2C400&ssl=1 2x"},"classes":[]}],"jetpack_likes_enabled":true,"_links":{"self":[{"href":"https:\/\/www.edder.org\/index.php?rest_route=\/wp\/v2\/posts\/58","targetHints":{"allow":["GET"]}}],"collection":[{"href":"https:\/\/www.edder.org\/index.php?rest_route=\/wp\/v2\/posts"}],"about":[{"href":"https:\/\/www.edder.org\/index.php?rest_route=\/wp\/v2\/types\/post"}],"author":[{"embeddable":true,"href":"https:\/\/www.edder.org\/index.php?rest_route=\/wp\/v2\/users\/82"}],"replies":[{"embeddable":true,"href":"https:\/\/www.edder.org\/index.php?rest_route=%2Fwp%2Fv2%2Fcomments&post=58"}],"version-history":[{"count":0,"href":"https:\/\/www.edder.org\/index.php?rest_route=\/wp\/v2\/posts\/58\/revisions"}],"wp:attachment":[{"href":"https:\/\/www.edder.org\/index.php?rest_route=%2Fwp%2Fv2%2Fmedia&parent=58"}],"wp:term":[{"taxonomy":"category","embeddable":true,"href":"https:\/\/www.edder.org\/index.php?rest_route=%2Fwp%2Fv2%2Fcategories&post=58"},{"taxonomy":"post_tag","embeddable":true,"href":"https:\/\/www.edder.org\/index.php?rest_route=%2Fwp%2Fv2%2Ftags&post=58"}],"curies":[{"name":"wp","href":"https:\/\/api.w.org\/{rel}","templated":true}]}}