{"id":579,"date":"2010-03-05T13:04:26","date_gmt":"2010-03-05T12:04:26","guid":{"rendered":"https:\/\/www.edder.org\/?p=579"},"modified":"2018-07-27T16:37:53","modified_gmt":"2018-07-27T14:37:53","slug":"derrotistas-habituales","status":"publish","type":"post","link":"https:\/\/www.edder.org\/?p=579","title":{"rendered":"Derrotistas habituales"},"content":{"rendered":"<p>Porque vosotros, los del NO-DO foral, le dije a uno del aparato de prensa al que me tropec\u00e9 el otro d\u00eda, \u00bfcu\u00e1ntos ser\u00e9is? \u00bfM\u00e1s que en la redacci\u00f3n del <em>New York Times<\/em>? No supo decirme el n\u00famero de los cien mil hijos de San Luis \u2013ah\u00ed queda la pregunta por si alg\u00fan estudioso de los medios de in-formaci\u00f3n de masas quiere hacerse eco de ella: \u00bfa cu\u00e1ntos constructores de la realidad emplea cada d\u00eda nuestro modern\u00edsimo e imparable aparato de prensa foral?\u2013, aunque s\u00ed que me dijo que, s\u00f3lo en las dependencias mayores del Gobierno ser\u00e1n ya m\u00e1s que en la redacci\u00f3n de cualquier otro medio del <em>Reyno<\/em>, aparte de que, mientras en otras redacciones hay m\u00e1s indios que jefes, en la magna redacci\u00f3n gubernamental abundan los grandes jefes indios, con el lujo presupuestario que eso supone. Si a eso le a\u00f1adimos los aparatos de prensa de organismos aleda\u00f1os, entidades locales y nada cr\u00edticos practicantes del deporte de cortar y pegar las notas de prensa de los gabinetes oficiales, nos ponemos cerca de las cifras no ya de la redacci\u00f3n de <em>The New York Times<\/em>, sino de las de la redacci\u00f3n de la televisi\u00f3n china en las pasadas olimpiadas. Por supuesto que ah\u00ed meto al aparato de prensa de la C\u00e1mara de Comercio de Navarra, que en un n\u00famero reciente de su revista nos contaba que su presidente \u2013cuyas actividades suelen tener en ese medio una ampl\u00edsima cobertura fotogr\u00e1fica\u2013 hab\u00eda sido nombrado c\u00f3nsul honorario de Ruman\u00eda. El c\u00f3nsul, junto a algunas grandes empresas, est\u00e1 entre los promotores de una campa\u00f1a destinada a convencernos de que, con la crisis, no es que haga fr\u00edo: es que estamos en medio de una err\u00f3nea sensaci\u00f3n t\u00e9rmica por la que, especialmente quien ni es c\u00f3nsul ni tiene trabajo, cree helarse, pero de eso nada. \u00c9ramos pocos, no \u00e9ramos m\u00e1s que los cien mil hijos de San Luis de los aparatos de prensa que andan tir\u00e1ndose los faroles de nuestro NO-DO foral y nos parieron la campa\u00f1a del no hace fr\u00edo, es una sensaci\u00f3n equivocada de usted y los derrotistas habituales, a los que quiz\u00e1 habr\u00eda que detener.<\/p>\n<p align=\"right\">Publicado en <a target=\"blank\" href=\"http:\/\/www.diariodenoticias.com\/opinion\/columnistas\/postal-expres\">Diario de Noticias<\/a><br \/>\n<img class=\"lazyload\" decoding=\"async\" align=\"right\" title=\"dn\" alt=\"dn\" src=\"data:image\/gif;base64,R0lGODlhAQABAAAAACH5BAEKAAEALAAAAAABAAEAAAICTAEAOw==\" data-orig-src=\"https:\/\/www.edder.org\/images\/dn.gif\" \/><\/p>\n","protected":false},"excerpt":{"rendered":"<p>Porque vosotros, los del NO-DO foral, le dije a uno del aparato de prensa al que me tropec\u00e9 el otro d\u00eda, \u00bfcu\u00e1ntos ser\u00e9is? \u00bfM\u00e1s que en la redacci\u00f3n del New York Times? No supo decirme el n\u00famero de los cien mil hijos de San Luis \u2013ah\u00ed queda la pregunta por si alg\u00fan estudioso de los medios de in-formaci\u00f3n de masas quiere hacerse eco de ella: \u00bfa cu\u00e1ntos constructores de la realidad emplea cada d\u00eda nuestro modern\u00edsimo e imparable aparato de prensa foral?\u2013, aunque s\u00ed que me dijo que, s\u00f3lo en las dependencias mayores del Gobierno ser\u00e1n ya m\u00e1s que en la redacci\u00f3n de cualquier otro medio del Reyno, aparte de que, mientras en otras redacciones hay m\u00e1s indios que jefes, en la magna redacci\u00f3n gubernamental abundan los  [&#8230;]<\/p>\n","protected":false},"author":82,"featured_media":0,"comment_status":"open","ping_status":"open","sticky":false,"template":"","format":"standard","meta":{"jetpack_post_was_ever_published":false,"_jetpack_newsletter_access":"","_jetpack_dont_email_post_to_subs":false,"_jetpack_newsletter_tier_id":0,"_jetpack_memberships_contains_paywalled_content":false,"_jetpack_memberships_contains_paid_content":false,"footnotes":"","jetpack_publicize_message":"","jetpack_publicize_feature_enabled":true,"jetpack_social_post_already_shared":false,"jetpack_social_options":{"image_generator_settings":{"template":"highway","default_image_id":0,"font":"","enabled":false},"version":2}},"categories":[3],"tags":[],"class_list":["post-579","post","type-post","status-publish","format-standard","hentry","category-na"],"jetpack_publicize_connections":[],"jetpack_featured_media_url":"","jetpack_shortlink":"https:\/\/wp.me\/p6kHv-9l","jetpack_sharing_enabled":true,"jetpack-related-posts":[{"id":1259,"url":"https:\/\/www.edder.org\/?p=1259","url_meta":{"origin":579,"position":0},"title":"Dietas y r\u00e9gimen (foral)","author":"Eder","date":"viernes, 3 Dic, 2010","format":false,"excerpt":"Se va como vino el subsidio de paro de 426 euros que, seg\u00fan declaraciones hechas a la prensa por Miguel Sanz \u2013el que guarda sus \u201ccuatro perras\u201d en la CAN\u2013, daban para una cena, si es que daban para eso. Cuando el presidente foral dijo aquello, la prensa no hab\u00eda\u2026","rel":"","context":"En \u00abNA\u00bb","block_context":{"text":"NA","link":"https:\/\/www.edder.org\/?cat=3"},"img":{"alt_text":"","src":"","width":0,"height":0},"classes":[]},{"id":693,"url":"https:\/\/www.edder.org\/?p=693","url_meta":{"origin":579,"position":1},"title":"\u2018Hiyab\u2019 y \u2018burka\u2019, hoy y aqu\u00ed","author":"Eder","date":"viernes, 23 Abr, 2010","format":false,"excerpt":"Cuando se vaya, echaremos de menos \u2013como ahora echamos de m\u00e1s\u2013 a ese gran estadista que es Miguel Sanz. Si Sanz anda de por medio, enti\u00e9ndase por estadista al incondicional del equipo que sin falta acude al estadio para sufrir lo que le echen y m\u00e1s. Pues en menos de\u2026","rel":"","context":"En \u00abNA\u00bb","block_context":{"text":"NA","link":"https:\/\/www.edder.org\/?cat=3"},"img":{"alt_text":"","src":"","width":0,"height":0},"classes":[]},{"id":119,"url":"https:\/\/www.edder.org\/?p=119","url_meta":{"origin":579,"position":2},"title":"Con p\u00f3lvora del Reyno","author":"Eder","date":"viernes, 23 Nov, 2007","format":false,"excerpt":"Con p\u00f3lvora del Rey, \u00a1Dios qu\u00e9 buenos ca\u00f1onazos se tiran! Y con p\u00f3lvora del Reyno, qu\u00e9 bonitos saraos se organizan. Encantadora velada, seg\u00fan rezaban ayer las cr\u00f3nicas, la celebrada en Madrid \u2013con el ameno prop\u00f3sito de confraternizar\u2013 a instancia de nuestra delegaci\u00f3n diplom\u00e1tica en la Villa y Corte. S\u00ed, la\u2026","rel":"","context":"En \u00abNA\u00bb","block_context":{"text":"NA","link":"https:\/\/www.edder.org\/?cat=3"},"img":{"alt_text":"","src":"","width":0,"height":0},"classes":[]},{"id":65,"url":"https:\/\/www.edder.org\/?p=65","url_meta":{"origin":579,"position":3},"title":"La propaganda del Reich (del Reich-no de Navarra)","author":"Eder","date":"viernes, 6 Oct, 2006","format":false,"excerpt":"","rel":"","context":"En \u00abNA\u00bb","block_context":{"text":"NA","link":"https:\/\/www.edder.org\/?cat=3"},"img":{"alt_text":"","src":"","width":0,"height":0},"classes":[]},{"id":5,"url":"https:\/\/www.edder.org\/?p=5","url_meta":{"origin":579,"position":4},"title":"Embajadores del Reyno","author":"Eder","date":"domingo, 25 Sep, 2005","format":false,"excerpt":"En la ma\u00f1ana del pasado martes 5 de julio se verific\u00f3 la primera mala cornada de los corrientes sanfermines. En efecto, esa ma\u00f1ana los peri\u00f3dicos informaban sucinta, escuetamente, de que el delegado del Gobierno de Navarra en Madrid, m\u00e1s popularmente conocido como el Se\u00f1or Embajador Plenipotenciario del Reyno","rel":"","context":"En \u00abNA\u00bb","block_context":{"text":"NA","link":"https:\/\/www.edder.org\/?cat=3"},"img":{"alt_text":"","src":"","width":0,"height":0},"classes":[]},{"id":14066,"url":"https:\/\/www.edder.org\/?p=14066","url_meta":{"origin":579,"position":5},"title":"El Gobierno (este y el otro) en procesi\u00f3n","author":"Eder","date":"mi\u00e9rcoles, 11 Abr, 2018","format":false,"excerpt":"Por lo que se ve en la foto facilitada este mediod\u00eda por el Gobierno de Navarra, este a\u00f1o (2018), como el pasado y el anterior, el Ejecutivo foral no solo ha recibido\u00a0en la puerta de la sede\u00a0 gubernamental al clero que todos los a\u00f1os por estas tradicionales fecha le visita\u2026","rel":"","context":"En \u00abNA\u00bb","block_context":{"text":"NA","link":"https:\/\/www.edder.org\/?cat=3"},"img":{"alt_text":"","src":"https:\/\/i0.wp.com\/www.edder.org\/upload\/2018\/04\/totem2.jpg?resize=350%2C200&ssl=1","width":350,"height":200},"classes":[]}],"jetpack_likes_enabled":true,"_links":{"self":[{"href":"https:\/\/www.edder.org\/index.php?rest_route=\/wp\/v2\/posts\/579","targetHints":{"allow":["GET"]}}],"collection":[{"href":"https:\/\/www.edder.org\/index.php?rest_route=\/wp\/v2\/posts"}],"about":[{"href":"https:\/\/www.edder.org\/index.php?rest_route=\/wp\/v2\/types\/post"}],"author":[{"embeddable":true,"href":"https:\/\/www.edder.org\/index.php?rest_route=\/wp\/v2\/users\/82"}],"replies":[{"embeddable":true,"href":"https:\/\/www.edder.org\/index.php?rest_route=%2Fwp%2Fv2%2Fcomments&post=579"}],"version-history":[{"count":0,"href":"https:\/\/www.edder.org\/index.php?rest_route=\/wp\/v2\/posts\/579\/revisions"}],"wp:attachment":[{"href":"https:\/\/www.edder.org\/index.php?rest_route=%2Fwp%2Fv2%2Fmedia&parent=579"}],"wp:term":[{"taxonomy":"category","embeddable":true,"href":"https:\/\/www.edder.org\/index.php?rest_route=%2Fwp%2Fv2%2Fcategories&post=579"},{"taxonomy":"post_tag","embeddable":true,"href":"https:\/\/www.edder.org\/index.php?rest_route=%2Fwp%2Fv2%2Ftags&post=579"}],"curies":[{"name":"wp","href":"https:\/\/api.w.org\/{rel}","templated":true}]}}