{"id":57,"date":"2006-05-19T19:37:21","date_gmt":"2006-05-19T17:37:21","guid":{"rendered":"https:\/\/www.edder.org\/?p=57"},"modified":"2018-07-27T16:38:41","modified_gmt":"2018-07-27T14:38:41","slug":"altura-dialectica","status":"publish","type":"post","link":"https:\/\/www.edder.org\/?p=57","title":{"rendered":"Altura dial\u00e9ctica"},"content":{"rendered":"<p>Pues Dios ha muerto y tampoco es que nosotros estemos muy cat&oacute;licos. Los grandes discursos murieron y tampoco es que el arte de argumentar viva horas de esplendor. Si la alcaldesa de Pamplona puede argumentar que no condena los asesinatos de seis concejales de Pamplona por haberse producido estos cuando ella ni hab&iacute;a nacido, los dem&aacute;s estamos excusados de expresar los juicios que hayamos podido formarnos sobre cualquier exterminio programado &ndash;incluido Auschwitz&ndash; en raz&oacute;n de las ideas, clase o condici&oacute;n, de nuestra fecha de nacimiento para atr&aacute;s. Y como en la encantadora excursi&oacute;n norteamericana de nuestra alcaldesa hab&iacute;a programada una disertaci&oacute;n sobre Hemingway a cargo de tan dial&eacute;ctica se&ntilde;ora, no creo que en la misma se haya entrado en cuestiones tan dignas de olvidarse como por qu&eacute; Hemingway, tras el triunfo de los que fusilaron a aquellos concejales, tard&oacute; tantos a&ntilde;os en querer volver a Pamplona. La dial&eacute;ctica &ndash;con perd&oacute;n&ndash; no est&aacute; muy cat&oacute;lica, ni siquiera dentro de la Iglesia del mismo nombre. Sin ir m&aacute;s lejos, en una rueda de prensa celebrada anteayer, el presidente de la Conferencia Episcopal argument&oacute; &ndash;dig&aacute;moslo as&iacute;&ndash; que el porcentaje de ciudadanos que opten por dar una parte de sus impuestos a la Iglesia &ndash;porcentaje situado ahora en un tercio de la poblaci&oacute;n&ndash; no debe ser el criterio para establecer qu&eacute; cantidad ha de entregar el Estado a esta confesi&oacute;n religiosa. Preguntado a continuaci&oacute;n por la emisora de radio que regenta la Conferencia Episcopal &ndash;cuya dial&eacute;ctica es sabido que brilla a la altura de lo m&aacute;s barrido&ndash;, el presidente Bl&aacute;zquez esgrimi&oacute; al argumento num&eacute;rico &ndash;el mismo que no vale para lo de los impuestos&ndash;: &laquo;La Cope es muy escuchada&raquo;, dijo. Si la emisora episcopal es tan escuchada y la dial&eacute;ctica anda tan poco cat&oacute;lica, cualquier d&iacute;a de estos alg&uacute;n dial&eacute;ctico &ndash;obispo o alcalde de los que no se pronuncian sobre hechos anteriores a su nacimiento&ndash;, nos sorprende reclamando al Estado una cantidad para su confesi&oacute;n determinada por las audiencias radiof&oacute;nicas.<\/p>\n<div align=\"right\">Publicado en <a href=\"http:\/\/www.noticiasdenavarra.com\/ediciones\/2006\/05\/19\/opinion\/contra.php\" target=\"blank\">Diario de Noticias<\/a><img class=\"lazyload\" decoding=\"async\" align=\"right\" alt=\"dn\" src=\"data:image\/gif;base64,R0lGODlhAQABAAAAACH5BAEKAAEALAAAAAABAAEAAAICTAEAOw==\" data-orig-src=\"https:\/\/www.edder.org\/images\/dn.gif\" title=\"dn\" \/><\/div>\n","protected":false},"excerpt":{"rendered":"<p>Pues Dios ha muerto y tampoco es que nosotros estemos muy cat&oacute;licos. Los grandes discursos murieron y tampoco es que el arte de argumentar viva horas de esplendor. Si la alcaldesa de Pamplona puede argumentar que no condena los asesinatos de seis concejales de Pamplona por haberse producido estos cuando ella ni hab&iacute;a nacido, los dem&aacute;s estamos excusados de expresar los juicios que hayamos podido formarnos sobre cualquier exterminio programado &ndash;incluido Auschwitz&ndash; en raz&oacute;n de las ideas, clase o condici&oacute;n, de nuestra fecha de nacimiento para atr&aacute;s. Y como en la encantadora excursi&oacute;n norteamericana de nuestra alcaldesa hab&iacute;a programada una disertaci&oacute;n sobre Hemingway a cargo de tan dial&eacute;ctica se&ntilde;ora, no creo que en la misma se haya entrado en cuestiones tan dignas de olvidarse como por qu&eacute;  [&#8230;]<\/p>\n","protected":false},"author":82,"featured_media":0,"comment_status":"open","ping_status":"open","sticky":false,"template":"","format":"standard","meta":{"jetpack_post_was_ever_published":false,"_jetpack_newsletter_access":"","_jetpack_dont_email_post_to_subs":false,"_jetpack_newsletter_tier_id":0,"_jetpack_memberships_contains_paywalled_content":false,"_jetpack_memberships_contains_paid_content":false,"footnotes":"","jetpack_publicize_message":"","jetpack_publicize_feature_enabled":true,"jetpack_social_post_already_shared":false,"jetpack_social_options":{"image_generator_settings":{"template":"highway","default_image_id":0,"font":"","enabled":false},"version":2}},"categories":[3],"tags":[],"class_list":["post-57","post","type-post","status-publish","format-standard","hentry","category-na"],"jetpack_publicize_connections":[],"jetpack_featured_media_url":"","jetpack_shortlink":"https:\/\/wp.me\/p6kHv-V","jetpack_sharing_enabled":true,"jetpack-related-posts":[{"id":11,"url":"https:\/\/www.edder.org\/?p=11","url_meta":{"origin":57,"position":0},"title":"Familia unida","author":"Eder","date":"domingo, 25 Sep, 2005","format":false,"excerpt":"En el d\u00eda de la ofrenda infantil a San Ferm\u00edn, la letrilla que dice, ???A San Ferm\u00edn pedimos, por ser nuestro patr\u00f3n, nos gu\u00ede en el encierro, d\u00e1ndonos su bendici\u00f3n???, este a\u00f1o se convirti\u00f3 en: ???A San Ferm\u00edn pedimos, por ser nuestro patr\u00f3n, nos guarde a la familia, d\u00e1ndole su\u2026","rel":"","context":"En \u00abNA\u00bb","block_context":{"text":"NA","link":"https:\/\/www.edder.org\/?cat=3"},"img":{"alt_text":"","src":"","width":0,"height":0},"classes":[]},{"id":6,"url":"https:\/\/www.edder.org\/?p=6","url_meta":{"origin":57,"position":1},"title":"Eternidades, eternities","author":"Eder","date":"domingo, 25 Sep, 2005","format":false,"excerpt":"Hay tardes en que los editorialistas del diario londinense The Times no saben bien por d\u00f3nde tirar. El implacable tic tac del reloj les martillea en las sienes, el t\u00f3pico horror a la p\u00e1gina en blanco se apodera de ellos y un ligero nerviosismo les invade. Cuarto y mitad de\u2026","rel":"","context":"En \u00abNA\u00bb","block_context":{"text":"NA","link":"https:\/\/www.edder.org\/?cat=3"},"img":{"alt_text":"","src":"","width":0,"height":0},"classes":[]},{"id":12813,"url":"https:\/\/www.edder.org\/?p=12813","url_meta":{"origin":57,"position":2},"title":"Jueves Santo en Pamplona: Luz divina","author":"Eder","date":"jueves, 24 Mar, 2016","format":false,"excerpt":"","rel":"","context":"En \u00abArtes\u00bb","block_context":{"text":"Artes","link":"https:\/\/www.edder.org\/?cat=85"},"img":{"alt_text":"","src":"https:\/\/i0.wp.com\/www.edder.org\/upload\/2016\/03\/1.jpg?resize=350%2C200&ssl=1","width":350,"height":200},"classes":[]},{"id":40380,"url":"https:\/\/www.edder.org\/?p=40380","url_meta":{"origin":57,"position":3},"title":"\u00abLuz divina\u00bb, Lorenzo Aguirre, Jueves Santo en Pamplona","author":"Eder","date":"jueves, 1 Abr, 2021","format":false,"excerpt":"","rel":"","context":"En \u00abArtes\u00bb","block_context":{"text":"Artes","link":"https:\/\/www.edder.org\/?cat=85"},"img":{"alt_text":"","src":"https:\/\/i0.wp.com\/www.edder.org\/upload\/2021\/04\/aguirre.jpg?resize=350%2C200&ssl=1","width":350,"height":200},"classes":[]},{"id":8,"url":"https:\/\/www.edder.org\/?p=8","url_meta":{"origin":57,"position":4},"title":"Locos romanos","author":"Eder","date":"domingo, 25 Sep, 2005","format":false,"excerpt":"El A San Ferm\u00edn pedimos que los corredores del encierro cantan cada ma\u00f1ana ante la efigie del \u00eddolo tiene algo de \u00abAve, C\u00e9sar, los que van a morir te saludan\u00bb. M\u00e1xime cuando la invocaci\u00f3n ritual va acompa\u00f1ada de ese gesto tan romano que consiste en alzar los pu\u00f1os hacia el\u2026","rel":"","context":"En \u00abNA\u00bb","block_context":{"text":"NA","link":"https:\/\/www.edder.org\/?cat=3"},"img":{"alt_text":"","src":"","width":0,"height":0},"classes":[]},{"id":60,"url":"https:\/\/www.edder.org\/?p=60","url_meta":{"origin":57,"position":5},"title":"Retrato de alcaldesa con ayuntamiento al fondo","author":"Eder","date":"viernes, 9 Jun, 2006","format":false,"excerpt":"De cosa local, leo al arabista Ambrosio Huici, nacido en Huarte y muerto en Valencia, ciudad que honra su memoria con la calle Arabista Ambrosio Huici Miranda. Un sabio, dijo de \u00e9l el consejo de sabios navarros que juzgo uno de sus primeros trabajos en 1912. Un sabio, aunque algo\u2026","rel":"","context":"En \u00abNA\u00bb","block_context":{"text":"NA","link":"https:\/\/www.edder.org\/?cat=3"},"img":{"alt_text":"","src":"https:\/\/i0.wp.com\/edder.org\/images\/barcina_salaberri.gif?resize=350%2C200","width":350,"height":200},"classes":[]}],"jetpack_likes_enabled":true,"_links":{"self":[{"href":"https:\/\/www.edder.org\/index.php?rest_route=\/wp\/v2\/posts\/57","targetHints":{"allow":["GET"]}}],"collection":[{"href":"https:\/\/www.edder.org\/index.php?rest_route=\/wp\/v2\/posts"}],"about":[{"href":"https:\/\/www.edder.org\/index.php?rest_route=\/wp\/v2\/types\/post"}],"author":[{"embeddable":true,"href":"https:\/\/www.edder.org\/index.php?rest_route=\/wp\/v2\/users\/82"}],"replies":[{"embeddable":true,"href":"https:\/\/www.edder.org\/index.php?rest_route=%2Fwp%2Fv2%2Fcomments&post=57"}],"version-history":[{"count":0,"href":"https:\/\/www.edder.org\/index.php?rest_route=\/wp\/v2\/posts\/57\/revisions"}],"wp:attachment":[{"href":"https:\/\/www.edder.org\/index.php?rest_route=%2Fwp%2Fv2%2Fmedia&parent=57"}],"wp:term":[{"taxonomy":"category","embeddable":true,"href":"https:\/\/www.edder.org\/index.php?rest_route=%2Fwp%2Fv2%2Fcategories&post=57"},{"taxonomy":"post_tag","embeddable":true,"href":"https:\/\/www.edder.org\/index.php?rest_route=%2Fwp%2Fv2%2Ftags&post=57"}],"curies":[{"name":"wp","href":"https:\/\/api.w.org\/{rel}","templated":true}]}}